{"id":40362,"date":"2025-03-06T10:21:58","date_gmt":"2025-03-06T07:21:58","guid":{"rendered":"https:\/\/mersinkadingazetesi.com\/?p=40362"},"modified":"2025-03-06T10:21:58","modified_gmt":"2025-03-06T07:21:58","slug":"baskan-secer-milletimiz-birbirini-seven-sayan-dunyanin-en-caliskan-en-asil-milletidir","status":"publish","type":"post","link":"https:\/\/mersinkadingazetesi.com\/?p=40362","title":{"rendered":"BA\u015eKAN SE\u00c7ER: &#8220;M\u0130LLET\u0130M\u0130Z; B\u0130RB\u0130R\u0130N\u0130 SEVEN, SAYAN, D\u00dcNYANIN EN \u00c7ALI\u015eKAN, EN AS\u0130L M\u0130LLET\u0130D\u0130R&#8221;"},"content":{"rendered":"\n<p>Mersin B\u00fcy\u00fck\u015fehir Belediye Ba\u015fkan\u0131 Vahap Se\u00e7er ve Meral Se\u00e7er, Erdemli Alata Mahallesi Kapal\u0131 Pazar Yeri&#8217;nde kurulan iftar sofras\u0131nda vatanda\u015flarla bir araya geldi. B\u00fcy\u00fck\u015fehir Belediyesi&#8217;nin d\u00fczenledi\u011fi ve yo\u011fun kat\u0131l\u0131m\u0131n oldu\u011fu programda, Ba\u015fkan Se\u00e7er iftar \u00f6ncesinde halkla sohbet ederek Ramazan ay\u0131n\u0131n manevi atmosferini payla\u015ft\u0131.<\/p>\n\n\n\n<p>Erdemli Belediye Ba\u015fkan\u0131 Mustafa Kara taraf\u0131ndan kar\u015f\u0131lanan ve Erdemlililerin yo\u011fun ilgi g\u00f6sterdi\u011fi Se\u00e7er&#8217;e e\u015fi Meral Se\u00e7er ile kendisinin kara kalemle \u00e7izilmi\u015f portresi hediye edildi. Ezan\u0131n okunmas\u0131yla beraber Se\u00e7er, vatanda\u015flarla beraber iftar ger\u00e7ekle\u015ftirdi.<\/p>\n\n\n\n<p><strong>&#8220;Milletimiz; birbirini seven, sayan, d\u00fcnyan\u0131n en \u00e7al\u0131\u015fkan, en asil milletidir&#8221;<\/strong><\/p>\n\n\n\n<p>\u0130ftar yeme\u011fine kat\u0131lan yurtta\u015flara hitaben yapt\u0131\u011f\u0131 konu\u015fmas\u0131na&nbsp;<strong>&#8220;Hay\u0131rl\u0131 Ramazanlar olsun. Hep b\u00f6yle bir arada olal\u0131m. Birli\u011fimiz, beraberli\u011fimiz, \u00fclkemizin huzuru daim olsun&#8221;<\/strong>&nbsp;diyerek ba\u015flayan Ba\u015fkan Se\u00e7er, yenilen yemeklerin, vatanda\u015flar\u0131n devlete \u00f6dedi\u011fi vergilerden B\u00fcy\u00fck\u015fehir Belediyesi&#8217;ne aktar\u0131lan kaynaklar ile pi\u015firildi\u011fini belirterek,&nbsp;<strong>&#8220;Kesenize bereket olsun. Milletimiz \u00e7al\u0131\u015f\u0131yor. Milletimiz; birbirini seven, sayan, d\u00fcnyan\u0131n en \u00e7al\u0131\u015fkan, en asil milletidir&#8221;<\/strong>&nbsp;dedi.<\/p>\n\n\n\n<p><strong>&#8220;Biz g\u00f6revimizi ayr\u0131m yapmadan, insanlar\u0131 \u00fczmeden yap\u0131yoruz&#8221;<\/strong><\/p>\n\n\n\n<p>\u00dclkede ya\u015fan\u0131lan t\u00fcm sorunlar\u0131n birlik ve beraberlik i\u00e7erisinde a\u015f\u0131labilece\u011fini s\u00f6yleyen Se\u00e7er, 6 y\u0131ld\u0131r t\u00fcm il\u00e7elerde oldu\u011fu gibi Erdemli&#8217;de de hi\u00e7bir ayr\u0131m yapmaks\u0131z\u0131n yurtta\u015flara hizmet sunduklar\u0131n\u0131 s\u00f6yledi. Se\u00e7er,&nbsp;<strong>&#8220;Bir vatanda\u015f\u0131m\u0131z\u0131n siyasi g\u00f6r\u00fc\u015f\u00fc, b\u00f6lgesi, etnik yap\u0131s\u0131, zenginli\u011fi, fakirli\u011fi, \u00e7e\u015fitlili\u011fi o ki\u015finin onuru ve \u015ferefidir. Bizim i\u00e7in bu g\u00fczel \u00fclkenin vatanda\u015f\u0131 herkes birdir, e\u015fittir. Biz g\u00f6revimizi ayr\u0131m yapmadan, insanlar\u0131 \u00fczmeden,&nbsp;<em>&#8216;Benden de\u011fil, farkl\u0131 partilerdensin, farkl\u0131 siyaset\u00e7ileri destekliyorsun&#8217;<\/em>&nbsp;demeden yap\u0131yoruz. Bunlar vicdanen kabul etmedi\u011fimiz konular. 6 y\u0131ld\u0131r Mersin B\u00fcy\u00fck\u015fehir Belediyesi olarak buraya b\u00fct\u00fcn imkanlar\u0131m\u0131z\u0131 seferber ederek hizmet sunuyoruz. Hangi k\u00f6yde ne sorun var, o k\u00f6y bize oy vermi\u015f vermemi\u015f, asla bunu g\u00f6rmeden, hangi mahallede, hangi evde sorun var, nas\u0131l \u00e7\u00f6zebiliriz? Hizmeti nas\u0131l adaletli g\u00f6t\u00fcrebiliriz? Biz bunun m\u00fccadelesini veririz&#8221;<\/strong>&nbsp;diye konu\u015ftu.<\/p>\n\n\n\n<p>Erdemli halk\u0131na hizmet etmeye devam edeceklerini belirten ve yo\u011fun kat\u0131l\u0131mdan dolay\u0131 Erdemlililere te\u015fekk\u00fcr eden Se\u00e7er,&nbsp;<strong>&#8220;Ge\u00e7ti\u011fimiz Ramazanda yine buradayd\u0131k. Yine b\u00f6yle h\u0131nca h\u0131n\u00e7 doluydu. Se\u00e7im \u00f6ncesiydi,&nbsp;<em>&#8216;\u00c7ok kalabal\u0131k var herhalde se\u00e7im \u00f6ncesi oldu\u011fu i\u00e7in&#8217;<\/em>&nbsp;demi\u015ftim. Yan\u0131lm\u0131\u015f\u0131m. \u015eu anda se\u00e7im yok, ama burada yine yo\u011fun kat\u0131l\u0131m var. \u00c7\u00fcnk\u00fc samimi sevgi var. Samimi olarak bir arada olma arzusu var. Mersin B\u00fcy\u00fck\u015fehir Belediye Ba\u015fkan\u0131 hangi partiden olursa olsun, vatanda\u015f\u0131n g\u00f6nl\u00fcne girmi\u015fse, vatanda\u015f\u0131n itibar\u0131n\u0131, g\u00fcvenini kazanm\u0131\u015fsa, i\u015fte b\u00f6yle iftar zamanlar\u0131nda belediyenin davetine herkes gelir, meydanlar\u0131 da h\u0131nca h\u0131n\u00e7 doldurur. Kalp kalbe kar\u015f\u0131d\u0131r. Bizler sizleri seviyoruz. Sizin sevginizden, sayg\u0131n\u0131zdan da onur duyuyoruz&#8221;<\/strong>&nbsp;ifadelerini kulland\u0131.&nbsp;<\/p>\n\n\n\n<p><strong>&#8220;Bize verdi\u011finiz sevgiyi, g\u00fcveni bo\u015fa \u00e7\u0131karmayaca\u011f\u0131z&#8221;<\/strong><\/p>\n\n\n\n<p>Marifetin iltifata tabi oldu\u011funu, siyasilere verilecek iltifat\u0131n ise sand\u0131kta oy oldu\u011funu dile getiren Se\u00e7er,&nbsp;<strong>&#8220;Bizleri ge\u00e7en se\u00e7imlerde desteklediniz. Bu vefay\u0131 g\u00f6sterdi\u011finiz i\u00e7in Erdemli halk\u0131na te\u015fekk\u00fcr ediyorum. Y\u00fcre\u011finize sa\u011fl\u0131k. Bize verdi\u011finiz sevgiyi, g\u00fcveni bo\u015fa \u00e7\u0131karmayaca\u011f\u0131z. Biz ailenizden biriyiz, b\u00f6yle kabul edin. Ba\u015fkanl\u0131\u011f\u0131 bir yana koyun, ben ailenizden biriyim. Benim ailem de sizin aileniz. Mersin B\u00fcy\u00fck\u015fehir Belediyesi&#8217;nin her bir bireyi, emek eden her bir bireyi, bu ailenin bir ferdidir. Vatanda\u015flar\u0131m\u0131zla i\u00e7 i\u00e7edir. Ayr\u0131m yapmaz, sayg\u0131da asla kusur etmez. Sevginin de en b\u00fcy\u00fc\u011f\u00fcn\u00fc g\u00f6sterir&#8221;<\/strong>&nbsp;s\u00f6zlerine yer verdi.<\/p>\n\n\n\n<p><strong>&#8220;Yar\u0131nlara daha g\u00fczel bir \u00fclke b\u0131rakmak i\u00e7in hep beraber \u00e7al\u0131\u015faca\u011f\u0131z&#8221;<\/strong><\/p>\n\n\n\n<p><strong>&#8220;Bizim yolumuz belli; Ulu \u00d6nder Mustafa Kemal Atat\u00fcrk&#8217;\u00fcn yoludur&#8221;<\/strong>&nbsp;diyerek s\u00f6zlerini s\u00fcrd\u00fcren Se\u00e7er,&nbsp;<strong>&#8220;Bayra\u011f\u0131m\u0131z, ay-y\u0131ld\u0131zl\u0131 al bayrak. Bizim i\u00e7in gerisi teferruat. Hepimiz bu \u00fclkenin gelece\u011fi i\u00e7in, \u00e7ocuklar\u0131m\u0131z\u0131n, torunlar\u0131m\u0131z\u0131n yar\u0131nlar\u0131 i\u00e7in, onlara daha g\u00fczel bir \u00fclke b\u0131rakmak i\u00e7in hep beraber \u00e7al\u0131\u015faca\u011f\u0131z. Birlikten kuvvet do\u011far. Hepinizi seviyorum&#8221;<\/strong>&nbsp;diyerek konu\u015fmas\u0131n\u0131 sonland\u0131rd\u0131.<\/p>\n","protected":false},"excerpt":{"rendered":"<p>Mersin B\u00fcy\u00fck\u015fehir Belediye Ba\u015fkan\u0131 Vahap Se\u00e7er ve Meral Se\u00e7er, Erdemli Alata Mahallesi Kapal\u0131 Pazar Yeri&#8217;nde kurulan iftar sofras\u0131nda vatanda\u015flarla bir araya geldi. B\u00fcy\u00fck\u015fehir Belediyesi&#8217;nin d\u00fczenledi\u011fi ve yo\u011fun kat\u0131l\u0131m\u0131n oldu\u011fu programda, Ba\u015fkan Se\u00e7er iftar \u00f6ncesinde halkla sohbet ederek Ramazan ay\u0131n\u0131n manevi atmosferini payla\u015ft\u0131. Erdemli Belediye Ba\u015fkan\u0131 Mustafa Kara taraf\u0131ndan kar\u015f\u0131lanan ve Erdemlililerin yo\u011fun ilgi g\u00f6sterdi\u011fi Se\u00e7er&#8217;e [&hellip;]<\/p>\n","protected":false},"author":2,"featured_media":40363,"comment_status":"closed","ping_status":"closed","sticky":false,"template":"","format":"standard","meta":{"footnotes":""},"categories":[3],"tags":[],"class_list":["post-40362","post","type-post","status-publish","format-standard","has-post-thumbnail","hentry","category-manset"],"views":4,"_links":{"self":[{"href":"https:\/\/mersinkadingazetesi.com\/index.php?rest_route=\/wp\/v2\/posts\/40362"}],"collection":[{"href":"https:\/\/mersinkadingazetesi.com\/index.php?rest_route=\/wp\/v2\/posts"}],"about":[{"href":"https:\/\/mersinkadingazetesi.com\/index.php?rest_route=\/wp\/v2\/types\/post"}],"author":[{"embeddable":true,"href":"https:\/\/mersinkadingazetesi.com\/index.php?rest_route=\/wp\/v2\/users\/2"}],"replies":[{"embeddable":true,"href":"https:\/\/mersinkadingazetesi.com\/index.php?rest_route=%2Fwp%2Fv2%2Fcomments&post=40362"}],"version-history":[{"count":1,"href":"https:\/\/mersinkadingazetesi.com\/index.php?rest_route=\/wp\/v2\/posts\/40362\/revisions"}],"predecessor-version":[{"id":40364,"href":"https:\/\/mersinkadingazetesi.com\/index.php?rest_route=\/wp\/v2\/posts\/40362\/revisions\/40364"}],"wp:featuredmedia":[{"embeddable":true,"href":"https:\/\/mersinkadingazetesi.com\/index.php?rest_route=\/wp\/v2\/media\/40363"}],"wp:attachment":[{"href":"https:\/\/mersinkadingazetesi.com\/index.php?rest_route=%2Fwp%2Fv2%2Fmedia&parent=40362"}],"wp:term":[{"taxonomy":"category","embeddable":true,"href":"https:\/\/mersinkadingazetesi.com\/index.php?rest_route=%2Fwp%2Fv2%2Fcategories&post=40362"},{"taxonomy":"post_tag","embeddable":true,"href":"https:\/\/mersinkadingazetesi.com\/index.php?rest_route=%2Fwp%2Fv2%2Ftags&post=40362"}],"curies":[{"name":"wp","href":"https:\/\/api.w.org\/{rel}","templated":true}]}}