{"id":40365,"date":"2025-03-06T10:23:52","date_gmt":"2025-03-06T07:23:52","guid":{"rendered":"https:\/\/mersinkadingazetesi.com\/?p=40365"},"modified":"2025-03-06T10:23:52","modified_gmt":"2025-03-06T07:23:52","slug":"kiz-anadolu-imam-hatip-lisesinde-iftar","status":"publish","type":"post","link":"https:\/\/mersinkadingazetesi.com\/?p=40365","title":{"rendered":"KIZ ANADOLU \u0130MAM HAT\u0130P L\u0130SES\u0130&#8217;NDE \u0130FTAR"},"content":{"rendered":"\n<p>Vali Yard\u0131mc\u0131m\u0131z Say\u0131n Ahmet \u00c7\u0131rako\u011flu, e\u015fi Say\u0131n Meliha Didem \u00c7\u0131rako\u011flu Han\u0131mefendi ile birlikte \u015eehit K\u00fcbra Do\u011fanay K\u0131z Anadolu \u0130mam Hatip Lisesinde d\u00fczenlenen iftar program\u0131na kat\u0131ld\u0131.<\/p>\n\n\n\n<p>\u0130l Mill\u00ee E\u011fitim M\u00fcd\u00fcr\u00fc Fazilet Durmu\u015f&#8217;un ev sahipli\u011finde ger\u00e7ekle\u015fen iftar program\u0131nda iftar\u0131n ard\u0131ndan ilahi dinletisi yap\u0131ld\u0131. Dinletinin devam\u0131nda Vali Yard\u0131mc\u0131m\u0131z Say\u0131n Ahmet \u00c7\u0131rako\u011flu, e\u015fi Say\u0131n Meliha Didem \u00c7\u0131rako\u011flu Han\u0131mefendi ve \u0130l Mill\u00ee E\u011fitim M\u00fcd\u00fcr\u00fc Fazilet Durmu\u015f \u00f6\u011frenci ve \u00f6\u011fretmenlerimizle sohbet ederek Ramazan ay\u0131n\u0131n manevi iklimine ve dayan\u0131\u015fma ruhuna vurgu yapt\u0131.&nbsp;<\/p>\n\n\n\n<p>Programa Vali Yard\u0131mc\u0131m\u0131z Say\u0131n Ahmet \u00c7\u0131rako\u011flu, e\u015fi Say\u0131n Meliha Didem \u00c7\u0131rako\u011flu Han\u0131mefendi, \u0130l Mill\u00ee E\u011fitim M\u00fcd\u00fcr\u00fc Fazilet Durmu\u015f, Yeni\u015fehir \u0130l\u00e7e Mill\u00ee E\u011fitim M\u00fcd\u00fcr\u00fc Necmeddin Din\u00e7, \u0130l Mill\u00ee E\u011fitim \u015eube M\u00fcd\u00fcr\u00fc \u00d6nder Sar\u0131, \u00e7ok say\u0131da \u00f6\u011fretmen ve \u00f6\u011frenci kat\u0131ld\u0131.<\/p>\n\n\n\n<p><a href=\"https:\/\/mersin.meb.gov.tr\/meb_iys_dosyalar\/2025_03\/05101517_whatsappimage20250305at09.45.35.jpg\" target=\"_blank\" rel=\"noreferrer noopener\"><\/a><\/p>\n\n\n\n<p><\/p>\n","protected":false},"excerpt":{"rendered":"<p>Vali Yard\u0131mc\u0131m\u0131z Say\u0131n Ahmet \u00c7\u0131rako\u011flu, e\u015fi Say\u0131n Meliha Didem \u00c7\u0131rako\u011flu Han\u0131mefendi ile birlikte \u015eehit K\u00fcbra Do\u011fanay K\u0131z Anadolu \u0130mam Hatip Lisesinde d\u00fczenlenen iftar program\u0131na kat\u0131ld\u0131. \u0130l Mill\u00ee E\u011fitim M\u00fcd\u00fcr\u00fc Fazilet Durmu\u015f&#8217;un ev sahipli\u011finde ger\u00e7ekle\u015fen iftar program\u0131nda iftar\u0131n ard\u0131ndan ilahi dinletisi yap\u0131ld\u0131. Dinletinin devam\u0131nda Vali Yard\u0131mc\u0131m\u0131z Say\u0131n Ahmet \u00c7\u0131rako\u011flu, e\u015fi Say\u0131n Meliha Didem \u00c7\u0131rako\u011flu Han\u0131mefendi ve [&hellip;]<\/p>\n","protected":false},"author":2,"featured_media":40366,"comment_status":"closed","ping_status":"closed","sticky":false,"template":"","format":"standard","meta":{"footnotes":""},"categories":[3],"tags":[],"class_list":["post-40365","post","type-post","status-publish","format-standard","has-post-thumbnail","hentry","category-manset"],"views":17,"_links":{"self":[{"href":"https:\/\/mersinkadingazetesi.com\/index.php?rest_route=\/wp\/v2\/posts\/40365"}],"collection":[{"href":"https:\/\/mersinkadingazetesi.com\/index.php?rest_route=\/wp\/v2\/posts"}],"about":[{"href":"https:\/\/mersinkadingazetesi.com\/index.php?rest_route=\/wp\/v2\/types\/post"}],"author":[{"embeddable":true,"href":"https:\/\/mersinkadingazetesi.com\/index.php?rest_route=\/wp\/v2\/users\/2"}],"replies":[{"embeddable":true,"href":"https:\/\/mersinkadingazetesi.com\/index.php?rest_route=%2Fwp%2Fv2%2Fcomments&post=40365"}],"version-history":[{"count":1,"href":"https:\/\/mersinkadingazetesi.com\/index.php?rest_route=\/wp\/v2\/posts\/40365\/revisions"}],"predecessor-version":[{"id":40367,"href":"https:\/\/mersinkadingazetesi.com\/index.php?rest_route=\/wp\/v2\/posts\/40365\/revisions\/40367"}],"wp:featuredmedia":[{"embeddable":true,"href":"https:\/\/mersinkadingazetesi.com\/index.php?rest_route=\/wp\/v2\/media\/40366"}],"wp:attachment":[{"href":"https:\/\/mersinkadingazetesi.com\/index.php?rest_route=%2Fwp%2Fv2%2Fmedia&parent=40365"}],"wp:term":[{"taxonomy":"category","embeddable":true,"href":"https:\/\/mersinkadingazetesi.com\/index.php?rest_route=%2Fwp%2Fv2%2Fcategories&post=40365"},{"taxonomy":"post_tag","embeddable":true,"href":"https:\/\/mersinkadingazetesi.com\/index.php?rest_route=%2Fwp%2Fv2%2Ftags&post=40365"}],"curies":[{"name":"wp","href":"https:\/\/api.w.org\/{rel}","templated":true}]}}