{"id":40368,"date":"2025-03-06T10:25:45","date_gmt":"2025-03-06T07:25:45","guid":{"rendered":"https:\/\/mersinkadingazetesi.com\/?p=40368"},"modified":"2025-03-06T10:25:45","modified_gmt":"2025-03-06T07:25:45","slug":"mersinde-dezenformasyonla-mucadelede-gorev-alacak-gonullu-egitimciler-belirleniyor","status":"publish","type":"post","link":"https:\/\/mersinkadingazetesi.com\/?p=40368","title":{"rendered":"MERS\u0130N&#8217;DE DEZENFORMASYONLA M\u00dcCADELEDE G\u00d6REV ALACAK G\u00d6N\u00dcLL\u00dc E\u011e\u0130T\u0130MC\u0130LER BEL\u0130RLEN\u0130YOR\u00a0"},"content":{"rendered":"\n<p>Mersin&#8217;de, Cumhurba\u015fkanl\u0131\u011f\u0131 \u0130leti\u015fim Ba\u015fkanl\u0131\u011f\u0131nca kamuda g\u00f6revli g\u00f6n\u00fcll\u00fc e\u011fiticilere y\u00f6nelik dezenformasyonla m\u00fccadele e\u011fitimleri ba\u015flad\u0131.<\/p>\n\n\n\n<p>Valilik himayesinde, Cumhurba\u015fkanl\u0131\u011f\u0131 \u0130leti\u015fim Ba\u015fkanl\u0131\u011f\u0131 Adana B\u00f6lge M\u00fcd\u00fcrl\u00fc\u011f\u00fc, Mersin \u00dcniversitesi (ME\u00dc), Gen\u00e7lik ve Spor \u0130l M\u00fcd\u00fcrl\u00fc\u011f\u00fc, \u0130l Mill\u00ee&nbsp;E\u011fitim M\u00fcd\u00fcrl\u00fc\u011f\u00fc ve TRT \u00c7ukurova B\u00f6lge M\u00fcd\u00fcrl\u00fc\u011f\u00fc aras\u0131nda imzalanan &#8220;Dezenformasyonla M\u00fccadele Kurumlar Aras\u0131 \u0130\u015fbirli\u011fi Protokol\u00fc&#8221; kapsam\u0131nda haz\u0131rlanan &#8220;Dezenformasyonla M\u00fccadele E\u011fitici E\u011fitimi&#8221;nin a\u00e7\u0131l\u0131\u015f program\u0131, ME\u00dc \u00c7iftlikk\u00f6y Yerle\u015fkesi&#8217;ndeki Prof. Dr. U\u011fur Oral K\u00fclt\u00fcr Merkezi&#8217;nde d\u00fczenlendi.<\/p>\n\n\n\n<p>Etkinli\u011fe kat\u0131lan Mersin \u00d6\u011fretmenler Tiyatro Toplulu\u011fu \u00fcyeleri, tiyatral dille dezenformasyonu sahneye ta\u015f\u0131d\u0131.<\/p>\n\n\n\n<p>&#8220;Dezenformasyon s\u0131n\u0131r tan\u0131mayan k\u00fcresel bir risk&#8221;<\/p>\n\n\n\n<p>Programda konu\u015fan ME\u00dc Rekt\u00f6r\u00fc Prof. Dr. Erol Ya\u015far, dezenformasyona kar\u015f\u0131 daha az diren\u00e7li olan ve sosyal medyan\u0131n olumsuz etkilerine en fazla maruz kalan gen\u00e7leri bilgilendirmek, toplumun genelinde fark\u0131ndal\u0131k olu\u015fturmak, medya okur yazarl\u0131\u011f\u0131n\u0131 yayg\u0131nla\u015ft\u0131rmak ve dezenformasyonun \u00f6n\u00fcn\u00fc kapatmak amac\u0131yla kurumlararas\u0131 i\u015f birli\u011fi ile \u00e7al\u0131\u015fmalar yapt\u0131klar\u0131n\u0131 dile getirdi.&nbsp;<\/p>\n\n\n\n<p>Prof. Dr. Erol Ya\u015far \u015fu ifadeleri kulland\u0131;<\/p>\n\n\n\n<p>&#8220;Pandemi ve deprem gibi kriz d\u00f6nemlerinde, \u0130srail&#8217;in Gazze&#8217;de y\u00fcr\u00fctt\u00fc\u011f\u00fc soyk\u0131r\u0131mda dezenformasyonun kitleleri nas\u0131l ger\u00e7ek d\u0131\u015f\u0131 bilgilerle yan\u0131ltt\u0131\u011f\u0131n\u0131 g\u00f6rd\u00fck. Dezenformasyon s\u0131n\u0131r tan\u0131mayan k\u00fcresel bir risk. Bu risk ile m\u00fccadelede t\u00fcm kurumlara b\u00fcy\u00fck g\u00f6revler d\u00fc\u015fmekte. Mersin \u00dcniversitesi ailesi olarak bizler de \u00fczerimize d\u00fc\u015fen g\u00f6revleri eksiksiz bir \u015feklide yerine getirmeye \u00e7al\u0131\u015f\u0131yoruz. Say\u0131n Cumhurba\u015fkan\u0131m\u0131z\u0131n da ifade etti\u011fi gibi: &#8220;Dezenformasyonun demokrasiyi yozla\u015ft\u0131ran, bireysel hak ve \u00f6zg\u00fcrl\u00fckleri hedef alan y\u0131k\u0131c\u0131 etkilerine kar\u015f\u0131 topyek\u00fbn m\u00fccadele etmemiz gerekiyor.&#8221; Bizler de bu bilin\u00e7 ile hareket ediyoruz.&#8221;<\/p>\n\n\n\n<p>&#8220;Dezenformasyonla m\u00fccadele i\u00e7in medya okuryazarl\u0131\u011f\u0131 ve ele\u015ftirel d\u00fc\u015f\u00fcnme becerileri art\u0131r\u0131lmal\u0131&#8221;<\/p>\n\n\n\n<p>\u0130l Mill\u00ee&nbsp;E\u011fitim M\u00fcd\u00fcr\u00fc Fazilet Durmu\u015f da dezenformasyonun \u00e7arp\u0131t\u0131lm\u0131\u015f ve yanl\u0131\u015f bilginin kamuoyu olu\u015fturmak ya da kaosa yol a\u00e7mak i\u00e7in s\u0131kl\u0131kla kullan\u0131lan y\u00f6ntemlerden biri oldu\u011funu belirterek&nbsp;bu konuda m\u00fccadele edebilmek ad\u0131na medya okuryazarl\u0131\u011f\u0131 ve ele\u015ftirel d\u00fc\u015f\u00fcnme becerilerinin art\u0131r\u0131lmas\u0131n\u0131n \u00f6nem ta\u015f\u0131d\u0131\u011f\u0131n\u0131 ifade etti.<\/p>\n\n\n\n<p>Gen\u00e7lik ve Spor \u0130l M\u00fcd\u00fcr\u00fc G\u00f6ksun \u00d6z de daha sorumlu medya okuyucular\u0131 ve sosyal medya kullan\u0131c\u0131lar\u0131 olmak i\u00e7in hedeflenen seviyeye ula\u015fmak istediklerini dile getirdi.<\/p>\n\n\n\n<p>Cumhurba\u015fkanl\u0131\u011f\u0131 \u0130leti\u015fim Ba\u015fkanl\u0131\u011f\u0131 Adana B\u00f6lge M\u00fcd\u00fcr\u00fc Mustafa Yal\u0131n\u0131z ise dezenformasyonla m\u00fccadelenin \u00f6nemine i\u015faret ederek&nbsp;\u015funlar\u0131 kaydetti:<\/p>\n\n\n\n<p>&#8220;E\u011fitimlerde dezenformasyona kar\u015f\u0131 daha az diren\u00e7li olan gen\u00e7leri bilgilendirmek, toplum genelinde nas\u0131l daha sorumlu ve bilin\u00e7li medya okuryazar\u0131 ve sosyal medya kullan\u0131c\u0131s\u0131 olunaca\u011f\u0131 konusunda fark\u0131ndal\u0131k uyand\u0131rmak ve dezenformasyonla m\u00fccadele etmeyi ama\u00e7lamaktay\u0131z. \u00dclkemize de\u011fer katan kamu kurum ve kurulu\u015flar\u0131yla i\u015f birli\u011fi i\u00e7erisinde dezenformasyonla m\u00fccadelemizi kararl\u0131l\u0131kla s\u00fcrd\u00fcrece\u011fimize y\u00fcrekten inan\u0131yorum.&#8221;<\/p>\n\n\n\n<p>Konu\u015fmalar\u0131n ard\u0131ndan Cumhurba\u015fkanl\u0131\u011f\u0131 \u0130leti\u015fim Ba\u015fkanl\u0131\u011f\u0131 Dezenformasyonla M\u00fccadele Merkezi Uzman\u0131 \u00dcmm\u00fchan Y\u00fccel taraf\u0131ndan yap\u0131lan sunumda, dezenformasyonla m\u00fccadelenin \u00f6nemi ve ilgili alanlarda y\u00fcr\u00fct\u00fclen \u00e7al\u0131\u015fmalar anlat\u0131ld\u0131.<\/p>\n\n\n\n<p>E\u011fitim sonunda sertifika alacak kursiyerler, okullarda ve kurumlarda dezenformasyonla m\u00fccadele e\u011fitimi verecek.<\/p>\n\n\n\n<p><a href=\"https:\/\/mersin.meb.gov.tr\/meb_iys_dosyalar\/2025_03\/05170813_mersin_gonullu_egitimciler1.jpg\" target=\"_blank\" rel=\"noreferrer noopener\"><\/a><\/p>\n","protected":false},"excerpt":{"rendered":"<p>Mersin&#8217;de, Cumhurba\u015fkanl\u0131\u011f\u0131 \u0130leti\u015fim Ba\u015fkanl\u0131\u011f\u0131nca kamuda g\u00f6revli g\u00f6n\u00fcll\u00fc e\u011fiticilere y\u00f6nelik dezenformasyonla m\u00fccadele e\u011fitimleri ba\u015flad\u0131. Valilik himayesinde, Cumhurba\u015fkanl\u0131\u011f\u0131 \u0130leti\u015fim Ba\u015fkanl\u0131\u011f\u0131 Adana B\u00f6lge M\u00fcd\u00fcrl\u00fc\u011f\u00fc, Mersin \u00dcniversitesi (ME\u00dc), Gen\u00e7lik ve Spor \u0130l M\u00fcd\u00fcrl\u00fc\u011f\u00fc, \u0130l Mill\u00ee&nbsp;E\u011fitim M\u00fcd\u00fcrl\u00fc\u011f\u00fc ve TRT \u00c7ukurova B\u00f6lge M\u00fcd\u00fcrl\u00fc\u011f\u00fc aras\u0131nda imzalanan &#8220;Dezenformasyonla M\u00fccadele Kurumlar Aras\u0131 \u0130\u015fbirli\u011fi Protokol\u00fc&#8221; kapsam\u0131nda haz\u0131rlanan &#8220;Dezenformasyonla M\u00fccadele E\u011fitici E\u011fitimi&#8221;nin a\u00e7\u0131l\u0131\u015f program\u0131, ME\u00dc \u00c7iftlikk\u00f6y [&hellip;]<\/p>\n","protected":false},"author":2,"featured_media":40369,"comment_status":"closed","ping_status":"closed","sticky":false,"template":"","format":"standard","meta":{"footnotes":""},"categories":[3],"tags":[],"class_list":["post-40368","post","type-post","status-publish","format-standard","has-post-thumbnail","hentry","category-manset"],"views":4,"_links":{"self":[{"href":"https:\/\/mersinkadingazetesi.com\/index.php?rest_route=\/wp\/v2\/posts\/40368"}],"collection":[{"href":"https:\/\/mersinkadingazetesi.com\/index.php?rest_route=\/wp\/v2\/posts"}],"about":[{"href":"https:\/\/mersinkadingazetesi.com\/index.php?rest_route=\/wp\/v2\/types\/post"}],"author":[{"embeddable":true,"href":"https:\/\/mersinkadingazetesi.com\/index.php?rest_route=\/wp\/v2\/users\/2"}],"replies":[{"embeddable":true,"href":"https:\/\/mersinkadingazetesi.com\/index.php?rest_route=%2Fwp%2Fv2%2Fcomments&post=40368"}],"version-history":[{"count":1,"href":"https:\/\/mersinkadingazetesi.com\/index.php?rest_route=\/wp\/v2\/posts\/40368\/revisions"}],"predecessor-version":[{"id":40370,"href":"https:\/\/mersinkadingazetesi.com\/index.php?rest_route=\/wp\/v2\/posts\/40368\/revisions\/40370"}],"wp:featuredmedia":[{"embeddable":true,"href":"https:\/\/mersinkadingazetesi.com\/index.php?rest_route=\/wp\/v2\/media\/40369"}],"wp:attachment":[{"href":"https:\/\/mersinkadingazetesi.com\/index.php?rest_route=%2Fwp%2Fv2%2Fmedia&parent=40368"}],"wp:term":[{"taxonomy":"category","embeddable":true,"href":"https:\/\/mersinkadingazetesi.com\/index.php?rest_route=%2Fwp%2Fv2%2Fcategories&post=40368"},{"taxonomy":"post_tag","embeddable":true,"href":"https:\/\/mersinkadingazetesi.com\/index.php?rest_route=%2Fwp%2Fv2%2Ftags&post=40368"}],"curies":[{"name":"wp","href":"https:\/\/api.w.org\/{rel}","templated":true}]}}