{"id":40374,"date":"2025-03-06T10:49:24","date_gmt":"2025-03-06T07:49:24","guid":{"rendered":"https:\/\/mersinkadingazetesi.com\/?p=40374"},"modified":"2025-03-06T10:49:25","modified_gmt":"2025-03-06T07:49:25","slug":"mersin-devlet-opera-ve-balesinden-8-mart-dunya-kadinlar-gunune-ozel-konser","status":"publish","type":"post","link":"https:\/\/mersinkadingazetesi.com\/?p=40374","title":{"rendered":"Mersin Devlet Opera ve Balesi\u2019nden 8 Mart D\u00fcnya Kad\u0131nlar G\u00fcn\u00fc\u2019ne \u00d6zel Konser"},"content":{"rendered":"\n<p>Mersin Devlet Opera ve Balesi (MDOB), sanat\u0131n birle\u015ftirici g\u00fcc\u00fcyle 8 Mart D\u00fcnya Kad\u0131nlar G\u00fcn\u00fc\u2019n\u00fc \u00f6zel bir konserle kutluyor. 8 Mart Cumartesi g\u00fcn\u00fc saat 20:30\u2019da Mersin Opera Binas\u0131 \u015eeref Salonu\u2019nda ger\u00e7ekle\u015fecek olan bu anlaml\u0131 gecede, klasik m\u00fczi\u011fin b\u00fcy\u00fcleyici t\u0131n\u0131lar\u0131, kad\u0131nlar\u0131n g\u00fcc\u00fcne ve zarafetine adanm\u0131\u015f eserlerle yank\u0131lanacak.<\/p>\n\n\n\n<p>&nbsp;&nbsp;&nbsp;&nbsp;&nbsp;&nbsp;&nbsp;&nbsp;&nbsp;&nbsp;&nbsp; Kad\u0131nlar\u0131n toplumsal hayattaki \u00f6nemini sanat ile ta\u00e7land\u0131racak &nbsp;bu \u00f6zel gecenin anlat\u0131c\u0131l\u0131\u011f\u0131, sesi ve yorumuyla izleyicileri b\u00fcy\u00fcleyen Aysin Alev Y\u00fccel Zal \u00fcstlenirken, piyanoda Artem Reutov sanat\u00e7\u0131lara e\u015flik edecek.<\/p>\n\n\n\n<p>&nbsp;&nbsp;&nbsp;&nbsp;&nbsp;&nbsp;&nbsp;&nbsp;&nbsp;&nbsp;&nbsp; Konserde sahne alacak sanat\u00e7\u0131lar ise: \u2022 Ensar Alp Ak\u00e7a \u2022Sezgin Ham\u0131zo\u011flu \u2022Emrah S\u00f6zer \u2022Orhan G\u00fcll\u00fcler \u2022Kerem Yaman<\/p>\n\n\n\n<p>&nbsp; Kad\u0131nlar\u0131n toplumsal ya\u015famdaki e\u015fsiz yerini sanatsal bir perspektifle ele alan bu konser, klasik m\u00fczi\u011fin se\u00e7kin eserleriyle dinleyicilere unutulmaz bir ak\u015fam sunacak. Mersin Devlet Opera ve Balesi, sanatseverleri bu \u00f6zel gecede m\u00fczi\u011fin ve anlam\u0131n b\u00fcy\u00fcs\u00fcne ortak olmaya davet ediyor.<\/p>\n\n\n\n<p>Tarih: 8 Mart 2025, Cumartesi<\/p>\n\n\n\n<p>Saat: 20:30<\/p>\n\n\n\n<p>Yer: Mersin Opera Sahnesi, \u015eeref Salonu<\/p>\n","protected":false},"excerpt":{"rendered":"<p>Mersin Devlet Opera ve Balesi (MDOB), sanat\u0131n birle\u015ftirici g\u00fcc\u00fcyle 8 Mart D\u00fcnya Kad\u0131nlar G\u00fcn\u00fc\u2019n\u00fc \u00f6zel bir konserle kutluyor. 8 Mart Cumartesi g\u00fcn\u00fc saat 20:30\u2019da Mersin Opera Binas\u0131 \u015eeref Salonu\u2019nda ger\u00e7ekle\u015fecek olan bu anlaml\u0131 gecede, klasik m\u00fczi\u011fin b\u00fcy\u00fcleyici t\u0131n\u0131lar\u0131, kad\u0131nlar\u0131n g\u00fcc\u00fcne ve zarafetine adanm\u0131\u015f eserlerle yank\u0131lanacak. &nbsp;&nbsp;&nbsp;&nbsp;&nbsp;&nbsp;&nbsp;&nbsp;&nbsp;&nbsp;&nbsp; Kad\u0131nlar\u0131n toplumsal hayattaki \u00f6nemini sanat ile ta\u00e7land\u0131racak &nbsp;bu \u00f6zel [&hellip;]<\/p>\n","protected":false},"author":2,"featured_media":40375,"comment_status":"closed","ping_status":"closed","sticky":false,"template":"","format":"standard","meta":{"footnotes":""},"categories":[3],"tags":[],"class_list":["post-40374","post","type-post","status-publish","format-standard","has-post-thumbnail","hentry","category-manset"],"views":4,"_links":{"self":[{"href":"https:\/\/mersinkadingazetesi.com\/index.php?rest_route=\/wp\/v2\/posts\/40374"}],"collection":[{"href":"https:\/\/mersinkadingazetesi.com\/index.php?rest_route=\/wp\/v2\/posts"}],"about":[{"href":"https:\/\/mersinkadingazetesi.com\/index.php?rest_route=\/wp\/v2\/types\/post"}],"author":[{"embeddable":true,"href":"https:\/\/mersinkadingazetesi.com\/index.php?rest_route=\/wp\/v2\/users\/2"}],"replies":[{"embeddable":true,"href":"https:\/\/mersinkadingazetesi.com\/index.php?rest_route=%2Fwp%2Fv2%2Fcomments&post=40374"}],"version-history":[{"count":1,"href":"https:\/\/mersinkadingazetesi.com\/index.php?rest_route=\/wp\/v2\/posts\/40374\/revisions"}],"predecessor-version":[{"id":40376,"href":"https:\/\/mersinkadingazetesi.com\/index.php?rest_route=\/wp\/v2\/posts\/40374\/revisions\/40376"}],"wp:featuredmedia":[{"embeddable":true,"href":"https:\/\/mersinkadingazetesi.com\/index.php?rest_route=\/wp\/v2\/media\/40375"}],"wp:attachment":[{"href":"https:\/\/mersinkadingazetesi.com\/index.php?rest_route=%2Fwp%2Fv2%2Fmedia&parent=40374"}],"wp:term":[{"taxonomy":"category","embeddable":true,"href":"https:\/\/mersinkadingazetesi.com\/index.php?rest_route=%2Fwp%2Fv2%2Fcategories&post=40374"},{"taxonomy":"post_tag","embeddable":true,"href":"https:\/\/mersinkadingazetesi.com\/index.php?rest_route=%2Fwp%2Fv2%2Ftags&post=40374"}],"curies":[{"name":"wp","href":"https:\/\/api.w.org\/{rel}","templated":true}]}}