{"id":40377,"date":"2025-03-06T10:50:21","date_gmt":"2025-03-06T07:50:21","guid":{"rendered":"https:\/\/mersinkadingazetesi.com\/?p=40377"},"modified":"2025-03-06T10:50:21","modified_gmt":"2025-03-06T07:50:21","slug":"mtosb-sanayicileri-iftarda-bulustu","status":"publish","type":"post","link":"https:\/\/mersinkadingazetesi.com\/?p=40377","title":{"rendered":"MTOSB sanayicileri iftarda bulu\u015ftu"},"content":{"rendered":"\n<p>Mersin Tarsus Organize Sanayi B\u00f6lgesi taraf\u0131ndan d\u00fczenlenen iftar yeme\u011fi MTOSB Sosyal Tesisi&#8217;nde ger\u00e7ekle\u015ftirildi.<\/p>\n\n\n\n<p>Mersin Tarsus Organize Sanayi B\u00f6lgesi taraf\u0131ndan her y\u0131l geleneksel olarak d\u00fczenlenen iftar yeme\u011fi program\u0131 MTOSB Sosyal Tesisi&#8217;nde d\u00fczenlendi. Akdeniz B\u00f6lge ve Garnizon Komutan\u0131 Tu\u011famiral Ali Tuna Baysal, Mersin Cumhuriyet Ba\u015fsavc\u0131s\u0131 Tolgahan \u00d6ztoprak, Mersin Emniyet M\u00fcd\u00fcr\u00fc Kamil Karab\u00f6rk, MTOSB Ba\u015fkan\u0131 Sabri Tekli, AHB\u0130B Ba\u015fkan\u0131 Veysel Memi\u015f, MES\u0130AD Ba\u015fkan\u0131 Adnan G\u00fcndo\u011fdu, M\u00dcS\u0130AD Ba\u015fkan\u0131 Mehmet Sait Kayan ve \u00e7ok say\u0131da sanayicinin kat\u0131l\u0131m sa\u011flad\u0131\u011f\u0131 iftar yeme\u011finde Kuran\u0131 Kerim tilaveti ger\u00e7ekle\u015ftirildi.<\/p>\n\n\n\n<p>Ahmet Kayac\u0131, Ali F\u0131st\u0131k ve Ali Tel hocalar taraf\u0131ndan ger\u00e7ekle\u015ftirilen Kuran\u0131 Kerim Tilaveti ile birlikte a\u00e7\u0131lan iftara sanayiciler ilgi g\u00f6sterdi. MTOSB Ba\u015fkan\u0131 Sabri Tekli, &#8216;Dinimizin gere\u011fi sab\u0131r, ibadet, rahmet, ma\u011ffiret ve bereket ay\u0131 olarak kabul edilen Ramazan Ay\u0131&#8217;n\u0131 bir kez daha sanayicilerimiz ile kar\u015f\u0131laman\u0131n mutlulu\u011funu ya\u015f\u0131yoruz. Bu vesileyle MTOSB sanayicilerimizin ve B\u00f6lge M\u00fcd\u00fcrl\u00fc\u011f\u00fcm\u00fcz\u00fcn kullan\u0131m\u0131 i\u00e7in yap\u0131lan 200 ki\u015fi kapasiteli sosyal tesisimizi de b\u00f6yle anlaml\u0131 bir iftar yeme\u011fi ile kullan\u0131ma a\u00e7m\u0131\u015f olmak bizlere gurur verdi&#8217; dedi.&nbsp;<\/p>\n","protected":false},"excerpt":{"rendered":"<p>Mersin Tarsus Organize Sanayi B\u00f6lgesi taraf\u0131ndan d\u00fczenlenen iftar yeme\u011fi MTOSB Sosyal Tesisi&#8217;nde ger\u00e7ekle\u015ftirildi. Mersin Tarsus Organize Sanayi B\u00f6lgesi taraf\u0131ndan her y\u0131l geleneksel olarak d\u00fczenlenen iftar yeme\u011fi program\u0131 MTOSB Sosyal Tesisi&#8217;nde d\u00fczenlendi. Akdeniz B\u00f6lge ve Garnizon Komutan\u0131 Tu\u011famiral Ali Tuna Baysal, Mersin Cumhuriyet Ba\u015fsavc\u0131s\u0131 Tolgahan \u00d6ztoprak, Mersin Emniyet M\u00fcd\u00fcr\u00fc Kamil Karab\u00f6rk, MTOSB Ba\u015fkan\u0131 Sabri Tekli, AHB\u0130B [&hellip;]<\/p>\n","protected":false},"author":2,"featured_media":40378,"comment_status":"closed","ping_status":"closed","sticky":false,"template":"","format":"standard","meta":{"footnotes":""},"categories":[3],"tags":[],"class_list":["post-40377","post","type-post","status-publish","format-standard","has-post-thumbnail","hentry","category-manset"],"views":4,"_links":{"self":[{"href":"https:\/\/mersinkadingazetesi.com\/index.php?rest_route=\/wp\/v2\/posts\/40377"}],"collection":[{"href":"https:\/\/mersinkadingazetesi.com\/index.php?rest_route=\/wp\/v2\/posts"}],"about":[{"href":"https:\/\/mersinkadingazetesi.com\/index.php?rest_route=\/wp\/v2\/types\/post"}],"author":[{"embeddable":true,"href":"https:\/\/mersinkadingazetesi.com\/index.php?rest_route=\/wp\/v2\/users\/2"}],"replies":[{"embeddable":true,"href":"https:\/\/mersinkadingazetesi.com\/index.php?rest_route=%2Fwp%2Fv2%2Fcomments&post=40377"}],"version-history":[{"count":1,"href":"https:\/\/mersinkadingazetesi.com\/index.php?rest_route=\/wp\/v2\/posts\/40377\/revisions"}],"predecessor-version":[{"id":40379,"href":"https:\/\/mersinkadingazetesi.com\/index.php?rest_route=\/wp\/v2\/posts\/40377\/revisions\/40379"}],"wp:featuredmedia":[{"embeddable":true,"href":"https:\/\/mersinkadingazetesi.com\/index.php?rest_route=\/wp\/v2\/media\/40378"}],"wp:attachment":[{"href":"https:\/\/mersinkadingazetesi.com\/index.php?rest_route=%2Fwp%2Fv2%2Fmedia&parent=40377"}],"wp:term":[{"taxonomy":"category","embeddable":true,"href":"https:\/\/mersinkadingazetesi.com\/index.php?rest_route=%2Fwp%2Fv2%2Fcategories&post=40377"},{"taxonomy":"post_tag","embeddable":true,"href":"https:\/\/mersinkadingazetesi.com\/index.php?rest_route=%2Fwp%2Fv2%2Ftags&post=40377"}],"curies":[{"name":"wp","href":"https:\/\/api.w.org\/{rel}","templated":true}]}}