{"id":40380,"date":"2025-03-06T11:16:36","date_gmt":"2025-03-06T08:16:36","guid":{"rendered":"https:\/\/mersinkadingazetesi.com\/?p=40380"},"modified":"2025-03-06T11:16:37","modified_gmt":"2025-03-06T08:16:37","slug":"baskan-tuncer-mezitliyi-gelecege-hazirliyoruz","status":"publish","type":"post","link":"https:\/\/mersinkadingazetesi.com\/?p=40380","title":{"rendered":"BA\u015eKAN TUNCER: &#8220;MEZ\u0130TL\u0130&#8217;Y\u0130 GELECE\u011eE HAZIRLIYORUZ!&#8221;"},"content":{"rendered":"\n<p>Mezitli Belediye Ba\u015fkan\u0131 Ahmet Serkan Tuncer, kentte vatanda\u015flar\u0131n ya\u015fam kalitesini art\u0131rmak amac\u0131yla \u00e7e\u015fitli alanlarda hayata ge\u00e7irilecek projeleri yerinde inceledi, ilgili m\u00fcd\u00fcrl\u00fcklerden bilgi ald\u0131.Turizmden k\u00fclt\u00fcr-sanata, e\u011fitimden sa\u011fl\u0131\u011fa, spordan sosyal ya\u015fam alanlar\u0131na kadar her alanda \u00e7al\u0131\u015fmalar t\u00fcm h\u0131z\u0131yla devam ediyor. Mezitli&#8217;yi daha modern ve ya\u015fanabilir bir kent haline getirmek i\u00e7in y\u00fcr\u00fct\u00fclen projeler titizlikle s\u00fcrd\u00fcr\u00fcl\u00fcyor.<\/p>\n\n\n\n<p>Bu kapsamda Ba\u015fkan Tuncer, Viran\u015fehir Mahallesi&#8217;nde hayata ge\u00e7irilecek SoliPompeoPolis Park\u0131 i\u00e7erisinde yap\u0131lacak Plaj ve Sosyal Ya\u015fam Alanlar\u0131 \u00c7al\u0131\u015fmalar\u0131 Projesi&#8217;ni yerinde inceledi. Sahile yeni bir de\u011fi\u015fim kazand\u0131racak proje ile, vatanda\u015flara dinlenme ve sosyal alanlarsunulacak.\u00d6te yandan Merkez Mahallesi&#8217;nde bulunan Pazar Yeri \u0130yile\u015ftirme Projesi ile al\u0131\u015fveri\u015f alanlar\u0131 daha modern hale getirilecek. Hem esnaf\u0131n hem de vatanda\u015flar\u0131n daha d\u00fczenli bir ortamda al\u0131\u015fveri\u015f yapabilmesi i\u00e7in modernizasyon \u00e7al\u0131\u015fmalar\u0131 ba\u015flat\u0131lacak. Kapal\u0131 ve d\u00f6n\u00fc\u015ft\u00fcr\u00fclebilir \u00e7ok ama\u00e7l\u0131 bir Pazar yeri yap\u0131lacak.<\/p>\n\n\n\n<p>Ba\u015fkan Tuncer, ayr\u0131ca Davultepe Aktif Ya\u015fam Merkezi&#8217;nin K\u00fclt\u00fcr ve Sanat Merkezi&#8217;ne d\u00f6n\u00fc\u015ft\u00fcr\u00fclmesi i\u00e7in y\u00fcr\u00fct\u00fclen \u00e7al\u0131\u015fmalar\u0131 da yerinde inceledi. Yeni merkez, kad\u0131nlardan gen\u00e7lere, \u00e7ocuklardan ya\u015fl\u0131lara kadar her ya\u015ftan vatanda\u015f\u0131n faydalanabilece\u011fi kurslar ve e\u011fitim programlar\u0131yla donat\u0131lacak. K\u00fclt\u00fcrel ve sanatsal etkinliklerin d\u00fczenlenece\u011fi bu alan, Mezitli&#8217;nin sosyal ya\u015fam\u0131na \u00f6nemli katk\u0131lar sunacak.<\/p>\n\n\n\n<p><strong>BA\u015eKAN TUNCER: &#8220;MEZ\u0130TL\u0130 \u0130\u00c7\u0130N DURMADAN \u00c7ALI\u015eIYORUZ&#8221;<\/strong><\/p>\n\n\n\n<p>Proje incelemelerinin ard\u0131ndan a\u00e7\u0131klamalarda bulunan Ba\u015fkan Tuncer, Mezitli&#8217;nin her y\u00f6n\u00fcyle geli\u015fmesi i\u00e7in yo\u011fun bir \u00e7al\u0131\u015fma y\u00fcr\u00fctt\u00fcklerini belirterek, &#8220;Mezitli, sadece bir sahil kenti de\u011fil; ayn\u0131 zamanda k\u00fclt\u00fcr, sanat, spor ve e\u011fitim alanlar\u0131nda da \u00f6nc\u00fc bir \u015fehir olmal\u0131. Vatanda\u015flar\u0131m\u0131z\u0131n ihtiya\u00e7lar\u0131n\u0131 ve beklentilerini g\u00f6z \u00f6n\u00fcnde bulundurarak projelerimizi hayata ge\u00e7iriyoruz. Sahil alanlar\u0131m\u0131z\u0131 daha ya\u015fanabilir hale getiriyoruz, pazar yerlerimizi modernize ediyoruz ve sosyal ya\u015fam merkezlerimizi geli\u015ftiriyoruz. Amac\u0131m\u0131z, Mezitli&#8217;yi herkes i\u00e7in daha konforlu, daha mutlu ve daha g\u00fc\u00e7l\u00fc bir \u015fehir yapmak.&#8221; dedi.<\/p>\n\n\n\n<p>\u00c7al\u0131\u015fmalar\u0131n h\u0131z kesmeden devam edece\u011fini vurgulayan Ba\u015fkan Tuncer, &#8220;Projelerimizi vatanda\u015flar\u0131m\u0131zla birlikte \u015fekillendiriyor, onlar\u0131n \u00f6neri ve taleplerini dikkate alarak Mezitli&#8217;yi hep birlikte g\u00fczelle\u015ftiriyoruz. Her ya\u015ftan insan\u0131n faydalanaca\u011f\u0131 alanlar olu\u015fturmak i\u00e7in durmadan \u00e7al\u0131\u015faca\u011f\u0131z&#8221; dedi.<\/p>\n","protected":false},"excerpt":{"rendered":"<p>Mezitli Belediye Ba\u015fkan\u0131 Ahmet Serkan Tuncer, kentte vatanda\u015flar\u0131n ya\u015fam kalitesini art\u0131rmak amac\u0131yla \u00e7e\u015fitli alanlarda hayata ge\u00e7irilecek projeleri yerinde inceledi, ilgili m\u00fcd\u00fcrl\u00fcklerden bilgi ald\u0131.Turizmden k\u00fclt\u00fcr-sanata, e\u011fitimden sa\u011fl\u0131\u011fa, spordan sosyal ya\u015fam alanlar\u0131na kadar her alanda \u00e7al\u0131\u015fmalar t\u00fcm h\u0131z\u0131yla devam ediyor. Mezitli&#8217;yi daha modern ve ya\u015fanabilir bir kent haline getirmek i\u00e7in y\u00fcr\u00fct\u00fclen projeler titizlikle s\u00fcrd\u00fcr\u00fcl\u00fcyor. Bu kapsamda Ba\u015fkan [&hellip;]<\/p>\n","protected":false},"author":2,"featured_media":40381,"comment_status":"closed","ping_status":"closed","sticky":false,"template":"","format":"standard","meta":{"footnotes":""},"categories":[3,10],"tags":[],"class_list":["post-40380","post","type-post","status-publish","format-standard","has-post-thumbnail","hentry","category-manset","category-spor"],"views":6,"_links":{"self":[{"href":"https:\/\/mersinkadingazetesi.com\/index.php?rest_route=\/wp\/v2\/posts\/40380"}],"collection":[{"href":"https:\/\/mersinkadingazetesi.com\/index.php?rest_route=\/wp\/v2\/posts"}],"about":[{"href":"https:\/\/mersinkadingazetesi.com\/index.php?rest_route=\/wp\/v2\/types\/post"}],"author":[{"embeddable":true,"href":"https:\/\/mersinkadingazetesi.com\/index.php?rest_route=\/wp\/v2\/users\/2"}],"replies":[{"embeddable":true,"href":"https:\/\/mersinkadingazetesi.com\/index.php?rest_route=%2Fwp%2Fv2%2Fcomments&post=40380"}],"version-history":[{"count":1,"href":"https:\/\/mersinkadingazetesi.com\/index.php?rest_route=\/wp\/v2\/posts\/40380\/revisions"}],"predecessor-version":[{"id":40382,"href":"https:\/\/mersinkadingazetesi.com\/index.php?rest_route=\/wp\/v2\/posts\/40380\/revisions\/40382"}],"wp:featuredmedia":[{"embeddable":true,"href":"https:\/\/mersinkadingazetesi.com\/index.php?rest_route=\/wp\/v2\/media\/40381"}],"wp:attachment":[{"href":"https:\/\/mersinkadingazetesi.com\/index.php?rest_route=%2Fwp%2Fv2%2Fmedia&parent=40380"}],"wp:term":[{"taxonomy":"category","embeddable":true,"href":"https:\/\/mersinkadingazetesi.com\/index.php?rest_route=%2Fwp%2Fv2%2Fcategories&post=40380"},{"taxonomy":"post_tag","embeddable":true,"href":"https:\/\/mersinkadingazetesi.com\/index.php?rest_route=%2Fwp%2Fv2%2Ftags&post=40380"}],"curies":[{"name":"wp","href":"https:\/\/api.w.org\/{rel}","templated":true}]}}