{"id":40388,"date":"2025-03-06T12:11:55","date_gmt":"2025-03-06T09:11:55","guid":{"rendered":"https:\/\/mersinkadingazetesi.com\/?p=40388"},"modified":"2025-03-06T12:11:56","modified_gmt":"2025-03-06T09:11:56","slug":"chpli-gulcan-kis-kadinlarin-emegi-ve-haklari-asla-yok-sayilamaz","status":"publish","type":"post","link":"https:\/\/mersinkadingazetesi.com\/?p=40388","title":{"rendered":"CHP&#8217;li G\u00fclcan K\u0131\u015f: &#8220;Kad\u0131nlar\u0131n Eme\u011fi ve Haklar\u0131 Asla Yok Say\u0131lamaz!&#8221;"},"content":{"rendered":"\n<p>CHP Mersin Milletvekili G\u00fclcan K\u0131\u015f, 8 Mart D\u00fcnya Emek\u00e7i Kad\u0131nlar G\u00fcn\u00fc dolay\u0131s\u0131yla yaz\u0131l\u0131 bir a\u00e7\u0131klama yaparak, kad\u0131n haklar\u0131 ve e\u015fitlik m\u00fccadelesine dikkat \u00e7ekti. Kad\u0131nlar\u0131n tarih boyunca toplumu \u015fekillendiren en \u00f6nemli unsurlardan biri oldu\u011funu belirten G\u00fclcan K\u0131\u015f, &#8220;Kad\u0131nlar\u0131n eme\u011fi, sesi ve haklar\u0131 asla yok say\u0131lamaz!&#8221; dedi.<\/p>\n\n\n\n<p>Kad\u0131nlar\u0131n hala \u015fiddete, ayr\u0131mc\u0131l\u0131\u011fa ve ekonomik adaletsizli\u011fe maruz kald\u0131\u011f\u0131n\u0131 belirten CHP&#8217;li G\u00fclcan K\u0131\u015f, &#8220;Kad\u0131n cinayetleri artarken, kazan\u0131lm\u0131\u015f haklar\u0131m\u0131za y\u00f6nelik bask\u0131lar da devam ediyor. Oysa bizler biliyoruz ki, e\u011fer bir toplum ileri gitmek istiyorsa, kad\u0131nlar\u0131n \u00f6zg\u00fcr ve g\u00fc\u00e7l\u00fc olmas\u0131 \u015fartt\u0131r&#8221; ifadelerini kulland\u0131.<\/p>\n\n\n\n<p><strong>&#8220;Atat\u00fcrk&#8217;\u00fcn Yolunda Y\u00fcr\u00fcyerek M\u00fccadeleyi S\u00fcrd\u00fcrece\u011fiz&#8221;<\/strong><\/p>\n\n\n\n<p>Ulu \u00d6nderimiz Gazi Mustafa Kemal Atat\u00fcrk&#8217;\u00fcn &#8220;D\u00fcnyada her \u015fey kad\u0131n\u0131n eseridir&#8221; s\u00f6z\u00fcn\u00fc hat\u0131rlatan G\u00fclcan K\u0131\u015f, &#8220;Atat\u00fcrk&#8217;\u00fcn yolunda y\u00fcr\u00fcyen bizler, kad\u0131n haklar\u0131 ve e\u015fitlik m\u00fccadelesinden asla taviz vermeyece\u011fiz!&#8221; dedi.<\/p>\n\n\n\n<p>Kad\u0131n haklar\u0131na ve toplumsal cinsiyet e\u015fitli\u011fine dair verdikleri m\u00fccadelenin s\u00fcrece\u011fini belirten G\u00fclcan K\u0131\u015f, &#8220;Biz CHP olarak, kad\u0131nlar\u0131n hak ettikleri ya\u015fam ko\u015fullar\u0131na kavu\u015fmas\u0131, ekonomik ve sosyal alanda e\u015fit f\u0131rsatlara sahip olmalar\u0131 i\u00e7in t\u00fcm g\u00fcc\u00fcm\u00fczle \u00e7al\u0131\u015fmaya devam edece\u011fiz&#8221; ifadelerini kulland\u0131.<\/p>\n\n\n\n<p><strong>&#8220;Kad\u0131nlar\u0131n Hak Etti\u011fi De\u011feri Ald\u0131\u011f\u0131 G\u00fcnler Yak\u0131nd\u0131r!&#8221;<\/strong><\/p>\n\n\n\n<p>8 Mart&#8217;\u0131n sadece bir kutlama de\u011fil, ayn\u0131 zamanda bir dayan\u0131\u015fma ve m\u00fccadele g\u00fcn\u00fc oldu\u011funu vurgulayan CHP Mersin Milletvekili K\u0131\u015f, &#8220;T\u00fcm bask\u0131lara, engellere ra\u011fmen, daha e\u015fit, daha adil bir T\u00fcrkiye i\u00e7in m\u00fccadelemizi s\u00fcrd\u00fcrece\u011fiz. Kad\u0131nlar\u0131n eme\u011finin g\u00f6r\u00fcld\u00fc\u011f\u00fc, hak etti\u011fi de\u011feri ald\u0131\u011f\u0131 g\u00fcnler yak\u0131nd\u0131r!&#8221; dedi.<\/p>\n\n\n\n<p><strong>&#8220;\u0130stanbul S\u00f6zle\u015fmesi&#8217;ni Yeniden Y\u00fcr\u00fcrl\u00fc\u011fe Koyaca\u011f\u0131z!&#8221;<\/strong><\/p>\n\n\n\n<p>CHP olarak iktidara geldiklerinde, kad\u0131n haklar\u0131n\u0131n korunmas\u0131 ve toplumsal cinsiyet e\u015fitli\u011finin tam anlam\u0131yla sa\u011flanmas\u0131 i\u00e7in kararl\u0131 olduklar\u0131n\u0131 belirten G\u00fclcan K\u0131\u015f, &#8220;\u0130stanbul S\u00f6zle\u015fmesi&#8217;ni yeniden y\u00fcr\u00fcrl\u00fc\u011fe koyaca\u011f\u0131z, 6284 say\u0131l\u0131 Kanunu tavizsiz uygulayarak kad\u0131na y\u00f6nelik \u015fiddetle etkin m\u00fccadele edece\u011fiz. Kad\u0131nlar\u0131n ekonomik ba\u011f\u0131ms\u0131zl\u0131\u011f\u0131n\u0131 sa\u011flamaya y\u00f6nelik politikalar geli\u015ftirerek, e\u015fit ve adil bir d\u00fczen in\u015fa edece\u011fiz&#8221; dedi.<\/p>\n\n\n\n<p>G\u00fclcan K\u0131\u015f, t\u00fcm kad\u0131nlar\u0131n 8 Mart D\u00fcnya Emek\u00e7i Kad\u0131nlar G\u00fcn\u00fcn\u00fc kutlayarak, kad\u0131n dayan\u0131\u015fmas\u0131n\u0131n \u00f6nemine vurgu yapt\u0131.<\/p>\n","protected":false},"excerpt":{"rendered":"<p>CHP Mersin Milletvekili G\u00fclcan K\u0131\u015f, 8 Mart D\u00fcnya Emek\u00e7i Kad\u0131nlar G\u00fcn\u00fc dolay\u0131s\u0131yla yaz\u0131l\u0131 bir a\u00e7\u0131klama yaparak, kad\u0131n haklar\u0131 ve e\u015fitlik m\u00fccadelesine dikkat \u00e7ekti. Kad\u0131nlar\u0131n tarih boyunca toplumu \u015fekillendiren en \u00f6nemli unsurlardan biri oldu\u011funu belirten G\u00fclcan K\u0131\u015f, &#8220;Kad\u0131nlar\u0131n eme\u011fi, sesi ve haklar\u0131 asla yok say\u0131lamaz!&#8221; dedi. Kad\u0131nlar\u0131n hala \u015fiddete, ayr\u0131mc\u0131l\u0131\u011fa ve ekonomik adaletsizli\u011fe maruz kald\u0131\u011f\u0131n\u0131 belirten [&hellip;]<\/p>\n","protected":false},"author":2,"featured_media":40389,"comment_status":"closed","ping_status":"closed","sticky":false,"template":"","format":"standard","meta":{"footnotes":""},"categories":[3],"tags":[],"class_list":["post-40388","post","type-post","status-publish","format-standard","has-post-thumbnail","hentry","category-manset"],"views":6,"_links":{"self":[{"href":"https:\/\/mersinkadingazetesi.com\/index.php?rest_route=\/wp\/v2\/posts\/40388"}],"collection":[{"href":"https:\/\/mersinkadingazetesi.com\/index.php?rest_route=\/wp\/v2\/posts"}],"about":[{"href":"https:\/\/mersinkadingazetesi.com\/index.php?rest_route=\/wp\/v2\/types\/post"}],"author":[{"embeddable":true,"href":"https:\/\/mersinkadingazetesi.com\/index.php?rest_route=\/wp\/v2\/users\/2"}],"replies":[{"embeddable":true,"href":"https:\/\/mersinkadingazetesi.com\/index.php?rest_route=%2Fwp%2Fv2%2Fcomments&post=40388"}],"version-history":[{"count":1,"href":"https:\/\/mersinkadingazetesi.com\/index.php?rest_route=\/wp\/v2\/posts\/40388\/revisions"}],"predecessor-version":[{"id":40390,"href":"https:\/\/mersinkadingazetesi.com\/index.php?rest_route=\/wp\/v2\/posts\/40388\/revisions\/40390"}],"wp:featuredmedia":[{"embeddable":true,"href":"https:\/\/mersinkadingazetesi.com\/index.php?rest_route=\/wp\/v2\/media\/40389"}],"wp:attachment":[{"href":"https:\/\/mersinkadingazetesi.com\/index.php?rest_route=%2Fwp%2Fv2%2Fmedia&parent=40388"}],"wp:term":[{"taxonomy":"category","embeddable":true,"href":"https:\/\/mersinkadingazetesi.com\/index.php?rest_route=%2Fwp%2Fv2%2Fcategories&post=40388"},{"taxonomy":"post_tag","embeddable":true,"href":"https:\/\/mersinkadingazetesi.com\/index.php?rest_route=%2Fwp%2Fv2%2Ftags&post=40388"}],"curies":[{"name":"wp","href":"https:\/\/api.w.org\/{rel}","templated":true}]}}