{"id":40391,"date":"2025-03-06T12:13:07","date_gmt":"2025-03-06T09:13:07","guid":{"rendered":"https:\/\/mersinkadingazetesi.com\/?p=40391"},"modified":"2025-03-06T12:13:08","modified_gmt":"2025-03-06T09:13:08","slug":"buyuksehir-tarafindan-kentte-olusturulan-mersin-modeli-ziyaretcilerin-buyuk-begenisini-topladi","status":"publish","type":"post","link":"https:\/\/mersinkadingazetesi.com\/?p=40391","title":{"rendered":"B\u00dcY\u00dcK\u015eEH\u0130R TARAFINDAN KENTTE OLU\u015eTURULAN\u00a0&#8216;MERS\u0130N MODEL\u0130&#8217;\u00a0Z\u0130YARET\u00c7\u0130LER\u0130N B\u00dcY\u00dcK BE\u011eEN\u0130S\u0130N\u0130 TOPLADI"},"content":{"rendered":"\n<p>Mersin B\u00fcy\u00fck\u015fehir Belediyesi&#8217;nin&nbsp;<strong><em>&#8216;Yerel E\u015fitlik Eylem Plan\u0131 \u0130zleme ve De\u011ferlendirme Program\u0131<\/em><\/strong>&#8216; kapsam\u0131nda kente gelen ulusal bas\u0131n mensuplar\u0131 ile sivil toplum kurulu\u015flar\u0131ndan temsilciler, sosyal politikalar alan\u0131nda hayata ge\u00e7irilen hizmetleri yerinde inceleyip, gezme f\u0131rsat\u0131 buldu. Mersin&#8217;de bir sosyal politikalar turu ger\u00e7ekle\u015ftiren ulusal bas\u0131n mensuplar\u0131 ile STK temsilcileri Mersin B\u00fcy\u00fck\u015fehir&#8217;in sosyal hizmetler alan\u0131nda ortaya koydu\u011fu hizmetlere tam not verdi. B\u00fcy\u00fck\u015fehir&#8217;in b\u00fct\u00fcnsel ve d\u00f6ng\u00fcsel hizmet anlay\u0131\u015f\u0131 ile hayata ge\u00e7irdi\u011fi hizmetlerini ziyaret\u00e7iler b\u00fcy\u00fck bir ilgi ile inceledi. B\u00fcy\u00fck\u015fehir taraf\u0131ndan kentte olu\u015fturulan&nbsp;<strong><em>&#8216;Mersin Modeli&#8217;<\/em><\/strong>&nbsp;\u00e7al\u0131\u015fmalar\u0131 misafirlerin b\u00fcy\u00fck be\u011fenisini toplarken, ziyaret\u00e7iler ayr\u0131ca B\u00fcy\u00fck\u015fehir&#8217;in kendi birimleri aras\u0131ndaki kolektif \u00e7al\u0131\u015fmalar\u0131 ile ortaya koydu\u011fu hizmetler ve bunlardaki b\u00fct\u00fcnsellik ile d\u00f6ng\u00fcselli\u011fe de hayranl\u0131k duyduklar\u0131n\u0131 ifade etti.<\/p>\n\n\n\n<p>Ulusal bas\u0131n mensuplar\u0131 ve STK temsilcileri, T\u00fcrkiye&#8217;de yoksullu\u011fun b\u00fcy\u00fck boyutlara ula\u015ft\u0131\u011f\u0131 bu d\u00f6nemde, B\u00fcy\u00fck\u015fehir&#8217;in \u00e7ok etkili bir sosyal belediyecilik yapt\u0131\u011f\u0131n\u0131 g\u00f6zlemlediklerini de aktar\u0131rken, Mersin&#8217;in herkes i\u00e7in ya\u015fanabilir bir kent oldu\u011fundan s\u00f6z ettiler.<\/p>\n\n\n\n<p><strong>\u0130lk durak Adres Okuma Salonu oldu!<\/strong><\/p>\n\n\n\n<p>\u0130lk olarak sahilde yer alan Adres Okuma Salonu&#8217;ndan geziye ba\u015flayan ekip, Mersin Sosyal Politikalar Ofisi yetkilileri e\u015fli\u011finde bir sosyal politikalar turu ger\u00e7ekle\u015ftirdi ve merkezleri tek tek ziyaret etti. Merkezde g\u00f6rev yapan personelden ve yetkililerden detayl\u0131 bilgiler alan ziyaret\u00e7iler, Mersin&#8217;de sosyal hizmetler alan\u0131ndaki \u00e7al\u0131\u015fmalara tam not verdi. Ziyaret\u00e7iler Adres Okuma Salonu&#8217;nun \u00f6zellikle sahilde yer almas\u0131n\u0131n cezbedici olu\u015fundan s\u00f6z ettiler.<\/p>\n\n\n\n<p>Ard\u0131ndan Akdeniz \u0130l\u00e7esi Hal Mahallesi&#8217;nde yer alan Mersin Sosyal Politikalar Ofisi&#8217;ni de ziyaret eden misafirler, burada da Mersin B\u00fcy\u00fck\u015fehir taraf\u0131ndan do\u011fumdan \u00f6l\u00fcme kadar olan s\u00fcreci kapsayan b\u00fct\u00fcn sosyal hizmetleri dinleme f\u0131rsat\u0131 buldular ve hepsine de hayran kald\u0131lar. Ofis i\u00e7inde yer alan \u00e7al\u0131\u015fmalar\u0131 tek tek inceleyen ziyaret\u00e7iler&nbsp;<strong><em>&#8216;Herkes \u0130\u00e7in Mersin&#8217;<\/em><\/strong>&nbsp;kavram\u0131n\u0131n alt\u0131n\u0131 dolduran hizmetleri yak\u0131ndan takip etme olana\u011f\u0131na eri\u015ftiler. Ofiste; sosyal hizmetlerden e\u011fitime, sa\u011fl\u0131ktan hayvanlara, k\u00fclt\u00fcr sanattan \u00f6zel gereksinimli bireylere y\u00f6nelik hizmetlere, tar\u0131msal hizmetlerden kad\u0131nlar i\u00e7in yap\u0131lan \u00e7al\u0131\u015fmalara kadar pek \u00e7ok iyi \u00f6rnek uygulamalar ziyaret\u00e7ilere anlat\u0131ld\u0131.<\/p>\n\n\n\n<p>Sonras\u0131nda ise T\u0131rm\u0131l MERCEK Mesleki E\u011fitim Merkezi&#8217;ne ge\u00e7en ziyaret\u00e7iler, burada hem kaynak yapmay\u0131 hem demir kesmeyi deneyimlerken hem de merkezde verilen kurslar hakk\u0131nda yetkiliden bilgi ald\u0131. Ziyaret\u00e7ilerin \u00f6zellikle Mersinli Kad\u0131n Ustalar Projesi b\u00fcy\u00fck ilgisini \u00e7ekti. Buradan da Engelsiz Ya\u015fam Merkezi&#8217;ne ge\u00e7en ziyaret\u00e7iler merkezde yer alan at\u00f6lyeleri ve uygulama alanlar\u0131n\u0131 gezip, bilgiler ald\u0131. Bilgisayar, mutfak, seramik ve tekstil at\u00f6lyelerinin yan\u0131 s\u0131ra; Mola Evi ve Uygulama Evi hakk\u0131nda da bilgiler edinen ziyaret\u00e7iler, Sportif Beceri ve Koordinasyon Merkezi&#8217;ni de gezdi.<\/p>\n\n\n\n<p>Daha sonras\u0131nda ise Mersin B\u00fcy\u00fck\u015fehir&#8217;in en b\u00fcy\u00fck \u00f6l\u00e7ekli Sosyal Ya\u015fam Merkezi olan Halkkent Sosyal Ya\u015fam Merkezi&#8217;ne ge\u00e7en ziyaret\u00e7iler, merkezde yer alan Emekli Evi, MERCEK Mesleki E\u011fitim Merkezi, \u00c7ocuk Geli\u015fim Merkezi gibi kurumlar\u0131 da gezerken, verilen kurslar hakk\u0131nda da detayl\u0131 bilgiler edindiler. 6 farkl\u0131 hizmet birimini b\u00fcnyesinde bar\u0131nd\u0131ran Halkkent Sosyal Ya\u015fam Merkezi, misafirlerin b\u00fcy\u00fck ilgisini \u00e7ekti ve takdir toplad\u0131. Son olarak ise Mercan 100. Y\u0131l \u0130klim ve \u00c7evre Bilim Merkezi&#8217;ne giden ziyaret\u00e7iler, her sosyal hizmet alan\u0131ndaki \u00e7al\u0131\u015fmalarda oldu\u011fu gibi bu merkezi de \u00e7ok be\u011fendiklerini ifade etti.<\/p>\n\n\n\n<p><strong>T\u00fct\u00fcnc\u00fco\u011flu: &#8220;B\u00fct\u00fcn T\u00fcrkiye&#8217;ye \u00f6rnek olmas\u0131 a\u00e7\u0131s\u0131ndan bir&nbsp;<em>&#8216;Mersin Modeli&#8217;<\/em>&nbsp;olu\u015fturuyoruz&#8221;<\/strong><\/p>\n\n\n\n<p>Sosyal Politikalar Ofis Sorumlusu ve Psikolog Yal\u00e7\u0131n T\u00fct\u00fcnc\u00fco\u011flu, ulusal bas\u0131n mensuplar\u0131 ve STK temsilcileri ile birlikte ger\u00e7ekle\u015ftirdikleri sosyal politikalar turu hakk\u0131nda detayl\u0131 bilgiler verirken,&nbsp;<strong>&#8220;Mersin&#8217;deki sosyal projelerimizi ve sosyal politikalar\u0131m\u0131z\u0131 g\u00f6sterdik. Yerinde, beraber bir inceleme ger\u00e7ekle\u015ftirdik. \u00c7ok memnun kald\u0131lar. Bir\u00e7o\u011fundan Mersin&#8217;e ta\u015f\u0131nmak istediklerine dair tepki ald\u0131k. Bu da bizim \u00e7ok ho\u015fumuza gidiyor. Mersin&#8217;de, b\u00fct\u00fcn T\u00fcrkiye&#8217;ye \u00f6rnek olmas\u0131 a\u00e7\u0131s\u0131ndan ger\u00e7ekten bir&nbsp;<em>&#8216;Mersin Modeli&#8217;<\/em>&nbsp;olu\u015fturuyoruz. \u015eehir d\u0131\u015f\u0131ndan gelen ziyaret\u00e7ilerimizin bu \u015fekilde tepkiler vermesi bizi \u00e7ok mutlu ediyor&#8221;&nbsp;<\/strong>dedi.<\/p>\n\n\n\n<p><strong>G\u00f6kdemir: &#8220;Belediyenin halka dokunan bir anlay\u0131\u015fla hizmet etti\u011fine tan\u0131kl\u0131k ettim&#8221;<\/strong><\/p>\n\n\n\n<p>BirG\u00fcn Gazetesi Ankara Temsilcisi Nurcan Bilge G\u00f6kdemir de Mersin&#8217;in \u00e7ok kozmopolit ve yoksullu\u011fun da \u00e7ok yo\u011fun oldu\u011fu bir kent oldu\u011fundan s\u00f6z ederek,&nbsp;<strong>&#8220;Burada belediyenin yapt\u0131\u011f\u0131 hizmetlerle do\u011frudan halka dokunan, onlar\u0131n sorunlar\u0131n\u0131 \u00e7\u00f6zen, insanlar\u0131n t\u00fcm hayatlar\u0131nda belirleyici olan s\u0131k\u0131nt\u0131lar\u0131n \u00e7\u00f6z\u00fcm\u00fcnde \u00e7ok etkili y\u00f6ntemler geli\u015ftirdi\u011fini g\u00f6rd\u00fcm. \u00d6zellikle \u00c7ocuk Geli\u015fim Merkezlerinden \u00e7ok etkilendim. \u0130nsanlar\u0131n, ger\u00e7ekten \u00e7ok y\u00fcksek bedeller \u00f6deyerek alabilece\u011fi hizmetlere, burada belediye arac\u0131l\u0131\u011f\u0131yla ula\u015fabildiklerini g\u00f6rd\u00fcm. \u00c7ocuklar bizim gelece\u011fimiz ve maalesef \u00e7ok uzun y\u0131llard\u0131r ihmal edilen bir kesim. Belediyenin \u00e7ocuklar\u0131n e\u011fitimine ve ayn\u0131 zamanda kad\u0131nlar\u0131n istihdam\u0131na kat\u0131lmas\u0131n\u0131 da sa\u011flayaca\u011f\u0131 \u00f6nlemleri geli\u015ftirdi\u011fini g\u00f6rd\u00fcm. Belediyenin halka dokunan, onlar\u0131n sorunlar\u0131n\u0131 \u00e7\u00f6zen bir anlay\u0131\u015fla hizmet etti\u011fine tan\u0131kl\u0131k ettim. Mersin B\u00fcy\u00fck\u015fehir Belediyesi&#8217;ni kutluyorum&#8221;&nbsp;<\/strong>dedi.<\/p>\n\n\n\n<p><strong>Bayar: &#8220;Mersin herkes i\u00e7in ya\u015fanabilir bir kent&#8221;<\/strong><\/p>\n\n\n\n<p>Gazete Duvar Muhabiri Ceren Bayar, T\u00fcrkiye&#8217;de yoksullu\u011fun \u00e7ok b\u00fcy\u00fck ve art\u0131k ba\u015f edilemez boyutlara ula\u015ft\u0131\u011f\u0131 bir d\u00f6nemde Mersin B\u00fcy\u00fck\u015fehir Belediyesi&#8217;nin \u00e7ok etkili bir sosyal belediyecilik yapt\u0131\u011f\u0131n\u0131 g\u00f6zlemledi\u011fini aktar\u0131rken,<strong>&nbsp;&#8220;Yoksullukla sadece 2 koli g\u0131da yard\u0131m\u0131yla ba\u015f eden bir ak\u0131l olmad\u0131\u011f\u0131n\u0131 g\u00f6rd\u00fcm. Mersin B\u00fcy\u00fck\u015fehir, bunun yerine asl\u0131nda o yoksulluk d\u00f6ng\u00fcs\u00fcn\u00fc k\u0131ran \u00e7\u00f6z\u00fcmler bulmu\u015f. \u00d6rne\u011fin bir birimin \u00fcretti\u011fini \u00f6b\u00fcr birim sat\u0131n al\u0131yor, di\u011fer birim bir \u015fekilde kad\u0131nlar\u0131n istihdam\u0131na fayda sa\u011flayacak bir \u00e7\u00f6z\u00fcme d\u00f6n\u00fc\u015ft\u00fcr\u00fcyor. Bu d\u00f6ng\u00fcsellik bence \u00e7ok mant\u0131kl\u0131 ve yoksullu\u011fun kal\u0131c\u0131 olmas\u0131n\u0131 engelleyen bir durum. Her birimin birbiriyle ba\u011flant\u0131l\u0131 \u00fcretimler yapmas\u0131, birbirini desteklemesi \u00e7ok g\u00fczel ve tabi kad\u0131nlarla ilgili projeler de \u00e7ok etkileyici. Kaynak yapan, marangozhanede mobilya yapan kad\u0131nlar\u0131 g\u00f6rmek ve daha sonras\u0131nda bu kad\u0131nlar\u0131n istihdama kat\u0131ld\u0131\u011f\u0131n\u0131 bilmek beni bir T\u00fcrkiye Cumhuriyeti vatanda\u015f\u0131 olarak \u00e7ok etkiledi. Mersin herkes i\u00e7in ya\u015fanabilir bir kent&#8221;&nbsp;<\/strong>ifadelerini kulland\u0131.<\/p>\n\n\n\n<p><strong>\u00d6zg\u00fcm\u00fc\u015f: &#8220;<em>&#8216;Sana Belediye baks\u0131n&#8217;!<\/em>&nbsp;dendi\u011finde, Mersin B\u00fcy\u00fck\u015fehir Belediyesi&#8217;ni \u00f6rnek g\u00f6sterebilirim&#8221;<\/strong><\/p>\n\n\n\n<p>Kad\u0131n Koalisyonu&#8217;ndan Sibel \u00d6zg\u00fcm\u00fc\u015f, B\u00fcy\u00fck\u015fehir&#8217;in sosyal hizmetlerine hayran kald\u0131\u011f\u0131n\u0131 dile getirerek,&nbsp;<strong>&#8220;Turu tamamlad\u0131ktan sonra ilk akl\u0131ma gelen \u015fu oldu;&nbsp;<em>&#8216;Sana Belediye baks\u0131n!&#8217;<\/em>&nbsp;diye halk aras\u0131nda bir s\u00f6z s\u00f6ylenir ve bu ger\u00e7ekten birisine s\u00f6ylenecekse, \u00e7ocuktan tutun engelli, dezavantajl\u0131 gruplar ve kad\u0131nlar olmak \u00fczere hangi kesimde olursa olsun,&nbsp;<em>&#8216;Sana Belediye baks\u0131n&#8217;!<\/em>&nbsp;dendi\u011finde, Mersin B\u00fcy\u00fck\u015fehir Belediyesi&#8217;ni \u00f6rnek g\u00f6sterebilirim. \u00c7\u00fcnk\u00fc tam anlam\u0131yla toplumsal cinsiyet e\u015fitli\u011fini oda\u011f\u0131na alm\u0131\u015f ve t\u00fcm kesimlere hitap edebilen bir hizmeti var. Hizmetlere ger\u00e7ekten hayran olmamak elde de\u011fil. B\u00f6yle bir belediyemizin olmas\u0131ndan dolay\u0131 gurur duydum&#8221;&nbsp;<\/strong>dedi ve Mersin B\u00fcy\u00fck\u015fehir Belediye Ba\u015fkan\u0131 Vahap Se\u00e7er ile t\u00fcm belediye \u00e7al\u0131\u015fanlar\u0131na te\u015fekk\u00fcr etti.<\/p>\n\n\n\n<p><strong>Deniz: &#8220;Hizmetlerde \u00e7ok d\u00fc\u015f\u00fcn\u00fclm\u00fc\u015f b\u00fct\u00fcnsel bir yakla\u015f\u0131m var&#8221;<\/strong><\/p>\n\n\n\n<p>Anne \u00c7ocuk E\u011fitim Vakf\u0131 (A\u00c7EV) Kurumsal \u0130\u015f Birlikleri ve Savunu Direkt\u00f6r\u00fc Hasan Deniz, hizmetlerin b\u00fct\u00fcnsellik a\u00e7\u0131s\u0131ndan profesyonelce yap\u0131ld\u0131\u011f\u0131n\u0131 belirterek,&nbsp;<strong>&#8220;Mersin B\u00fcy\u00fck\u015fehir Belediyesi bir\u00e7ok \u00e7al\u0131\u015fmas\u0131n\u0131 \u00e7ok yak\u0131ndan takip etti\u011fim bir belediye. Do\u011fumdan ya\u015fam\u0131n sonuna kadar hemen hemen her evreyi kapsayan farkl\u0131 sosyal destek hizmetleriyle \u00e7ok b\u00fct\u00fcnl\u00fckl\u00fc bir sistem kurulmu\u015f. Erken \u00e7ocukluk d\u00f6nemi hizmetleri vak\u0131f olarak bizim \u00f6zellikle dikkatimizi \u00e7ekti. Gayet iyi hizmetler var ve daha \u00f6nemlisi benim en \u00e7ok dikkat etti\u011fim bir \u015fey liyakatli ve i\u015finde profesyonel personelle etkili ve etkin \u00e7al\u0131\u015fmalar var&#8221;&nbsp;<\/strong>dedi. \u00d6zel gereksinimli bireylere yap\u0131lan hizmetlerin de dikkatlerini \u00e7ekti\u011fini s\u00f6zlerine ekleyen Deniz,&nbsp;<strong>&#8220;Engelli \u00e7ocuklara y\u00f6nelik merkez \u00e7ok dikkatimi \u00e7ekti \u00e7\u00fcnk\u00fc onlar\u0131n d\u0131\u015flanmamas\u0131, hayata dahil edilmesi, ailenin yaln\u0131z b\u0131rak\u0131lmamas\u0131 \u00e7ok \u00f6nemli diye d\u00fc\u015f\u00fcn\u00fcyorum&#8221;&nbsp;<\/strong>diye konu\u015ftu.&nbsp;<\/p>\n\n\n\n<p><strong>Kat\u0131rc\u0131: &#8220;\u00c7ok \u00f6nemli, \u00e7ok k\u0131ymetli \u00e7al\u0131\u015fmalar yap\u0131lm\u0131\u015f&#8221;<\/strong><\/p>\n\n\n\n<p>E\u015fitlik \u0130\u00e7in Kad\u0131n Platformu&#8217;ndan (E\u015e\u0130K) Oya Kat\u0131rc\u0131, Mersin B\u00fcy\u00fck\u015fehir&#8217;in \u00e7al\u0131\u015fmalar\u0131n\u0131n muhte\u015fem oldu\u011funu ifade ederek,&nbsp;<strong>&#8220;Biz Yerel E\u015fitlik Eylem Plan\u0131&#8217;n\u0131 daha \u00f6nce incelemi\u015ftik ve orada verilen s\u00f6zleri g\u00f6zlemleme \u015fans\u0131m\u0131z oldu. Yap\u0131lm\u0131\u015f olan \u00e7al\u0131\u015fmalar olduk\u00e7a g\u00fczel. \u00d6zellikle kad\u0131n, ya\u015fl\u0131, \u00e7ocuk, engelli t\u00fcm bireyler g\u00f6z \u00f6n\u00fcnde bulundurularak yap\u0131lm\u0131\u015f \u00e7al\u0131\u015fmalar var. Bu \u00e7al\u0131\u015fmalar \u00e7ok k\u0131ymetli, \u00e7ok de\u011ferli. Kutluyorum. T\u00fcm emek verenlerin emeklerine sa\u011fl\u0131k. B\u00f6yle bir belediye ba\u015fkan\u0131 ve b\u00f6yle devasa bir ekibe sahip oldu\u011fu i\u00e7in Mersin halk\u0131 \u00e7ok \u015fansl\u0131. \u00d6rnek te\u015fkil edeceksiniz&#8221;<\/strong>&nbsp;diye konu\u015ftu.<\/p>\n","protected":false},"excerpt":{"rendered":"<p>Mersin B\u00fcy\u00fck\u015fehir Belediyesi&#8217;nin&nbsp;&#8216;Yerel E\u015fitlik Eylem Plan\u0131 \u0130zleme ve De\u011ferlendirme Program\u0131&#8216; kapsam\u0131nda kente gelen ulusal bas\u0131n mensuplar\u0131 ile sivil toplum kurulu\u015flar\u0131ndan temsilciler, sosyal politikalar alan\u0131nda hayata ge\u00e7irilen hizmetleri yerinde inceleyip, gezme f\u0131rsat\u0131 buldu. Mersin&#8217;de bir sosyal politikalar turu ger\u00e7ekle\u015ftiren ulusal bas\u0131n mensuplar\u0131 ile STK temsilcileri Mersin B\u00fcy\u00fck\u015fehir&#8217;in sosyal hizmetler alan\u0131nda ortaya koydu\u011fu hizmetlere tam not verdi. [&hellip;]<\/p>\n","protected":false},"author":2,"featured_media":40392,"comment_status":"closed","ping_status":"closed","sticky":false,"template":"","format":"standard","meta":{"footnotes":""},"categories":[2,3],"tags":[],"class_list":["post-40391","post","type-post","status-publish","format-standard","has-post-thumbnail","hentry","category-gundem","category-manset"],"views":7,"_links":{"self":[{"href":"https:\/\/mersinkadingazetesi.com\/index.php?rest_route=\/wp\/v2\/posts\/40391"}],"collection":[{"href":"https:\/\/mersinkadingazetesi.com\/index.php?rest_route=\/wp\/v2\/posts"}],"about":[{"href":"https:\/\/mersinkadingazetesi.com\/index.php?rest_route=\/wp\/v2\/types\/post"}],"author":[{"embeddable":true,"href":"https:\/\/mersinkadingazetesi.com\/index.php?rest_route=\/wp\/v2\/users\/2"}],"replies":[{"embeddable":true,"href":"https:\/\/mersinkadingazetesi.com\/index.php?rest_route=%2Fwp%2Fv2%2Fcomments&post=40391"}],"version-history":[{"count":1,"href":"https:\/\/mersinkadingazetesi.com\/index.php?rest_route=\/wp\/v2\/posts\/40391\/revisions"}],"predecessor-version":[{"id":40393,"href":"https:\/\/mersinkadingazetesi.com\/index.php?rest_route=\/wp\/v2\/posts\/40391\/revisions\/40393"}],"wp:featuredmedia":[{"embeddable":true,"href":"https:\/\/mersinkadingazetesi.com\/index.php?rest_route=\/wp\/v2\/media\/40392"}],"wp:attachment":[{"href":"https:\/\/mersinkadingazetesi.com\/index.php?rest_route=%2Fwp%2Fv2%2Fmedia&parent=40391"}],"wp:term":[{"taxonomy":"category","embeddable":true,"href":"https:\/\/mersinkadingazetesi.com\/index.php?rest_route=%2Fwp%2Fv2%2Fcategories&post=40391"},{"taxonomy":"post_tag","embeddable":true,"href":"https:\/\/mersinkadingazetesi.com\/index.php?rest_route=%2Fwp%2Fv2%2Ftags&post=40391"}],"curies":[{"name":"wp","href":"https:\/\/api.w.org\/{rel}","templated":true}]}}