{"id":40397,"date":"2025-03-06T13:46:20","date_gmt":"2025-03-06T10:46:20","guid":{"rendered":"https:\/\/mersinkadingazetesi.com\/?p=40397"},"modified":"2025-03-06T13:46:21","modified_gmt":"2025-03-06T10:46:21","slug":"buyuksehir-kenti-kentli-ile-yonetiyor","status":"publish","type":"post","link":"https:\/\/mersinkadingazetesi.com\/?p=40397","title":{"rendered":"B\u00dcY\u00dcK\u015eEH\u0130R KENT\u0130 KENTL\u0130 \u0130LE Y\u00d6NET\u0130YOR"},"content":{"rendered":"\n<p>Mersin&#8217;i Mersinliler ile birlikte y\u00f6netmek i\u00e7in Ba\u015fkan Vahap Se\u00e7er \u00f6nc\u00fcl\u00fc\u011f\u00fcnde durmaks\u0131z\u0131n \u00e7al\u0131\u015fan Mersin B\u00fcy\u00fck\u015fehir Belediyesi, Yerel E\u015fitlik Eylem Plan\u0131&#8217;n\u0131n 2.&#8217;sini de ba\u015far\u0131yla tamamlad\u0131. Mersin&#8217;i kentte ya\u015fayan herkes i\u00e7in daha e\u015fit bir noktaya ta\u015f\u0131mak isteyen B\u00fcy\u00fck\u015fehir,&nbsp;<strong><em>&#8216;2024-2025-2026 Y\u0131l\u0131 Yerel E\u015fitlik Eylem Plan\u0131&#8217;&nbsp;<\/em><\/strong>ile daha adil ve daha hak temelli hizmet ad\u0131na, yerelde ve ulusalda \u00f6rnek olacak \u00e7al\u0131\u015fmalar i\u00e7in ad\u0131mlar\u0131n\u0131 att\u0131.<\/p>\n\n\n\n<p>Do\u011fumdan \u00f6l\u00fcme kadar hayat\u0131n her an\u0131nda yurtta\u015flar\u0131n ya\u015famlar\u0131n\u0131 kolayla\u015ft\u0131racak \u00e7al\u0131\u015fmalar sunan Mersin B\u00fcy\u00fck\u015fehir, hizmet kalitesini art\u0131rmak i\u00e7in yapt\u0131\u011f\u0131 planlamalar\u0131 kent payda\u015flar\u0131na sunup, onlar\u0131n \u00f6nerilerini dinledi.<\/p>\n\n\n\n<p>Tarsus&#8217;tan Anamur&#8217;a, \u00e7ocuklardan ya\u015f alm\u0131\u015flara, e\u011fitimden sa\u011fl\u0131\u011fa, g\u0131dadan k\u0131yafete kadar hayat\u0131n her alan\u0131nda yurtta\u015f\u0131n yan\u0131nda olmaya devam etmeyi hedefleyen B\u00fcy\u00fck\u015fehir; Mahalle Mutfaklar\u0131&#8217;ndan \u00e7ocuklara HPV a\u015f\u0131s\u0131na, LGS-YKS kurslar\u0131ndan okuma yazma kurslar\u0131na, Evde Sa\u011fl\u0131k Hizmetlerinden Engelsiz Mersin&#8217;in kurulmas\u0131na kadar verdi\u011fi hizmetlere yenilerini eklemeyi hedefliyor.<\/p>\n\n\n\n<p><strong>Se\u00e7er: &#8220;Do\u011fru, g\u00f6r\u00fcn\u00fcr ve izlenebilir \u00e7al\u0131\u015fmalarla, g\u00fcnlerimiz \u00e7ok daha ayd\u0131nl\u0131k olacak&#8221;<\/strong><\/p>\n\n\n\n<p>Kent payda\u015flar\u0131yla bir araya gelerek birbirinden de\u011ferli fikirleri dinleyen Mersinden Kad\u0131n Kooperatifi Ba\u015fkan\u0131 Meral Se\u00e7er; 2019 y\u0131l\u0131nda ba\u015flayan ser\u00fcvenin katlanarak b\u00fcy\u00fcd\u00fc\u011f\u00fcn\u00fc ve 2025&#8217;te \u00e7ok daha g\u00fczel i\u015fler yap\u0131laca\u011f\u0131n\u0131 s\u00f6yleyerek,&nbsp;<strong>&#8220;Hem kentimizde hem de \u00fclkemizde; do\u011fru, g\u00f6r\u00fcn\u00fcr ve izlenebilir \u00e7al\u0131\u015fmalar yap\u0131ld\u0131\u011f\u0131 takdirde, g\u00fcnlerimizin \u00e7ok daha ayd\u0131nl\u0131k olaca\u011f\u0131na; kad\u0131nlar\u0131n, erkeklerin, \u00e7ocuklar\u0131n, herkesin \u00e7ok mutlu olaca\u011f\u0131na inan\u0131yorum. Bu, bizlerin motivasyonu oluyor. Umar\u0131m bu \u00e7al\u0131\u015fmalar, sizlerin de katk\u0131lar\u0131yla daha g\u00fczel sonu\u00e7lara gider. \u0130yi ki hepiniz vars\u0131n\u0131z, iyi ki hepimizde kad\u0131nlarla \u00e7al\u0131\u015fma iste\u011fi ve sevinci var&#8221;<\/strong>&nbsp;dedi ve emek veren herkese te\u015fekk\u00fcr etti.<\/p>\n\n\n\n<p><strong>Foggo: &#8220;T\u00fcrkiye&#8217;de ya\u015fanan yoksulluktan, en \u00e7ok kad\u0131nlar ve k\u0131z \u00e7ocuklar\u0131 etkileniyor&#8221;<\/strong><\/p>\n\n\n\n<p>T\u00fcrkiye&#8217;de e\u015fitsizli\u011fin, yoksullu\u011fun g\u00fcnden g\u00fcne derinle\u015fti\u011fini ve en \u00e7ok da kad\u0131n ve k\u0131z \u00e7ocuklar\u0131n\u0131n bu yoksulluktan etkilendi\u011fini say\u0131sal verilerle aktaran Derin Yoksulluk A\u011f\u0131 Kurucusu Hacer Foggo,<strong>&nbsp;&#8220;Yoksullu\u011fu da, soka\u011f\u0131 da, i\u015fi de, hayat\u0131 da idare eden kad\u0131nlard\u0131r. \u0130nsan, onurlu bir ya\u015fam i\u00e7in direnir; bazen topraktan f\u0131\u015fk\u0131ran bir filiz i\u00e7in, sokakta yaralanan k\u00fc\u00e7\u00fck bir kedi i\u00e7in, a\u011fa\u00e7 i\u00e7in, hayal kuramayan \u00e7ocuklar i\u00e7in, kad\u0131nlar i\u00e7in&#8221;&nbsp;<\/strong>diye konu\u015ftu. 5 y\u0131ld\u0131r Mersin B\u00fcy\u00fck\u015fehir&#8217;i \u00e7ok yak\u0131ndan izledi\u011fini aktaran Foggo,&nbsp;<strong>&#8220;Vahap Ba\u015fkan\u0131m\u0131za ve Meral Han\u0131ma \u00e7ok te\u015fekk\u00fcr ediyorum. \u00c7\u00fcnk\u00fc,&nbsp;<em>&#8216;Mersin bir umut \u015fehri ve herkes i\u00e7in bir Mersin&#8217;<\/em>&nbsp;diyorum&#8221;&nbsp;<\/strong>s\u00f6zlerine yer verdi.<\/p>\n\n\n\n<p><strong>Dokucu: &#8220;Hizmetlerimizde ula\u015f\u0131labilir ve kapsay\u0131c\u0131 olmay\u0131 hedefledik&#8221;<\/strong><\/p>\n\n\n\n<p>2.&#8217;si yap\u0131lan Yerel E\u015fitlik Eylem Plan\u0131&#8217;nda her ya\u015ftan, her cinsiyetten ve farkl\u0131 b\u00f6lgelerde ya\u015fayan yurtta\u015flar\u0131n hizmetlere e\u015fit ula\u015fabilmesi ad\u0131na g\u00fczel fikirlerin dile getirildi\u011fini kaydeden Mersin B\u00fcy\u00fck\u015fehir Belediyesi Kad\u0131n ve Aile Hizmetleri Dairesi Ba\u015fkan\u0131 \u015eerife Haso\u011flu Dokucu,&nbsp;<strong>&#8220;Hizmetlerimizde ula\u015f\u0131labilir ve kapsay\u0131c\u0131 olmay\u0131 hedef bildik. \u00c7ok \u00e7e\u015fitli projelerle bunu ger\u00e7ekle\u015ftirmeye \u00e7al\u0131\u015ft\u0131k&#8221;<\/strong>&nbsp;diyerek, belediyede \u00e7al\u0131\u015fanlara kapasite geli\u015ftirme ve de\u011fi\u015fik e\u011fitimler verdiklerini vurgulad\u0131. Birbirinden k\u0131ymetli \u00e7ok fazla hizmeti Mersinlilere g\u00f6t\u00fcrd\u00fcklerini s\u00f6yleyen Dokucu, eksik kald\u0131klar\u0131 noktalarda da iyile\u015ftirmeler yapacaklar\u0131n\u0131 ifade etti.<\/p>\n\n\n\n<p><strong>Dolan\u00e7ay: &#8220;Adana ve Mersin&#8217;in, bir\u00e7ok noktada benzer yanlar\u0131 var&#8221;<\/strong><\/p>\n\n\n\n<p>Toplant\u0131ya kat\u0131lan Adana B\u00fcy\u00fck\u015fehir Belediyesi Kad\u0131n ve Aile Hizmetleri Daire Ba\u015fkan\u0131 Ayten Dolan\u00e7ay, Adana ve Mersin&#8217;in karde\u015f \u015fehir oldu\u011funu ve bir\u00e7ok noktada benzer yanlar\u0131n\u0131n oldu\u011funu s\u00f6yledi. Dolan\u00e7ay,&nbsp;<strong>&#8220;Toplumsal cinsiyet e\u015fitli\u011fini oda\u011f\u0131na alm\u0131\u015f belediyenin kre\u015fleri, dan\u0131\u015fma merkezleri, mahalle merkezleri varsa, biz bu e\u015fitli\u011fi sa\u011flayabilir ve tabana yayabiliriz. Bizler bu yola beraber \u00e7\u0131kt\u0131k ve elimizden geleni yapaca\u011f\u0131z&#8221;<\/strong>&nbsp;dedi.<\/p>\n\n\n\n<p><strong>Bahat: &#8220;Mersin B\u00fcy\u00fck\u015fehir Belediyesi&#8217;nin, 100&#8217;\u00fc a\u015fk\u0131n \u00f6rnek projesi mevcut&#8221;<\/strong><\/p>\n\n\n\n<p>B\u00fcy\u00fck\u015fehir&#8217;in Sosyal Politikalar Ofisi&#8217;nin \u00e7al\u0131\u015fmalar\u0131n\u0131 kat\u0131l\u0131mc\u0131lara anlatan Sosyal Politikalar Ofisi Program Y\u00fcr\u00fct\u00fcc\u00fcs\u00fc Melek Bahat,&nbsp;<strong>&#8220;Sosyal Politikalar Ofisi, Mersin&#8217;in \u00f6rnek sosyal politikalar\u0131n\u0131n yaratt\u0131\u011f\u0131 sosyal etkileri analiz edip, iyi uygulamalar\u0131 tespit ediyor. Di\u011fer belediyelere yayg\u0131nla\u015ft\u0131r\u0131lmas\u0131 s\u00fcrecinde rehberlik g\u00f6revi g\u00f6r\u00fcyoruz. \u015eu anda da, gelecekte olu\u015fabilecek sorunlar\u0131 \u00f6n g\u00f6rerek, olu\u015fabilecek yeni politika \u00f6nerileri geli\u015ftirmeye \u00e7al\u0131\u015fan bir ofisiz. Mersin&#8217;in 100&#8217;\u00fc a\u015fk\u0131n \u00f6rnek projesi var. Bu iyi \u00f6rnekleri tespit ediyor ve di\u011fer yerel y\u00f6netimlere kolayla\u015ft\u0131r\u0131c\u0131l\u0131k s\u00fcreci yap\u0131yoruz&#8221;<\/strong>&nbsp;ifadelerine yer verdi.<\/p>\n\n\n\n<p><strong>\u00d6zden: &#8220;B\u00fcy\u00fck\u015fehir, yerelde e\u015fitlik kapsam\u0131nda g\u00fczel \u00e7al\u0131\u015fmalar yap\u0131yor&#8221;<\/strong><\/p>\n\n\n\n<p>Mersin B\u00fcy\u00fck\u015fehir&#8217;in yerelde e\u015fitlik kapsam\u0131nda g\u00fczel \u00e7al\u0131\u015fmalar yapt\u0131\u011f\u0131n\u0131 ve bu \u00e7al\u0131\u015fmalar\u0131n titizlikle hayata ge\u00e7irildi\u011fini vurgulayan Yerel Y\u00f6netim Uzman\u0131 Bahar \u00d6zden,&nbsp;<strong><em>&#8216;E\u011fitim ve Fark\u0131ndal\u0131k, \u0130stihdam ve Ekonomik G\u00fc\u00e7lendirme, Kat\u0131l\u0131m, Kentsel Hizmetler, Sa\u011fl\u0131k, \u015eiddet, Kurumsal Kapasite ile \u0130zleme ve De\u011ferlendirme&#8217;<\/em><\/strong>&nbsp;ba\u015fl\u0131klar\u0131nda B\u00fcy\u00fck\u015fehir&#8217;in hedeflerini y\u00fczde 82 oran\u0131nda ger\u00e7ekle\u015ftirdi\u011fini s\u00f6yledi. B\u00fcy\u00fck\u015fehir&#8217;in hizmetlerinin t\u00fcm T\u00fcrkiye&#8217;ye \u00f6rnek te\u015fkil etti\u011fini de vurgulayan \u00d6zden, Mersin B\u00fcy\u00fck\u015fehir&#8217;in yol g\u00f6sterici noktada oldu\u011funu belirtti.<\/p>\n\n\n\n<p><strong>Akp\u0131nar: &#8220;Kad\u0131na y\u00f6nelik \u015fiddete kar\u015f\u0131, yerel y\u00f6netimlere b\u00fcy\u00fck g\u00f6rev d\u00fc\u015f\u00fcyor&#8221;<\/strong><\/p>\n\n\n\n<p>Mersin B\u00fcy\u00fck\u015fehir&#8217;in yapt\u0131\u011f\u0131 projelerin t\u00fcm T\u00fcrkiye&#8217;ye \u00f6rnek olmas\u0131 gerekti\u011fini vurgulayan G\u00fcnebakan Kad\u0131n Derne\u011fi Aktivisti Z\u00fcbeyde Akp\u0131nar,&nbsp;<strong>&#8220;Yerel E\u015fitlik Eylem Plan\u0131, kad\u0131nlar\u0131n s\u00f6zlerini s\u00f6yleyebilece\u011fi ve g\u00f6r\u00fc\u015flerini aktarabilece\u011fi alanlar olu\u015fturuyor ve bu do\u011frultuda politikalar geli\u015ftiriliyor&#8221;<\/strong>&nbsp;diyerek, e\u015fit s\u00f6z hakk\u0131n\u0131n da sa\u011fland\u0131\u011f\u0131n\u0131 vurgulad\u0131. \u00d6zellikle kad\u0131na y\u00f6nelik \u015fiddete kar\u015f\u0131 yerel y\u00f6netimlere b\u00fcy\u00fck g\u00f6rev d\u00fc\u015ft\u00fc\u011f\u00fcn\u00fc s\u00f6yleyen Akp\u0131nar,&nbsp;<strong>&#8220;Yerel y\u00f6netimlerin, kad\u0131nlar\u0131n g\u00fc\u00e7lendirilmesine y\u00f6nelik g\u00fczel \u00e7al\u0131\u015fmalar\u0131 var. Bunlar\u0131n geli\u015ftirilmesi y\u00f6n\u00fcnde ad\u0131m at\u0131lmal\u0131. Mersin&#8217;den ba\u015flayan ve t\u00fcm T\u00fcrkiye&#8217;ye yay\u0131lan bu politikalar\u0131n savunuculu\u011funun yap\u0131lmas\u0131 \u00f6nemli&#8221;<\/strong>&nbsp;diye konu\u015ftu.<\/p>\n","protected":false},"excerpt":{"rendered":"<p>Mersin&#8217;i Mersinliler ile birlikte y\u00f6netmek i\u00e7in Ba\u015fkan Vahap Se\u00e7er \u00f6nc\u00fcl\u00fc\u011f\u00fcnde durmaks\u0131z\u0131n \u00e7al\u0131\u015fan Mersin B\u00fcy\u00fck\u015fehir Belediyesi, Yerel E\u015fitlik Eylem Plan\u0131&#8217;n\u0131n 2.&#8217;sini de ba\u015far\u0131yla tamamlad\u0131. Mersin&#8217;i kentte ya\u015fayan herkes i\u00e7in daha e\u015fit bir noktaya ta\u015f\u0131mak isteyen B\u00fcy\u00fck\u015fehir,&nbsp;&#8216;2024-2025-2026 Y\u0131l\u0131 Yerel E\u015fitlik Eylem Plan\u0131&#8217;&nbsp;ile daha adil ve daha hak temelli hizmet ad\u0131na, yerelde ve ulusalda \u00f6rnek olacak \u00e7al\u0131\u015fmalar i\u00e7in [&hellip;]<\/p>\n","protected":false},"author":2,"featured_media":40398,"comment_status":"closed","ping_status":"closed","sticky":false,"template":"","format":"standard","meta":{"footnotes":""},"categories":[3],"tags":[],"class_list":["post-40397","post","type-post","status-publish","format-standard","has-post-thumbnail","hentry","category-manset"],"views":3,"_links":{"self":[{"href":"https:\/\/mersinkadingazetesi.com\/index.php?rest_route=\/wp\/v2\/posts\/40397"}],"collection":[{"href":"https:\/\/mersinkadingazetesi.com\/index.php?rest_route=\/wp\/v2\/posts"}],"about":[{"href":"https:\/\/mersinkadingazetesi.com\/index.php?rest_route=\/wp\/v2\/types\/post"}],"author":[{"embeddable":true,"href":"https:\/\/mersinkadingazetesi.com\/index.php?rest_route=\/wp\/v2\/users\/2"}],"replies":[{"embeddable":true,"href":"https:\/\/mersinkadingazetesi.com\/index.php?rest_route=%2Fwp%2Fv2%2Fcomments&post=40397"}],"version-history":[{"count":1,"href":"https:\/\/mersinkadingazetesi.com\/index.php?rest_route=\/wp\/v2\/posts\/40397\/revisions"}],"predecessor-version":[{"id":40399,"href":"https:\/\/mersinkadingazetesi.com\/index.php?rest_route=\/wp\/v2\/posts\/40397\/revisions\/40399"}],"wp:featuredmedia":[{"embeddable":true,"href":"https:\/\/mersinkadingazetesi.com\/index.php?rest_route=\/wp\/v2\/media\/40398"}],"wp:attachment":[{"href":"https:\/\/mersinkadingazetesi.com\/index.php?rest_route=%2Fwp%2Fv2%2Fmedia&parent=40397"}],"wp:term":[{"taxonomy":"category","embeddable":true,"href":"https:\/\/mersinkadingazetesi.com\/index.php?rest_route=%2Fwp%2Fv2%2Fcategories&post=40397"},{"taxonomy":"post_tag","embeddable":true,"href":"https:\/\/mersinkadingazetesi.com\/index.php?rest_route=%2Fwp%2Fv2%2Ftags&post=40397"}],"curies":[{"name":"wp","href":"https:\/\/api.w.org\/{rel}","templated":true}]}}