{"id":40411,"date":"2025-03-07T11:23:43","date_gmt":"2025-03-07T08:23:43","guid":{"rendered":"https:\/\/mersinkadingazetesi.com\/?p=40411"},"modified":"2025-03-07T11:23:43","modified_gmt":"2025-03-07T08:23:43","slug":"baskan-secerden-8-mart-dunya-emekci-kadinlar-gunu-mesaji","status":"publish","type":"post","link":"https:\/\/mersinkadingazetesi.com\/?p=40411","title":{"rendered":"BA\u015eKAN SE\u00c7ER&#8217;DEN &#8216;8 MART D\u00dcNYA EMEK\u00c7\u0130 KADINLAR G\u00dcN\u00dc&#8217; MESAJI"},"content":{"rendered":"\n<p>Mersin B\u00fcy\u00fck\u015fehir Belediye Ba\u015fkan\u0131 Vahap Se\u00e7er, 8 Mart D\u00fcnya Emek\u00e7i Kad\u0131nlar G\u00fcn\u00fc dolay\u0131s\u0131yla bir mesaj yay\u0131mlad\u0131.<\/p>\n\n\n\n<p>Ba\u015fkan Se\u00e7er, mesaj\u0131nda \u015fu ifadelere yer verdi:<\/p>\n\n\n\n<p><strong>&#8220;8 Mart, kad\u0131nlar\u0131n e\u015fitlik, \u00f6zg\u00fcrl\u00fck ve insanca ya\u015fam m\u00fccadelesinin simgesidir. Kad\u0131nlar\u0131n ya\u015fam\u0131n her alan\u0131nda verdi\u011fi m\u00fccadele, yaln\u0131zca kendi haklar\u0131n\u0131 de\u011fil, daha adil ve e\u015fit bir toplum in\u015fas\u0131n\u0131 da m\u00fcmk\u00fcn k\u0131lmaktad\u0131r. Kad\u0131nlar\u0131n emekleriyle var etti\u011fi, \u00fcrettikleriyle g\u00fc\u00e7lendirdi\u011fi bir d\u00fcnyada, hak ettikleri ya\u015fam ko\u015fullar\u0131na ula\u015fmalar\u0131 hepimizin ortak sorumlulu\u011fudur.<\/strong><\/p>\n\n\n\n<p><strong>Mersin B\u00fcy\u00fck\u015fehir Belediyesi olarak g\u00f6reve geldi\u011fimiz g\u00fcnden bu yana, kad\u0131nlar\u0131n haklar\u0131n\u0131 korumak, ya\u015fam\u0131n her alan\u0131nda e\u015fit yer almalar\u0131n\u0131 sa\u011flamak ve \u00f6zg\u00fcrle\u015fmelerini desteklemek i\u00e7in kararl\u0131l\u0131kla \u00e7al\u0131\u015f\u0131yoruz. Kad\u0131nlar\u0131n ekonomik ba\u011f\u0131ms\u0131zl\u0131klar\u0131n\u0131 kazanmalar\u0131 i\u00e7in kad\u0131n kooperatiflerini destekliyor, \u00fcretici kad\u0131n stantlar\u0131m\u0131zla emeklerinin g\u00f6r\u00fcn\u00fcrl\u00fc\u011f\u00fcn\u00fc art\u0131r\u0131yoruz. Kad\u0131n Dan\u0131\u015fma Merkezlerimizde sundu\u011fumuz psikolojik, hukuki ve sosyal destek hizmetleriyle, kad\u0131nlar\u0131n g\u00fc\u00e7lenmelerine ve ya\u015famlar\u0131nda yeni bir ba\u015flang\u0131\u00e7 yapabilmelerine yard\u0131mc\u0131 oluyoruz. Kad\u0131na y\u00f6nelik \u015fiddetle m\u00fccadelede de \u00fczerimize d\u00fc\u015fen sorumlulu\u011fu yerine getiriyor, ihtiya\u00e7 duyan kad\u0131nlara bar\u0131nma, rehberlik ve destek hizmetleri sunuyoruz.<\/strong><\/p>\n\n\n\n<p><strong>Kad\u0131nlar\u0131n i\u015f g\u00fcc\u00fcne kat\u0131l\u0131m\u0131n\u0131 te\u015fvik eden projelerimizle, kad\u0131nlar\u0131n yaln\u0131zca aile i\u00e7inde de\u011fil, \u00e7al\u0131\u015fma hayat\u0131nda, siyasette ve sosyal ya\u015famda da hak ettikleri yere gelmeleri i\u00e7in \u00e7al\u0131\u015f\u0131yoruz. Belediyemizde ve ba\u011fl\u0131 \u015firketlerimizde kad\u0131n istihdam\u0131n\u0131 s\u00fcrekli art\u0131r\u0131yor, kad\u0131nlar\u0131n her alanda daha g\u00fc\u00e7l\u00fc bir \u015fekilde yer almas\u0131n\u0131 sa\u011flayarak, kad\u0131nlar\u0131 eve hapseden anlay\u0131\u015fa kar\u015f\u0131 m\u00fccadelemizi s\u00fcrd\u00fcr\u00fcyoruz.<\/strong><\/p>\n\n\n\n<p><strong>Kad\u0131nlar\u0131n \u00f6zg\u00fcr, e\u015fit ve g\u00fcvenli bir ya\u015fam s\u00fcrd\u00fc\u011f\u00fc bir kent yaratma hedefimiz do\u011frultusunda, bug\u00fcne kadar oldu\u011fu gibi bundan sonra da kad\u0131nlarla yan yana m\u00fccadele etmeye devam edece\u011fiz.<\/strong><\/p>\n\n\n\n<p><strong>Eme\u011fiyle, m\u00fccadelesiyle ve kararl\u0131l\u0131\u011f\u0131yla toplumu de\u011fi\u015ftiren t\u00fcm kad\u0131nlar\u0131n 8 Mart D\u00fcnya Emek\u00e7i Kad\u0131nlar G\u00fcn\u00fc&#8217;n\u00fc kutluyor, e\u015fit ve \u00f6zg\u00fcr bir gelece\u011fi hep birlikte in\u015fa edece\u011fimize inan\u0131yorum.&#8221;<\/strong><strong><\/strong><br><\/p>\n","protected":false},"excerpt":{"rendered":"<p>Mersin B\u00fcy\u00fck\u015fehir Belediye Ba\u015fkan\u0131 Vahap Se\u00e7er, 8 Mart D\u00fcnya Emek\u00e7i Kad\u0131nlar G\u00fcn\u00fc dolay\u0131s\u0131yla bir mesaj yay\u0131mlad\u0131. Ba\u015fkan Se\u00e7er, mesaj\u0131nda \u015fu ifadelere yer verdi: &#8220;8 Mart, kad\u0131nlar\u0131n e\u015fitlik, \u00f6zg\u00fcrl\u00fck ve insanca ya\u015fam m\u00fccadelesinin simgesidir. Kad\u0131nlar\u0131n ya\u015fam\u0131n her alan\u0131nda verdi\u011fi m\u00fccadele, yaln\u0131zca kendi haklar\u0131n\u0131 de\u011fil, daha adil ve e\u015fit bir toplum in\u015fas\u0131n\u0131 da m\u00fcmk\u00fcn k\u0131lmaktad\u0131r. Kad\u0131nlar\u0131n emekleriyle [&hellip;]<\/p>\n","protected":false},"author":2,"featured_media":40412,"comment_status":"closed","ping_status":"closed","sticky":false,"template":"","format":"standard","meta":{"footnotes":""},"categories":[1,3],"tags":[],"class_list":["post-40411","post","type-post","status-publish","format-standard","has-post-thumbnail","hentry","category-genel","category-manset"],"views":3,"_links":{"self":[{"href":"https:\/\/mersinkadingazetesi.com\/index.php?rest_route=\/wp\/v2\/posts\/40411"}],"collection":[{"href":"https:\/\/mersinkadingazetesi.com\/index.php?rest_route=\/wp\/v2\/posts"}],"about":[{"href":"https:\/\/mersinkadingazetesi.com\/index.php?rest_route=\/wp\/v2\/types\/post"}],"author":[{"embeddable":true,"href":"https:\/\/mersinkadingazetesi.com\/index.php?rest_route=\/wp\/v2\/users\/2"}],"replies":[{"embeddable":true,"href":"https:\/\/mersinkadingazetesi.com\/index.php?rest_route=%2Fwp%2Fv2%2Fcomments&post=40411"}],"version-history":[{"count":1,"href":"https:\/\/mersinkadingazetesi.com\/index.php?rest_route=\/wp\/v2\/posts\/40411\/revisions"}],"predecessor-version":[{"id":40413,"href":"https:\/\/mersinkadingazetesi.com\/index.php?rest_route=\/wp\/v2\/posts\/40411\/revisions\/40413"}],"wp:featuredmedia":[{"embeddable":true,"href":"https:\/\/mersinkadingazetesi.com\/index.php?rest_route=\/wp\/v2\/media\/40412"}],"wp:attachment":[{"href":"https:\/\/mersinkadingazetesi.com\/index.php?rest_route=%2Fwp%2Fv2%2Fmedia&parent=40411"}],"wp:term":[{"taxonomy":"category","embeddable":true,"href":"https:\/\/mersinkadingazetesi.com\/index.php?rest_route=%2Fwp%2Fv2%2Fcategories&post=40411"},{"taxonomy":"post_tag","embeddable":true,"href":"https:\/\/mersinkadingazetesi.com\/index.php?rest_route=%2Fwp%2Fv2%2Ftags&post=40411"}],"curies":[{"name":"wp","href":"https:\/\/api.w.org\/{rel}","templated":true}]}}