{"id":40414,"date":"2025-03-07T11:25:02","date_gmt":"2025-03-07T08:25:02","guid":{"rendered":"https:\/\/mersinkadingazetesi.com\/?p=40414"},"modified":"2025-03-07T11:25:02","modified_gmt":"2025-03-07T08:25:02","slug":"deva-partili-ekmen-umut-hakki-khklilara-da-taninmalidir","status":"publish","type":"post","link":"https:\/\/mersinkadingazetesi.com\/?p=40414","title":{"rendered":"DEVA Partili Ekmen: \u201cUmut hakk\u0131 KHK\u2019l\u0131lara da tan\u0131nmal\u0131d\u0131r\u201d\u00a0"},"content":{"rendered":"\n<p><strong>DEVA Partisi Genel Ba\u015fkan Yard\u0131mc\u0131s\u0131 ve Mersin Milletvekili Mehmet Emin Ekmen, T\u00fcrkiye B\u00fcy\u00fck Millet Meclisi (TBMM) Genel Kurulu k\u00fcrs\u00fcs\u00fcnde s\u00f6z alarak KHK\u2019l\u0131 ma\u011fdurlar hakk\u0131nda Meclise \u00e7a\u011fr\u0131da bulundu. Ekmen, \u201cUmut hakk\u0131n\u0131 KHK\u2019l\u0131lara da tan\u0131yal\u0131m ve bunu siyaset d\u0131\u015f\u0131 bir konu olarak ele alal\u0131m\u201d dedi.<\/strong><\/p>\n\n\n\n<p>TBMM Genel Kurulunda konu\u015fan DEVA Partisi Genel Ba\u015fkan Yard\u0131mc\u0131s\u0131 ve Mersin Milletvekili Mehmet Emin Ekmen, g\u00fcndemde olan \u2018umut hakk\u0131\u2019 tart\u0131\u015fmalar\u0131n\u0131n, KHK\u2019l\u0131lar i\u00e7in de uygulanmas\u0131 gerekti\u011fini belirtti.<\/p>\n\n\n\n<p><strong>\u201cKan, \u015fiddet ve silah\u0131n g\u00f6lgesinden T\u00fcrkiye ve siyaset kurtulsun\u2026\u201d<\/strong><\/p>\n\n\n\n<p>S\u00f6zlerine Milliyet\u00e7i Hareket Partisi Genel Ba\u015fkan\u0131 Devlet Bah\u00e7eli\u2019nin 1 Ekim 2024 tarihinde yapm\u0131\u015f oldu\u011fu konu\u015fmas\u0131yla ba\u015flayan Ekmen, \u201c1 Ekim tarihinde Say\u0131n Bah\u00e7eli&#8217;nin Mecliste ba\u015flatt\u0131\u011f\u0131 bir giri\u015fim diyelim, can\u0131 g\u00f6n\u00fclden arzu ederiz ki ba\u015far\u0131ya ula\u015fs\u0131n ve ter\u00f6rs\u00fcz bir T\u00fcrkiye&#8217;ye kavu\u015fal\u0131m. Kan, \u015fiddet ve silah\u0131n g\u00f6lgesinden T\u00fcrkiye ve siyaset kurtulsun. Say\u0131n Bah\u00e7eli bu \u015fa\u015f\u0131rt\u0131c\u0131 giri\u015fimini kabaca \u015fu 3 temel \u00fczerine oturttu: b\u00f6lgesel geli\u015fmelere kar\u015f\u0131 i\u00e7eriyi tahkim etmek, i\u00e7 bar\u0131\u015f\u0131 sa\u011flamak ve daha sonra hukuk\u00e7u milletvekillerimizin detayl\u0131 olarak gerek\u00e7elendirdi\u011fi \u00fczere umut hakk\u0131\u2026 Bu 3 gerek\u00e7eyle dikkatinizi, medeni \u00f6l\u00fcme terk etti\u011finiz KHK\u2019l\u0131lara \u00e7ekmek istiyorum\u201d dedi.<\/p>\n\n\n\n<p><strong>\u201cHayat\u0131na son veren insanlar\u0131m\u0131z\u0131n bu umuda hakk\u0131 var\u201d<\/strong><\/p>\n\n\n\n<p>Ekmen, \u201c\u0130ster AK Partili ister CHP&#8217;li, DEM&#8217;li ya da MHP&#8217;li, \u0130Y\u0130 Partili ya da DEVA&#8217;l\u0131, Saadetli, Gelecek Partili herhangi bir milletvekilimizin etraf\u0131nda mutlaka birinci dereceden tan\u0131d\u0131\u011f\u0131, ma\u011fduriyetine tan\u0131k oldu\u011fu, medeni \u00f6l\u00fcme terk edilmi\u015f, \u00e2deta ya\u015fama tutunmas\u0131na dair t\u00fcm haklar\u0131 elinden al\u0131nm\u0131\u015f KHK&#8217;l\u0131lar vard\u0131r. Umut hakk\u0131 22 Ekim\u2019e kadar \u00e7ok az ki\u015finin bildi\u011fi bir ba\u015fl\u0131kt\u0131 ancak \u015fu an, \u2018\u00f6m\u00fcr boyu hapse mahk\u00fbm edilmi\u015f ki\u015filerin dahi ya\u015fama tutunabilmesi i\u00e7in tan\u0131nmas\u0131 gereken bir hak olarak\u2019 herkes taraf\u0131ndan biliniyor. \u00d6m\u00fcr boyu hapse mahk\u00fbm edilmi\u015f bir tutuklunun dahi ya\u015fama tutunmas\u0131 i\u00e7in bir umut hakk\u0131 var ise medeni \u00f6l\u00fcme terk etti\u011fimiz KHK&#8217;l\u0131lar\u0131n ve daha bir\u00e7oklar\u0131n\u0131n da bu umuda hakk\u0131 var. \u00dclkeyi terk eden gen\u00e7lerimizin bu umuda hakk\u0131 var. Hayat\u0131na son veren insanlar\u0131m\u0131z\u0131n bu umuda hakk\u0131 var. \u00d6l\u00fcm ve \u015fiddet korkusu alt\u0131nda ya\u015fayan kad\u0131nlar\u0131n bu umuda hakk\u0131 var\u201d ifadeleriyle umut hakk\u0131n\u0131n \u00f6nemine dikkat \u00e7ekti.<\/p>\n\n\n\n<p><strong>\u201cBu hayatlar bir rakam ve istatistik de\u011fil\u201d<\/strong><\/p>\n\n\n\n<p>\u0130nsan hayat\u0131n\u0131 say\u0131lardan ibaret g\u00f6renlere seslenen Ekmen, \u201cBazen hayat \u00e7ok h\u0131zl\u0131 ak\u0131yor ve bazen bir insan\u0131n hayat\u0131n\u0131, bir ailenin d\u00fczenini alt\u00fcst eden geli\u015fmeler kar\u015f\u0131m\u0131zda bir rakam olarak g\u00f6r\u00fcl\u00fcyor ancak bu hayatlar bir rakam ve istatistik de\u011fil. OHAL d\u00f6neminde \u00e7\u0131kar\u0131lan KHK say\u0131s\u0131 32. Bu 32 KHK&#8217;den 15&#8217;i do\u011frudan, yarg\u0131s\u0131z, sualsiz insanlar\u0131n ihrac\u0131n\u0131 konu al\u0131yordu. Ka\u00e7 ki\u015fi oldu\u011funu tam olarak bilmiyoruz, 130 bin ki\u015finin \u00fczerinde oldu\u011fu s\u00f6yleniyor, ancak OHAL \u0130nceleme Komisyonu\u2019na yap\u0131lan ba\u015fvuruya g\u00f6re en az 125 bin 678 ki\u015fi. Bu insanlar\u0131n \u2018\u015f\u00fcpheden san\u0131k yararlan\u0131r\u2019, \u2018masumiyet karinesi\u2019, \u2018savunma hakk\u0131\u2019 ve \u2018lekelenmeme hakk\u0131\u2019 gibi \u00e7ok temel haklar\u0131 ihlal edildi\u201d ifadelerinde bulundu.<\/p>\n\n\n\n<p><strong>\u201cEn az 125 bin 678 \u00e7ekirdek aileden bahsediyoruz\u201d<\/strong><\/p>\n\n\n\n<p>Ekmen, \u201cGeleneksel \u00f6\u011fretideki 9 \u015fakinin can\u0131na bile 1 masumun hat\u0131r\u0131 i\u00e7in zarar vermeme temel ilkesi ihlal edildi. Maide Suresi&#8217;nde ge\u00e7en \u2018Allah i\u00e7in hakk\u0131 ayakta tutun, herhangi bir toplulu\u011fa duydu\u011funuz kin sizi adaletsizli\u011fe sevk etmesin\u2019 temel ilkesi ihlal edildi. Evet \u00e7ok k\u0131zd\u0131k; iktidar eliyle, devlet eliyle yeti\u015fmi\u015f kadrolar\u0131n devlete ba\u015fkald\u0131rmas\u0131na \u00e7ok k\u0131zd\u0131k ama unutmayal\u0131m ki su\u00e7lulara dahi, d\u00fc\u015fman hukuku de\u011fil; T\u00fcrk ceza hukuku, modern ve \u00e7a\u011fda\u015f hukukun temel ilkeleriyle yakla\u015fmak zorundayd\u0131k. Ancak b\u00f6yle davranmad\u0131k, b\u00f6yle davranmad\u0131\u011f\u0131m\u0131z i\u00e7indir ki umut hakk\u0131nda kar\u015f\u0131m\u0131za \u00e7\u0131kan Avrupa \u0130nsan Haklar\u0131 Mahkemesi, 9 Eyl\u00fcl 2023&#8217;te Y\u00fcksel Yal\u00e7\u0131nkaya karar\u0131yla \u00fc\u00e7 temel hakk\u0131n ihlal edildi\u011fine karar verdi: adil yarg\u0131lanman\u0131n ihlali, kanunsuz ceza olmaz ilkesi, \u00f6zg\u00fcrl\u00fck ve g\u00fcvenlik ilkesinin zedelendi\u011fi y\u00f6n\u00fcndeki karar\u2026 Rakam\u0131 tekrar hat\u0131rlayal\u0131m: En az 125.678 \u00e7ekirdek aileden bahsediyoruz. Bu ailelerin \u00e7evrelerindeki halkalarla ya\u015fad\u0131\u011f\u0131 ma\u011fduriyetler bamba\u015fka\u201d dedi.<\/p>\n\n\n\n<p><strong>\u201cBu insanlar ya\u015fama dair tek bir umudu dahi g\u00f6remedikleri i\u00e7in hayatlar\u0131yla bedel \u00f6dediler\u201d<\/strong><\/p>\n\n\n\n<p>KHK ile i\u015flerine son verilen, ard\u0131ndan hayat\u0131n\u0131 kaybeden insanlara de\u011finen Ekmen, \u201cKHK\u2019l\u0131lar\u0131n kararan hayatlar\u0131n\u0131 anlatmak istiyorum. Do\u00e7ent Doktor Mustafa \u00c7ama\u015f, biyom\u00fchendislik alan\u0131ndaki bilim insan\u0131, 24 uluslararas\u0131 yay\u0131n\u0131yla Munzur \u00dcniversitesi\u2019nden ihra\u00e7 edildikten sonra bir in\u015faatta \u00e7al\u0131\u015f\u0131rken vin\u00e7 alt\u0131nda kalarak ya\u015fam\u0131n\u0131 yitirdi ama \u00f6l\u00fcm\u00fcnden tam 1 ay sonra g\u00f6revine iade edildi. \u00d6\u011fretmen Ay\u015fe Abdurrezak, kocas\u0131n\u0131n yarg\u0131lanmas\u0131 nedeniyle yurdu terk etmeye kalkt\u0131 ama 2 \u00e7ocu\u011fuyla birlikte Meri\u00e7 Nehri&#8217;nde bo\u011fularak hayat\u0131n\u0131 kaybetti. SES Sendikas\u0131ndan Zeynep Binen 6 ayl\u0131k hamileli\u011finde ge\u00e7irdi\u011fi beyin kanamas\u0131nda bebe\u011fiyle birlikte hayat\u0131n\u0131 kaybetti ama Zeynep Binen, hayat\u0131n\u0131 kaybettikten sonra i\u015fine iade edildi. Sadece ki\u015filer de\u011fil, aileleri de b\u00fcy\u00fck bedel \u00f6dedi. Nurettin Odaba\u015f\u0131&#8217;n\u0131n 16 ya\u015f\u0131ndaki o\u011flu Bahad\u0131r Odaba\u015f\u0131 bu y\u00fck\u00fc kald\u0131ramad\u0131, 16 ya\u015f\u0131nda 10&#8217;uncu kattaki evinden atlayarak hayat\u0131n\u0131 kaybetti. Dan\u0131\u015ftay Eski \u00dcyesi Ha\u015fim G\u00fcney&#8217;in o\u011flu Nahit G\u00fcney; 21 ya\u015f\u0131ndaki bu gencecik delikanl\u0131 -yanl\u0131\u015f hat\u0131rlam\u0131yorsam da avukatt\u0131- Galata Kulesi&#8217;nden atlayarak hayat\u0131n\u0131 kaybetti. Bu insanlar ya\u015fama dair tek bir umudu dahi g\u00f6remedikleri i\u00e7in hayatlar\u0131yla bedel \u00f6dediler\u201d a\u00e7\u0131klamalar\u0131nda bulundu.<\/p>\n\n\n\n<p><strong>KHK\u2019l\u0131lar\u0131n kararan hayatlar\u0131\u2026<\/strong><\/p>\n\n\n\n<p>Genel Kurul konu\u015fmas\u0131nda vefat eden KHK\u2019l\u0131lar\u0131n foto\u011fraflar\u0131n\u0131 k\u00fcrs\u00fcden g\u00f6steren Ekmen, \u201cSES&#8217;ten Diyarbak\u0131r Kad\u0131n Do\u011fum Hastanesindeki M\u00fccahit Karata\u015f hastaland\u0131, tedavi hizmetlerinden faydalanamad\u0131, hayat\u0131n\u0131 kaybetti, \u00f6ld\u00fckten sonra i\u015fe iade edildi. \u00d6\u011fretmen Emine Y\u00fcr\u00fck\u00e7\u00fc KHK ile ihra\u00e7 edildikten sonra g\u00f6\u011f\u00fcs kanserinden vefat etti, vefat\u0131ndan sonra i\u015fine iade edildi. \u00d6\u011fretmen Kaz\u0131m \u00dcnl\u00fc vefat ettikten 4 y\u0131l 2 ay sonra g\u00f6reve iade edildi. B\u00fcro Emek\u00e7ileri Sendikas\u0131 Diyarbak\u0131r \u015eubesi eski Ba\u015fkan\u0131 Ahmet \u00c7oban KHK sonras\u0131 kansere yakalan\u0131p vefat etti, vefat\u0131ndan sonra i\u015fine iade edildi. Polis memuru Yurdag\u00fcl G\u00f6k\u00e7e; \u00e7al\u0131\u015ft\u0131\u011f\u0131 in\u015faat\u0131n \u00e7at\u0131s\u0131ndan d\u00fc\u015ferek vefat etti, bir ay sonra g\u00f6revine iade edildi. \u00d6\u011fretmen Selman Ta\u015f; 28 y\u0131ll\u0131k hizmetinden sonra ihra\u00e7 edildi, kahr\u0131ndan kanser oldu, hayat\u0131n\u0131 kaybetti, \u00f6l\u00fcm\u00fcnden sonra g\u00f6revine iade edildi. E\u011e\u0130T\u0130M SEN \u00fcyesi, lise m\u00fcd\u00fcr yard\u0131mc\u0131s\u0131 olan Mehmet Nas\u0131r S\u00f6nmez; in\u015faatta \u00e7al\u0131\u015f\u0131rken 5&#8217;inci kattan d\u00fc\u015ft\u00fc, hayat\u0131n\u0131 kaybetti ve i\u015fine iade edildi\u201d diyerek \u00f6rnekleri art\u0131rman\u0131n m\u00fcmk\u00fcn oldu\u011funu belirtti.&nbsp;<\/p>\n\n\n\n<p><strong>\u201cKHK\u2019l\u0131lar, aileleriyle birlikte medeni \u00f6l\u00fcme terk edilmi\u015f durumda\u201d<\/strong><\/p>\n\n\n\n<p>Ekmen, \u201cBar\u0131\u015f akademisyenlerinden, KESK&#8217;ten, FET\u00d6&#8217;den yarg\u0131lanan bir\u00e7ok \u00f6rne\u011fi payla\u015fmak istedim ve bunlar\u0131n on binlercesi \u015fu anda haklar\u0131nda tek bir yarg\u0131lama yap\u0131lmad\u0131\u011f\u0131 h\u00e2lde veyahut da soru\u015fturulup takipsizlik karar\u0131 ald\u0131klar\u0131 h\u00e2lde veyahut da yarg\u0131lan\u0131p kesinle\u015fmi\u015f beraat karar\u0131 ald\u0131klar\u0131 h\u00e2lde g\u00f6revlerine iade edilmiyorlar, aileleriyle birlikte medeni bir \u00f6l\u00fcme terk edilmi\u015f durumda. Umut hakk\u0131n\u0131 bu insanlara da tan\u0131yal\u0131m, bu insanlar\u0131n da ya\u015fama tutunmas\u0131n\u0131 esirgemeyelim ve bunu siyaset d\u0131\u015f\u0131 bir konu olarak ele alal\u0131m. O y\u00fczden, tarihin ak\u0131\u015f\u0131na y\u00f6n veren bir de\u011fi\u015fikli\u011fin mimar\u0131 olma ihtimali y\u00fcksek olan Say\u0131n Devlet Bah\u00e7eli bu ma\u011fdurlardan birka\u00e7\u0131n\u0131 \u00e7a\u011f\u0131rs\u0131n, dinlesin. MHP&#8217;nin hukuk\u00e7ular\u0131, AK Parti&#8217;nin hukuk\u00e7ular\u0131 kendi vicdani kanaatleriyle ortaya bir duru\u015f koysunlar ve bu KHK&#8217;l\u0131lar\u0131n durumu yeniden ele als\u0131nlar\u201d \u00e7a\u011fr\u0131s\u0131nda bulundu.<\/p>\n\n\n\n<p><strong>\u201cKHK Eylem Plan\u0131m\u0131z\u0131 payla\u015fmaya haz\u0131r\u0131z\u201d<\/strong><\/p>\n\n\n\n<p>Y\u00fcksel Ya\u00e7\u0131nkaya davas\u0131na de\u011finen Ekmen, \u201cY\u00fcksel Yal\u00e7\u0131nkaya sonras\u0131 Yarg\u0131tay Ceza Dairesi\u2019nin daha \u00f6nce 6 y\u0131l 3 ay mahk\u00fbmiyet verirken \u015fimdi beraat verdi\u011fi kararlar\u0131 ise hat\u0131rlatmaya gerek bile duymuyorum. \u00c7\u00fcnk\u00fc bu konu\u015fmada sadece yarg\u0131sal yollarla aklanan KHK\u2019l\u0131lardan bahsetmek istiyorum. Bu m\u00fcbarek Ramazan ay\u0131n\u0131n hat\u0131r\u0131na, umut hakk\u0131n\u0131n insanlarda uyand\u0131rd\u0131\u011f\u0131 heyecan ad\u0131na, bu \u00fclkenin i\u00e7 bar\u0131\u015f\u0131n\u0131 sa\u011flamak ad\u0131na, olas\u0131 problemlere kar\u015f\u0131 i\u00e7 tahkimat\u0131n\u0131 yapmak ad\u0131na elinde silah olmayan, i\u015finde g\u00fcc\u00fcnde, sadece farkl\u0131 d\u00fc\u015f\u00fcnd\u00fc\u011f\u00fc i\u00e7in bu bedeli \u00f6deyen insanlara; \u00e7a\u011fda\u015f hukukun, Kuran&#8217;\u0131n, s\u00fcnnetin, \u0130slam f\u0131kh\u0131n\u0131n yakla\u015ft\u0131\u011f\u0131 gibi yakla\u015fal\u0131m. Bu konuda haz\u0131rlam\u0131\u015f oldu\u011fumuz KHK Eylem Plan\u0131 ile b\u00fct\u00fcn detaylar\u0131yla bu konuyu \u00e7al\u0131\u015ft\u0131\u011f\u0131m\u0131z\u0131 Say\u0131n Bah\u00e7eli ve Say\u0131n Erdo\u011fan arzu ederse; CHP, DEM PART\u0130 ve \u0130Y\u0130 Parti arzu ederse, bu konudaki m\u00fcktesebat\u0131m\u0131z\u0131 da bu alanda yap\u0131lacak iyile\u015ftirmeler hat\u0131r\u0131na, hi\u00e7bir paye talep etmeden, her an hizmetinize sunmaya haz\u0131r oldu\u011fumuzu ifade ediyorum\u201d a\u00e7\u0131klamalar\u0131nda bulunan Ekmen, konu\u015fmas\u0131ndan sonra Milliyet\u00e7i Hareket Partisi Grup Ba\u015fkanvekili Erkan Ak\u00e7ay ile g\u00f6r\u00fc\u015ferek, Bah\u00e7eli\u2019den KHK meselesi \u00e7\u00f6z\u00fcm\u00fc i\u00e7in beklentilerinin b\u00fcy\u00fck oldu\u011funu ifade etti. Ekmen, daha sonra o g\u00fcn n\u00f6bet\u00e7i olan t\u00fcm grup ba\u015fkanvekillerine DEVA Partisi\u2019nin haz\u0131rlad\u0131\u011f\u0131 KHK Eylem Plan\u0131\u2019n\u0131 iletti.&nbsp;<\/p>\n","protected":false},"excerpt":{"rendered":"<p>DEVA Partisi Genel Ba\u015fkan Yard\u0131mc\u0131s\u0131 ve Mersin Milletvekili Mehmet Emin Ekmen, T\u00fcrkiye B\u00fcy\u00fck Millet Meclisi (TBMM) Genel Kurulu k\u00fcrs\u00fcs\u00fcnde s\u00f6z alarak KHK\u2019l\u0131 ma\u011fdurlar hakk\u0131nda Meclise \u00e7a\u011fr\u0131da bulundu. Ekmen, \u201cUmut hakk\u0131n\u0131 KHK\u2019l\u0131lara da tan\u0131yal\u0131m ve bunu siyaset d\u0131\u015f\u0131 bir konu olarak ele alal\u0131m\u201d dedi. TBMM Genel Kurulunda konu\u015fan DEVA Partisi Genel Ba\u015fkan Yard\u0131mc\u0131s\u0131 ve Mersin Milletvekili [&hellip;]<\/p>\n","protected":false},"author":2,"featured_media":40339,"comment_status":"closed","ping_status":"closed","sticky":false,"template":"","format":"standard","meta":{"footnotes":""},"categories":[3],"tags":[],"class_list":["post-40414","post","type-post","status-publish","format-standard","has-post-thumbnail","hentry","category-manset"],"views":3,"_links":{"self":[{"href":"https:\/\/mersinkadingazetesi.com\/index.php?rest_route=\/wp\/v2\/posts\/40414"}],"collection":[{"href":"https:\/\/mersinkadingazetesi.com\/index.php?rest_route=\/wp\/v2\/posts"}],"about":[{"href":"https:\/\/mersinkadingazetesi.com\/index.php?rest_route=\/wp\/v2\/types\/post"}],"author":[{"embeddable":true,"href":"https:\/\/mersinkadingazetesi.com\/index.php?rest_route=\/wp\/v2\/users\/2"}],"replies":[{"embeddable":true,"href":"https:\/\/mersinkadingazetesi.com\/index.php?rest_route=%2Fwp%2Fv2%2Fcomments&post=40414"}],"version-history":[{"count":1,"href":"https:\/\/mersinkadingazetesi.com\/index.php?rest_route=\/wp\/v2\/posts\/40414\/revisions"}],"predecessor-version":[{"id":40415,"href":"https:\/\/mersinkadingazetesi.com\/index.php?rest_route=\/wp\/v2\/posts\/40414\/revisions\/40415"}],"wp:featuredmedia":[{"embeddable":true,"href":"https:\/\/mersinkadingazetesi.com\/index.php?rest_route=\/wp\/v2\/media\/40339"}],"wp:attachment":[{"href":"https:\/\/mersinkadingazetesi.com\/index.php?rest_route=%2Fwp%2Fv2%2Fmedia&parent=40414"}],"wp:term":[{"taxonomy":"category","embeddable":true,"href":"https:\/\/mersinkadingazetesi.com\/index.php?rest_route=%2Fwp%2Fv2%2Fcategories&post=40414"},{"taxonomy":"post_tag","embeddable":true,"href":"https:\/\/mersinkadingazetesi.com\/index.php?rest_route=%2Fwp%2Fv2%2Ftags&post=40414"}],"curies":[{"name":"wp","href":"https:\/\/api.w.org\/{rel}","templated":true}]}}