{"id":40416,"date":"2025-03-07T11:26:29","date_gmt":"2025-03-07T08:26:29","guid":{"rendered":"https:\/\/mersinkadingazetesi.com\/?p=40416"},"modified":"2025-03-07T11:26:29","modified_gmt":"2025-03-07T08:26:29","slug":"13-ilcede-144-bin-hane-ramazan-dayanisma-paketlerine-kavusuyor","status":"publish","type":"post","link":"https:\/\/mersinkadingazetesi.com\/?p=40416","title":{"rendered":"13 \u0130L\u00c7EDE 144 B\u0130N HANE RAMAZAN DAYANI\u015eMA PAKETLER\u0130NE KAVU\u015eUYOR\u00a0\u00a0"},"content":{"rendered":"\n<p>Mersin B\u00fcy\u00fck\u015fehir Belediyesi, her y\u0131l d\u00fczenli olarak ger\u00e7ekle\u015ftirdi\u011fi&nbsp;<strong>&#8216;Ramazan Dayan\u0131\u015fma Paketi&#8217;<\/strong>&nbsp;da\u011f\u0131t\u0131mlar\u0131na bu y\u0131l da ba\u015flad\u0131. B\u00fcy\u00fck\u015fehir taraf\u0131ndan Mersin&#8217;in 13 il\u00e7esinde, ihtiya\u00e7 sahibi vatanda\u015flara dayan\u0131\u015fma eli uzat\u0131l\u0131yor. Sosyal Hizmetler Dairesi&#8217;nin koordinesinde y\u00fcr\u00fct\u00fclen da\u011f\u0131t\u0131mlarda, Ramazan Ay\u0131 boyunca yakla\u015f\u0131k 144 bin haneye g\u0131da paketleri ula\u015ft\u0131r\u0131lacak.<\/p>\n\n\n\n<p><strong>\u0130\u00e7erisinde temel g\u0131da \u00fcr\u00fcnleri bulunan paketler, il genelinde yakla\u015f\u0131k 144 bin haneye ula\u015facak<\/strong><\/p>\n\n\n\n<p>Mersin B\u00fcy\u00fck\u015fehir Belediyesi, birlik ve beraberli\u011fin daha da anlam kazand\u0131\u011f\u0131 Ramazan Ay\u0131&#8217;nda, Mersinlilerin daha rahat bir \u015fekilde iftar ve sahur sofras\u0131 kurmas\u0131na yard\u0131mc\u0131 oluyor. B\u00fcy\u00fck\u015fehir&#8217;in ger\u00e7ekle\u015ftirdi\u011fi bu destekler, dayan\u0131\u015fman\u0131n ve yard\u0131mla\u015fman\u0131n g\u00fczel bir \u00f6rne\u011fini olu\u015fturuyor. B\u00fcy\u00fck\u015fehir&#8217;in da\u011f\u0131tt\u0131\u011f\u0131 Ramazan Dayan\u0131\u015fma Paketleri, temel g\u0131da malzemelerinden olu\u015fuyor. G\u0131da paketlerinin i\u00e7erisinde 2 litre ay\u00e7i\u00e7ek ya\u011f\u0131, 2 kilogram un, 1 kilogram toz \u015feker, yar\u0131m kilogram \u00e7ay, 1 kilogram \u015fehriye, 1 kilogram nohut, 750 gram tuz, 800 gram zeytin, 2 kilogram bulgur, 2 kilogram pirin\u00e7, 1 kilogram k\u0131rm\u0131z\u0131 mercimek ve 2,5 kilogram makarna bulunuyor.<\/p>\n\n\n\n<p><strong>Do\u011fan: &#8220;Halk\u0131m\u0131zla dayan\u0131\u015fma i\u00e7erisinde bulunmaya devam edece\u011fiz&#8221;<\/strong><\/p>\n\n\n\n<p>B\u00fcy\u00fck\u015fehir Belediyesi Sosyal Hizmetler Dairesi&#8217;nde g\u00f6rev yapan Furkan Do\u011fan, Ramazan Dayan\u0131\u015fma Paketi da\u011f\u0131t\u0131mlar\u0131n\u0131n ba\u015flad\u0131\u011f\u0131n\u0131 belirterek,<strong>&nbsp;&#8220;Ramazan ay\u0131 i\u00e7in g\u0131da kolisi da\u011f\u0131t\u0131mlar\u0131m\u0131z ba\u015flad\u0131. 13 il\u00e7ede t\u00fcm mahallelerimizde 144 bin g\u0131da kolimizi ihtiya\u00e7 sahibi ailelerimize ula\u015ft\u0131r\u0131yoruz. \u0130htiya\u00e7 sahibi ailelerimiz Sosyal Hizmetler Dairesi Ba\u015fkanl\u0131\u011f\u0131m\u0131z taraf\u0131ndan belirlendi. G\u0131da kolilerimizle halk\u0131m\u0131zla dayan\u0131\u015fma i\u00e7erisinde bulunmaya devam edece\u011fiz&#8221;<\/strong>&nbsp;dedi.<\/p>\n\n\n\n<p><strong>B\u00fcy\u00fck\u015fehir, vatanda\u015flar\u0131n Ramazan sofras\u0131na bereket kat\u0131yor<\/strong><\/p>\n\n\n\n<p>Ramazan Dayan\u0131\u015fma Paketi&#8217;ni alan vatanda\u015flardan Elvin Kurt,&nbsp;<strong>&#8220;Vahap Ba\u015fkan\u0131ma, bize bu katk\u0131y\u0131 sundu\u011fu i\u00e7in \u00e7ok te\u015fekk\u00fcr ediyorum. Ramazan&#8217;da bir katk\u0131d\u0131r bu. Ramazan Ay\u0131&#8217;nda sofram\u0131za bereket katt\u0131. \u00c7ocu\u011fumuz da seviniyor, biz de seviniyoruz&#8221;<\/strong>&nbsp;diye konu\u015ftu.<\/p>\n\n\n\n<p>3 Ocak Mahallesi&#8217;nde ikamet eden vatanda\u015flardan Cavit Ak\u0131nc\u0131,&nbsp;<strong>&#8220;Ba\u015fkan\u0131m\u0131z\u0131 seviyoruz. Her zaman halk\u0131n\u0131n yan\u0131nda, her i\u015fimizi de g\u00f6r\u00fcyor. \u015eu memleketin halini g\u00f6r\u00fcyorsunuz. \u0130nsan bir kilo makarnaya, bulgura muhta\u00e7 olmu\u015f. Ba\u015fkan\u0131m\u0131za, bu \u00f6rnek davran\u0131\u015f\u0131ndan dolay\u0131 te\u015fekk\u00fcr ediyoruz&#8221;&nbsp;<\/strong>ifadelerine yer verdi.<\/p>\n\n\n\n<p>6 \u015eubat depremlerinin ard\u0131ndan Hatay&#8217;dan Mersin&#8217;e g\u00f6\u00e7 eden Nesrin Rende,&nbsp;<strong>&#8220;Mersin&#8217;e geldi\u011fimiz g\u00fcnden beri, Vahap Ba\u015fkan\u0131m\u0131z\u0131n bize destekleri \u00e7ok oldu. Ramazan Ay\u0131&#8217;nda da bize ve mahallelimize katk\u0131 sundu. Ramazan kolilerimizi ald\u0131k. \u00c7ok te\u015fekk\u00fcr ediyoruz&#8221;&nbsp;<\/strong>dedi.<\/p>\n","protected":false},"excerpt":{"rendered":"<p>Mersin B\u00fcy\u00fck\u015fehir Belediyesi, her y\u0131l d\u00fczenli olarak ger\u00e7ekle\u015ftirdi\u011fi&nbsp;&#8216;Ramazan Dayan\u0131\u015fma Paketi&#8217;&nbsp;da\u011f\u0131t\u0131mlar\u0131na bu y\u0131l da ba\u015flad\u0131. B\u00fcy\u00fck\u015fehir taraf\u0131ndan Mersin&#8217;in 13 il\u00e7esinde, ihtiya\u00e7 sahibi vatanda\u015flara dayan\u0131\u015fma eli uzat\u0131l\u0131yor. Sosyal Hizmetler Dairesi&#8217;nin koordinesinde y\u00fcr\u00fct\u00fclen da\u011f\u0131t\u0131mlarda, Ramazan Ay\u0131 boyunca yakla\u015f\u0131k 144 bin haneye g\u0131da paketleri ula\u015ft\u0131r\u0131lacak. \u0130\u00e7erisinde temel g\u0131da \u00fcr\u00fcnleri bulunan paketler, il genelinde yakla\u015f\u0131k 144 bin haneye ula\u015facak Mersin [&hellip;]<\/p>\n","protected":false},"author":2,"featured_media":40417,"comment_status":"closed","ping_status":"closed","sticky":false,"template":"","format":"standard","meta":{"footnotes":""},"categories":[3],"tags":[],"class_list":["post-40416","post","type-post","status-publish","format-standard","has-post-thumbnail","hentry","category-manset"],"views":3,"_links":{"self":[{"href":"https:\/\/mersinkadingazetesi.com\/index.php?rest_route=\/wp\/v2\/posts\/40416"}],"collection":[{"href":"https:\/\/mersinkadingazetesi.com\/index.php?rest_route=\/wp\/v2\/posts"}],"about":[{"href":"https:\/\/mersinkadingazetesi.com\/index.php?rest_route=\/wp\/v2\/types\/post"}],"author":[{"embeddable":true,"href":"https:\/\/mersinkadingazetesi.com\/index.php?rest_route=\/wp\/v2\/users\/2"}],"replies":[{"embeddable":true,"href":"https:\/\/mersinkadingazetesi.com\/index.php?rest_route=%2Fwp%2Fv2%2Fcomments&post=40416"}],"version-history":[{"count":1,"href":"https:\/\/mersinkadingazetesi.com\/index.php?rest_route=\/wp\/v2\/posts\/40416\/revisions"}],"predecessor-version":[{"id":40418,"href":"https:\/\/mersinkadingazetesi.com\/index.php?rest_route=\/wp\/v2\/posts\/40416\/revisions\/40418"}],"wp:featuredmedia":[{"embeddable":true,"href":"https:\/\/mersinkadingazetesi.com\/index.php?rest_route=\/wp\/v2\/media\/40417"}],"wp:attachment":[{"href":"https:\/\/mersinkadingazetesi.com\/index.php?rest_route=%2Fwp%2Fv2%2Fmedia&parent=40416"}],"wp:term":[{"taxonomy":"category","embeddable":true,"href":"https:\/\/mersinkadingazetesi.com\/index.php?rest_route=%2Fwp%2Fv2%2Fcategories&post=40416"},{"taxonomy":"post_tag","embeddable":true,"href":"https:\/\/mersinkadingazetesi.com\/index.php?rest_route=%2Fwp%2Fv2%2Ftags&post=40416"}],"curies":[{"name":"wp","href":"https:\/\/api.w.org\/{rel}","templated":true}]}}