{"id":40429,"date":"2025-03-07T11:46:17","date_gmt":"2025-03-07T08:46:17","guid":{"rendered":"https:\/\/mersinkadingazetesi.com\/?p=40429"},"modified":"2025-03-07T11:49:41","modified_gmt":"2025-03-07T08:49:41","slug":"kadinlar-gucleniyor-mezitlide-umut-yeseriyor","status":"publish","type":"post","link":"https:\/\/mersinkadingazetesi.com\/?p=40429","title":{"rendered":"KADINLAR G\u00dc\u00c7LEN\u0130YOR MEZ\u0130TL\u0130\u2019DE UMUT YE\u015eER\u0130YOR"},"content":{"rendered":"\n<p>8 Mart D\u00fcnya Kad\u0131nlar G\u00fcn\u00fc, toplumsal cinsiyet e\u015fitli\u011fi m\u00fccadelesinde \u00f6nemli bir d\u00f6n\u00fcm noktas\u0131d\u0131r. Mezitli Belediyesi olarak, kad\u0131nlar\u0131n toplumsal hayatta daha g\u00f6r\u00fcn\u00fcr, g\u00fc\u00e7l\u00fc ve \u00f6zg\u00fcr olabilmesi i\u00e7in durmaks\u0131z\u0131n \u00e7al\u0131\u015f\u0131yoruz. \u00d6zellikle kad\u0131nlar\u0131n ekonomik ba\u011f\u0131ms\u0131zl\u0131klar\u0131n\u0131 kazanmalar\u0131, toplumda daha etkin bir rol oynamalar\u0131 ve hayatta e\u015fit f\u0131rsatlar elde edebilmeleri i\u00e7in att\u0131\u011f\u0131m\u0131z ad\u0131mlar, kad\u0131nlar\u0131n yoksulluk ve yoksunlukla m\u00fccadele etmelerine katk\u0131 sa\u011fl\u0131yor.<\/p>\n\n\n\n<p>Belediye Ba\u015fkan\u0131m\u0131z Ahmet Serkan Tuncer kad\u0131nlar\u0131n her alanda desteklenmesi i\u00e7in kapsaml\u0131 projeler hayata ge\u00e7irdi.&nbsp;<\/p>\n\n\n\n<p>Kad\u0131nlar\u0131n ekonomiye kat\u0131l\u0131m\u0131n\u0131 art\u0131rmak amac\u0131yla, kad\u0131n \u00fcretici pazarlar\u0131n\u0131 b\u00fcy\u00fctt\u00fck ve giri\u015fimcili\u011fi te\u015fvik ettik. Kad\u0131nlar, el eme\u011fiyle \u00fcrettikleri \u00fcr\u00fcnleri daha geni\u015f kitlelere sunarak, kendi ayaklar\u0131 \u00fczerinde durma f\u0131rsat\u0131 buluyor. Ayn\u0131 zamanda, Kad\u0131n Aile At\u00f6lyeleri kurarak kad\u0131nlar\u0131n \u00fcrettikleri \u00fcr\u00fcnleri satmalar\u0131na destek sa\u011fl\u0131yoruz. Bu at\u00f6lyeler, kad\u0131nlar\u0131n \u00fcretkenliklerini ve yeteneklerini sergileyebilece\u011fi alanlar olarak b\u00fcy\u00fck \u00f6nem ta\u015f\u0131yor.<\/p>\n\n\n\n<figure class=\"wp-block-image size-full is-resized\"><img loading=\"lazy\" decoding=\"async\" width=\"2200\" height=\"1467\" src=\"http:\/\/mersinkadingazetesi.com\/wp-content\/uploads\/2025\/03\/SN24539.jpg\" alt=\"\" class=\"wp-image-40431\" style=\"width:564px;height:auto\" srcset=\"https:\/\/mersinkadingazetesi.com\/wp-content\/uploads\/2025\/03\/SN24539.jpg 2200w, https:\/\/mersinkadingazetesi.com\/wp-content\/uploads\/2025\/03\/SN24539-540x360.jpg 540w, https:\/\/mersinkadingazetesi.com\/wp-content\/uploads\/2025\/03\/SN24539-272x182.jpg 272w\" sizes=\"(max-width: 2200px) 100vw, 2200px\" \/><\/figure>\n\n\n\n<p>KADIN VE A\u0130LE H\u0130ZMETLER\u0130 M\u00dcD\u00dcRL\u00dc\u011e\u00dcN\u00dc KURDUK<\/p>\n\n\n\n<p>Kad\u0131nlar\u0131n ihtiya\u00e7lar\u0131na daha h\u0131zl\u0131 ve etkin \u00e7\u00f6z\u00fcmler sunmak i\u00e7in \u00f6zel bir m\u00fcd\u00fcrl\u00fck olu\u015fturduk.<\/p>\n\n\n\n<p>EVKA PROJES\u0130-EV KADINLARI \u0130\u00c7\u0130N B\u00dcY\u00dcK B\u0130R ADIM<\/p>\n\n\n\n<p>Ev kad\u0131nlar\u0131n\u0131n toplumsal ve ekonomik hayata daha fazla kat\u0131labilmesi i\u00e7in ba\u015flatt\u0131\u011f\u0131m\u0131z Evka &#8211; Ev Kad\u0131nlar\u0131 Ufuk Geli\u015ftirme Projesi, kad\u0131nlara farkl\u0131 alanlarda \u00e7e\u015fitli e\u011fitimler sunuyor. Bu proje, ev kad\u0131nlar\u0131n\u0131n ki\u015fisel geli\u015fimlerine katk\u0131 sa\u011flamakla kalmay\u0131p, onlar\u0131 ekonomik rahatl\u0131k yolunda daha g\u00fc\u00e7l\u00fc hale getiriyor.<\/p>\n\n\n\n<p>MESLEK ED\u0130ND\u0130RME<\/p>\n\n\n\n<p>KURSLARIYLA KADINLARIN \u0130ST\u0130HDAMA KATILIMI ARTIYOR<\/p>\n\n\n\n<p>Kad\u0131nlar\u0131n i\u015f g\u00fcc\u00fcne kat\u0131l\u0131m\u0131n\u0131 art\u0131rmak i\u00e7in \u00fccretsiz meslek edindirme kurslar\u0131 d\u00fczenliyoruz. Bu kurslar, kad\u0131nlar\u0131n kendi ayaklar\u0131 \u00fczerinde durabilmelerini sa\u011flayacak yetkinlikler kazanmalar\u0131na yard\u0131mc\u0131 oluyor. Ayr\u0131ca, Kad\u0131n ve Aile Hizmetleri M\u00fcd\u00fcrl\u00fc\u011f\u00fc b\u00fcnyesinde kad\u0131nlara psikolojik destekten hukuki dan\u0131\u015fmanl\u0131\u011fa kadar bir\u00e7ok hizmet sunarak, \u015fiddet ma\u011fduru kad\u0131nlar\u0131n yaln\u0131z olmad\u0131\u011f\u0131n\u0131 bir kez daha vurguluyoruz.<\/p>\n\n\n\n<figure class=\"wp-block-image size-full is-resized\"><img loading=\"lazy\" decoding=\"async\" width=\"2200\" height=\"1467\" src=\"http:\/\/mersinkadingazetesi.com\/wp-content\/uploads\/2025\/03\/LM_3954.jpg\" alt=\"\" class=\"wp-image-40432\" style=\"width:600px;height:auto\" srcset=\"https:\/\/mersinkadingazetesi.com\/wp-content\/uploads\/2025\/03\/LM_3954.jpg 2200w, https:\/\/mersinkadingazetesi.com\/wp-content\/uploads\/2025\/03\/LM_3954-540x360.jpg 540w, https:\/\/mersinkadingazetesi.com\/wp-content\/uploads\/2025\/03\/LM_3954-272x182.jpg 272w\" sizes=\"(max-width: 2200px) 100vw, 2200px\" \/><\/figure>\n\n\n\n<p>KADIN VE A\u0130LE DANI\u015eMA MERKEZ\u0130 \u0130LE G\u00dc\u00c7L\u00dc B\u0130R DESTEK<\/p>\n\n\n\n<p>Kad\u0131nlar\u0131n her zaman yan\u0131nda olmak ad\u0131na Kad\u0131n ve Aile Dan\u0131\u015fma Merkezi faaliyetini s\u00fcrd\u00fcr\u00fcyor. Bu merkez, kad\u0131nlar\u0131n psikolojik destek alabilece\u011fi, hukuki dan\u0131\u015fmanl\u0131k alabilece\u011fi ve sa\u011fl\u0131k hizmetlerine eri\u015febilece\u011fi bir g\u00fcvenli alan olu\u015fturuyor. Kad\u0131nlar\u0131n hayatlar\u0131n\u0131 daha sa\u011fl\u0131kl\u0131 ve g\u00fcvende s\u00fcrd\u00fcrmeleri i\u00e7in att\u0131\u011f\u0131m\u0131z bu ad\u0131m, onlar\u0131n hem fiziksel hem de duygusal sa\u011fl\u0131klar\u0131n\u0131 iyile\u015ftirmeye y\u00f6neliktir.<\/p>\n\n\n\n<p>KADIN SA\u011eLI\u011eINA \u00d6NEM VER\u0130YORUZ<\/p>\n\n\n\n<p>Kad\u0131n sa\u011fl\u0131\u011f\u0131na verdi\u011fimiz \u00f6nemi de unutmuyoruz. Kanser taramalar\u0131, mamografi destekleri ve sa\u011fl\u0131k e\u011fitimleriyle kad\u0131n sa\u011fl\u0131\u011f\u0131n\u0131 korumak ad\u0131na \u00f6nemli projelere imza att\u0131k. Kad\u0131nlar\u0131n sa\u011fl\u0131klar\u0131n\u0131 koruyabilmesi ve hastal\u0131klar\u0131 erken evrede tespit edebilmesi i\u00e7in d\u00fczenledi\u011fimiz sa\u011fl\u0131k seminerleri de bu konuda \u00f6nemli bir ad\u0131m olmu\u015ftur.&nbsp;<\/p>\n\n\n\n<figure class=\"wp-block-image size-full is-resized\"><img loading=\"lazy\" decoding=\"async\" width=\"2200\" height=\"1467\" src=\"http:\/\/mersinkadingazetesi.com\/wp-content\/uploads\/2025\/03\/LM_9013.jpg\" alt=\"\" class=\"wp-image-40433\" style=\"width:601px;height:auto\" srcset=\"https:\/\/mersinkadingazetesi.com\/wp-content\/uploads\/2025\/03\/LM_9013.jpg 2200w, https:\/\/mersinkadingazetesi.com\/wp-content\/uploads\/2025\/03\/LM_9013-540x360.jpg 540w, https:\/\/mersinkadingazetesi.com\/wp-content\/uploads\/2025\/03\/LM_9013-272x182.jpg 272w\" sizes=\"(max-width: 2200px) 100vw, 2200px\" \/><\/figure>\n\n\n\n<p>E\u015e\u0130TL\u0130K, B\u0130R AYRICALIK DE\u011e\u0130L, HAKTIR!<\/p>\n\n\n\n<p>Kad\u0131nlar\u0131n toplumdaki e\u015fit haklara sahip olmas\u0131 gerekti\u011fine inan\u0131yoruz. Bu y\u0131l 8 Mart D\u00fcnya Kad\u0131nlar G\u00fcn\u00fc\u2019nde, Mezitli\u2019de kad\u0131nlar\u0131n sesinin daha g\u00fcr \u00e7\u0131kmas\u0131, hayallerinin s\u0131n\u0131r tan\u0131mamas\u0131 i\u00e7in \u00e7al\u0131\u015fmalar\u0131m\u0131za devam edece\u011fiz. Kad\u0131nlar, hayata sadece e\u015fit f\u0131rsatlarla de\u011fil, ayn\u0131 zamanda her a\u00e7\u0131dan g\u00fc\u00e7l\u00fc bir \u015fekilde kat\u0131lmal\u0131d\u0131r.<\/p>\n\n\n\n<p>Mezitli Belediyesi olarak, kad\u0131nlar\u0131n ekonomik, sosyal ve k\u00fclt\u00fcrel alanda g\u00fc\u00e7lenmesi ad\u0131na att\u0131\u011f\u0131m\u0131z her ad\u0131m, onlar\u0131n gelece\u011fe daha umutla bakmalar\u0131n\u0131 sa\u011fl\u0131yor. Kad\u0131nlar\u0131n istihdama kat\u0131l\u0131m\u0131n\u0131 art\u0131rarak, e\u015fitlik ve \u00f6zg\u00fcrl\u00fc\u011f\u00fc hayata ge\u00e7irmeye y\u00f6nelik projelerimizle, kad\u0131nlar\u0131n yoksulluk ve yoksunlu\u011fuyla m\u00fccadelede \u00f6nemli bir rol oynuyoruz.&nbsp;<\/p>\n","protected":false},"excerpt":{"rendered":"<p>8 Mart D\u00fcnya Kad\u0131nlar G\u00fcn\u00fc, toplumsal cinsiyet e\u015fitli\u011fi m\u00fccadelesinde \u00f6nemli bir d\u00f6n\u00fcm noktas\u0131d\u0131r. Mezitli Belediyesi olarak, kad\u0131nlar\u0131n toplumsal hayatta daha g\u00f6r\u00fcn\u00fcr, g\u00fc\u00e7l\u00fc ve \u00f6zg\u00fcr olabilmesi i\u00e7in durmaks\u0131z\u0131n \u00e7al\u0131\u015f\u0131yoruz. \u00d6zellikle kad\u0131nlar\u0131n ekonomik ba\u011f\u0131ms\u0131zl\u0131klar\u0131n\u0131 kazanmalar\u0131, toplumda daha etkin bir rol oynamalar\u0131 ve hayatta e\u015fit f\u0131rsatlar elde edebilmeleri i\u00e7in att\u0131\u011f\u0131m\u0131z ad\u0131mlar, kad\u0131nlar\u0131n yoksulluk ve yoksunlukla m\u00fccadele etmelerine katk\u0131 [&hellip;]<\/p>\n","protected":false},"author":2,"featured_media":40430,"comment_status":"closed","ping_status":"closed","sticky":false,"template":"","format":"standard","meta":{"footnotes":""},"categories":[34,1,3,5],"tags":[],"class_list":["post-40429","post","type-post","status-publish","format-standard","has-post-thumbnail","hentry","category-flas-haber","category-genel","category-manset","category-mersin"],"views":14,"_links":{"self":[{"href":"https:\/\/mersinkadingazetesi.com\/index.php?rest_route=\/wp\/v2\/posts\/40429"}],"collection":[{"href":"https:\/\/mersinkadingazetesi.com\/index.php?rest_route=\/wp\/v2\/posts"}],"about":[{"href":"https:\/\/mersinkadingazetesi.com\/index.php?rest_route=\/wp\/v2\/types\/post"}],"author":[{"embeddable":true,"href":"https:\/\/mersinkadingazetesi.com\/index.php?rest_route=\/wp\/v2\/users\/2"}],"replies":[{"embeddable":true,"href":"https:\/\/mersinkadingazetesi.com\/index.php?rest_route=%2Fwp%2Fv2%2Fcomments&post=40429"}],"version-history":[{"count":1,"href":"https:\/\/mersinkadingazetesi.com\/index.php?rest_route=\/wp\/v2\/posts\/40429\/revisions"}],"predecessor-version":[{"id":40434,"href":"https:\/\/mersinkadingazetesi.com\/index.php?rest_route=\/wp\/v2\/posts\/40429\/revisions\/40434"}],"wp:featuredmedia":[{"embeddable":true,"href":"https:\/\/mersinkadingazetesi.com\/index.php?rest_route=\/wp\/v2\/media\/40430"}],"wp:attachment":[{"href":"https:\/\/mersinkadingazetesi.com\/index.php?rest_route=%2Fwp%2Fv2%2Fmedia&parent=40429"}],"wp:term":[{"taxonomy":"category","embeddable":true,"href":"https:\/\/mersinkadingazetesi.com\/index.php?rest_route=%2Fwp%2Fv2%2Fcategories&post=40429"},{"taxonomy":"post_tag","embeddable":true,"href":"https:\/\/mersinkadingazetesi.com\/index.php?rest_route=%2Fwp%2Fv2%2Ftags&post=40429"}],"curies":[{"name":"wp","href":"https:\/\/api.w.org\/{rel}","templated":true}]}}