{"id":40435,"date":"2025-03-07T11:49:17","date_gmt":"2025-03-07T08:49:17","guid":{"rendered":"https:\/\/mersinkadingazetesi.com\/?p=40435"},"modified":"2025-03-07T11:49:18","modified_gmt":"2025-03-07T08:49:18","slug":"yesil-ve-dijital-donusumde-kadinlar-daha-duyarli","status":"publish","type":"post","link":"https:\/\/mersinkadingazetesi.com\/?p=40435","title":{"rendered":"\u2018YE\u015e\u0130L VE D\u0130J\u0130TAL D\u00d6N\u00dc\u015e\u00dcMDE\u00a0KADINLAR DAHA DUYARLI\u2019"},"content":{"rendered":"\n<p>Tarsus Tar\u0131msal \u00dcr\u00fcn \u0130\u015fleme Organize Sanayi B\u00f6lgesi (T\u00dc\u0130OSB) Y\u00f6netim Kurulu Ba\u015fkan\u0131, OSB\u00dcK Ye\u015fil D\u00f6n\u00fc\u015f\u00fcm ve S\u00fcrd\u00fcr\u00fclebilirlik \u0130htisas Kurulu Ba\u015fkan\u0131 ve OSB\u00dcK Y\u00f6netim Kurulu \u00dcyesi G\u00fcl Aky\u00fcrek Balta, temel politikalar\u0131n\u0131n kad\u0131n\u0131n her alanda g\u00fc\u00e7lendirilmesi olmas\u0131 gerekti\u011fini s\u00f6yledi.<\/p>\n\n\n\n<p>G\u00fcl Aky\u00fcrek Balta, \u201cBug\u00fcn, 8 Mart D\u00fcnya Kad\u0131nlar G\u00fcn\u00fc, Kad\u0131n haklar\u0131 a\u00e7\u0131s\u0131ndan geriye d\u00f6n\u00fcp bakt\u0131\u011f\u0131m\u0131zda bir hayli yol kat etti\u011fimizi g\u00f6r\u00fcyoruz. Yeterli mi?&nbsp;<\/p>\n\n\n\n<p>Maalesef de\u011fil! T\u00fcrkiye&#8217;de kad\u0131n haklar\u0131, Cumhuriyetin kurulu\u015f y\u0131llar\u0131ndan itibaren \u00f6nemli geli\u015fmeler kaydetmi\u015f. Kad\u0131nlar, 1930&#8217;da belediye se\u00e7imlerinde ve 1934&#8217;te genel se\u00e7imlerde se\u00e7me ve se\u00e7ilme hakk\u0131na kavu\u015fmu\u015f. \u0130lerleyen y\u0131llar i\u00e7erisinde kad\u0131n haklar\u0131 m\u00fccadelesinde \u00f6nemli mesafeler katedilmi\u015f. 1980&#8217;li y\u0131llardan bu yana kad\u0131n hareketi g\u00fc\u00e7 kazanm\u0131\u015f ve toplumsal bilin\u00e7 artm\u0131\u015ft\u0131r. Bu m\u00fccadelenin en \u00f6nemli sonu\u00e7lar\u0131ndan olan ve 1998 y\u0131l\u0131nda y\u00fcr\u00fcrl\u00fc\u011fe giren 4320 say\u0131l\u0131 &#8220;Ailenin Korunmas\u0131na Dair Kanun&#8221; ile aile i\u00e7inde \u015fiddete maruz kalan kad\u0131n veya \u00e7ocuklara koruma sa\u011flanm\u0131\u015ft\u0131r. Ayr\u0131ca, 2001 y\u0131l\u0131nda yap\u0131lan Anayasa de\u011fi\u015fiklikleri ve 2002 y\u0131l\u0131nda y\u00fcr\u00fcrl\u00fc\u011fe giren Yeni Medeni Kanun ile kad\u0131n-erkek e\u015fitli\u011finin de g\u00fc\u00e7lendirildi\u011fini g\u00f6r\u00fcyoruz. Her ne kadar hukuk boyutunda nispi bir ilerleme kat edilse de T\u00fcrkiye&#8217;de kad\u0131n haklar\u0131na dair ba\u015fl\u0131ca sorunlar aras\u0131nda aile i\u00e7i \u015fiddet, toplumsal ve k\u00fclt\u00fcrel bask\u0131lar oldu\u011funu g\u00f6r\u00fcyoruz. Bu sorunlar\u0131n a\u015f\u0131lmas\u0131 i\u00e7in kad\u0131n\u0131n sosyal stat\u00fcs\u00fcn\u00fcn ve rol\u00fcn\u00fcn g\u00fc\u00e7lendirilmesigerekti\u011fine inan\u0131yorum. Temel politikam\u0131z, kad\u0131n\u0131n her alanda g\u00fc\u00e7lendirilmesi olmal\u0131\u2026<\/p>\n\n\n\n<p>Bu anlamda toplumumuzda belirli noktalara gelmi\u015f kad\u0131nlar\u0131n \u00fcst\u00fcne d\u00fc\u015fen g\u00f6revler oldu\u011funu s\u00f6ylemek isterim. \u00d6zellikle, kad\u0131nlar\u0131n y\u00f6netim kadrolar\u0131 ba\u015fta olmak \u00fczere \u00fcretimin her alan\u0131nda yer almalar\u0131 i\u00e7in daha fazla projeye imza atmak gerekti\u011fine inan\u0131yorum. Di\u011fer bir konu da \u00fclkemizde kad\u0131n sanayicilerin say\u0131s\u0131n\u0131 art\u0131rmak ve kad\u0131nlar\u0131n, karar verici mercilerde daha fazla g\u00f6rev almalar\u0131 gerekti\u011fidir.\u201d diye konu\u015ftu.<\/p>\n\n\n\n<p>Kad\u0131n Ortak Giri\u015fim&nbsp;<\/p>\n\n\n\n<p>Fabrikalar\u0131 (KOG\u0130F)<\/p>\n\n\n\n<p>Balta a\u00e7\u0131klamas\u0131nda, \u201cKad\u0131nlar\u0131m\u0131z\u0131n hem sosyal hayatta hem de ekonomide rollerini art\u0131rmak ve f\u0131rsat sa\u011flamak i\u00e7in, daha \u00f6nce haz\u0131rlad\u0131\u011f\u0131m\u0131z ve T\u00dc\u0130OSB G\u0131da \u0130novasyon Merkezimiz kapsam\u0131nda \u00e7al\u0131\u015fmalar\u0131n\u0131 ger\u00e7ekle\u015ftirdi\u011fimiz Kad\u0131n Ortak Giri\u015fim Fabrikalar\u0131 (KOG\u0130F) projesini ger\u00e7ekle\u015ftiriyoruz. \u0130novasyon merkezimizle, fikri olan kad\u0131n, erkek, gen\u00e7 t\u00fcm giri\u015fimcilere y\u00f6nelik at\u00f6lyeler kuruyoruz. At\u00f6lyeler kurmamam\u0131z\u0131n nedeni de \u015f\u00f6yle a\u00e7\u0131klamak istiyorum; buat\u00f6lyelerde fikrini ger\u00e7ekle\u015ftiren, tecr\u00fcbe kazanan giri\u015fimcilerin ile-ride kendi fabrikalar\u0131n\u0131 kurmalar\u0131na vesile olmak istiyoruz. Bu anlamda da, ilk \u00e7a\u011fr\u0131y\u0131 kad\u0131nlar\u0131m\u0131za yapmay\u0131 tercih ettik. KOG\u0130F projesi ile i\u015f d\u00fcnyas\u0131nda giri\u015fimci, nitelikli, \u00fcretken ve etkin kad\u0131nlar olmas\u0131n\u0131 hedefledik. Proje ile g\u0131da ve tar\u0131m konusunda kad\u0131nlar\u0131m\u0131z, geli\u015ftirecekleri \u00f6zg\u00fcn, inovatif ve teknoloji tabanl\u0131 i\u015f fikirlerini hayata ge\u00e7irecekler. \u00d6n\u00fcm\u00fczdeki s\u00fcre\u00e7te de yine kad\u0131nlar\u0131m\u0131z i\u00e7in model olu\u015fturacak yeni projelerimizi hayata ge\u00e7irece\u011fiz. Cumhuriyetin ikinci 100 y\u0131l\u0131nda \u00fclke sana-yinde, ticaretinde, ihracat\u0131nda \u00f6zetle \u00fcretimin her dal\u0131nda daha \u00e7ok kad\u0131n\u0131n kat\u0131l\u0131m\u0131 ile T\u00fcrkiye y\u00fczy\u0131l\u0131na imzam\u0131z\u0131 atmak istiyoruz.\u201d \u015feklinde konu\u015ftu.<\/p>\n\n\n\n<figure class=\"wp-block-image size-full\"><img loading=\"lazy\" decoding=\"async\" width=\"1600\" height=\"900\" src=\"http:\/\/mersinkadingazetesi.com\/wp-content\/uploads\/2025\/03\/PHOTO-2025-02-24-14-06-30-2.jpg\" alt=\"\" class=\"wp-image-40437\" srcset=\"https:\/\/mersinkadingazetesi.com\/wp-content\/uploads\/2025\/03\/PHOTO-2025-02-24-14-06-30-2.jpg 1600w, https:\/\/mersinkadingazetesi.com\/wp-content\/uploads\/2025\/03\/PHOTO-2025-02-24-14-06-30-2-400x225.jpg 400w, https:\/\/mersinkadingazetesi.com\/wp-content\/uploads\/2025\/03\/PHOTO-2025-02-24-14-06-30-2-540x304.jpg 540w\" sizes=\"(max-width: 1600px) 100vw, 1600px\" \/><\/figure>\n\n\n\n<p>\u201cT\u00dc\u0130OSB\u2019nin tan\u0131t\u0131lmas\u0131nda, \u201cYe\u015fil Do\u011fan\u201d vurgusunu yapt\u0131k\u201d<\/p>\n\n\n\n<p>\u0130klim de\u011fi\u015fikli\u011fi ya da ye\u015fil ve dijital d\u00f6n\u00fc\u015f\u00fcm gibi \u00e7ok \u00f6zel hassasiyetler gerektiren alanlarda kad\u0131nlar\u0131m\u0131z\u0131n daha duyarl\u0131 oldu\u011funu vurgulayan G\u00fcl Aky\u00fcrek Balta, \u201cBizde bu duyarl\u0131l\u0131ktan g\u00fc\u00e7 alarak ikiz d\u00f6n\u00fc\u015f\u00fcme dikkat \u00e7ekecek bir kavram geli\u015ftirdik. Bu anlamda, T\u00dc\u0130OSB\u2019nin tan\u0131t\u0131lmas\u0131 noktas\u0131nda \u201cYe\u015fil Do\u011fan\u201d vurgusunu yapmam\u0131z hi\u00e7 tesad\u00fcf de\u011fildi. Hem \u00e7evre duyarl\u0131l\u0131\u011f\u0131n\u0131 hem de yeni bir do\u011fu\u015fu, yeni bir varolu\u015fu \u00f6ne \u00e7\u0131karmaya \u00e7al\u0131\u015ft\u0131k. \u00c7evre ve iklim hassasiyetleri ile ekonomik bir kalk\u0131nman\u0131n m\u00fcmk\u00fcn olaca\u011f\u0131n\u0131 anlatt\u0131k. \u015eu ana kadar da bu konuda ba\u015far\u0131l\u0131 oldu\u011fumuzu g\u00f6r\u00fcyorum. 2018 y\u0131l\u0131nda kurulu\u015funu ger\u00e7ekle\u015ftirdi\u011fimiz T\u00dc\u0130OSB\u2019nin 2023 y\u0131l\u0131nda b\u00f6lge arazi d\u00fczenleme \u00e7al\u0131\u015fmalar\u0131n\u0131 ve arsa tahsislerini tamamland\u0131k. Akabinde altyap\u0131 ihalemizi ger\u00e7ekle\u015ftirdik. B\u00f6lgemizde yo\u011fun yat\u0131r\u0131mc\u0131 ilgisi sonucunda 125 hektarl\u0131k ilave alan i\u00e7in Sanayi ve Teknoloji Bakanl\u0131\u011f\u0131ndan kurum olurunu ald\u0131k ve y\u00fczde 90 doluluk oran\u0131na ula\u015ft\u0131\u011f\u0131m\u0131z i\u00e7in ek geni\u015fleme alan\u0131 i\u00e7in talep ba\u015fvurular\u0131n\u0131 da almaya ba\u015flad\u0131k. 2025 y\u0131l\u0131nda \u00fcretim tesislerimiz hayata ge\u00e7ecek. \u0130klim ve \u00e7evre duyarl\u0131l\u0131\u011f\u0131m\u0131z sonucunda b\u00f6ylesi bir ba\u015far\u0131y\u0131 elde etmek bizi ziyadesiyle memnun ediyor.\u201d dedi.<\/p>\n\n\n\n<p>Sosyal Stat\u00fc \u0130\u00e7in \u0130yi&nbsp;<\/p>\n\n\n\n<p>Bir E\u011fitim \u015eart<\/p>\n\n\n\n<p>Kad\u0131nlar\u0131m\u0131z\u0131n ba\u015far\u0131l\u0131 olmas\u0131, sosyal stat\u00fclerini geli\u015ftirmeleri ve i\u015f hayat\u0131na girebilmeleri i\u00e7in baz\u0131 konularda donan\u0131ml\u0131 olmalar\u0131 gerekti\u011fini hat\u0131rlatan Balta, \u201c\u00d6nce iyi bir e\u011fitim i\u00e7in ne gerekiyorsa, ko\u015fullar\u0131 \u00e7er\u00e7evesinde bunu yapmalar\u0131 \u00f6nemli. E\u011fitim, kad\u0131n\u0131n cesaretinin temelini olu\u015fturan en \u00f6nemli etkenlerden birisi. Bir di\u011fer husus da tabi ki cesur ve atak olmalar\u0131 gerekiyor. Bu iki ko\u015fulun \u00fczerine koyabilecekleri t\u00fcm art\u0131lar\u0131 zaman i\u00e7inde eklemeleri de kad\u0131n\u0131 \u00e7al\u0131\u015fma hayat\u0131nda ba\u015far\u0131ya ta\u015f\u0131yacakt\u0131r. Yenilik, disiplin ve kararl\u0131l\u0131kla y\u00fcr\u00fcyen her kad\u0131n, \u00e7al\u0131\u015fma hayat\u0131nda \u00e7ok \u00f6nemli a\u015famalar kaydedebilir.<\/p>\n\n\n\n<p>Kad\u0131nlar\u0131m\u0131z\u0131n sosyal ve ekonomi hayat\u0131m\u0131z\u0131n her alan\u0131nda kendilerini d\u00fc\u015fen her t\u00fcrl\u00fc sorumlulu\u011fu ger\u00e7ekle\u015ftirebileceklerini olan inanc\u0131m\u0131 yineliyorum. 8 Mart D\u00fcnya Kad\u0131nlar G\u00fcn\u00fcn\u00fc kutlu olsun.\u201d diyerek a\u00e7\u0131klamas\u0131n\u0131 noktalad\u0131.<\/p>\n","protected":false},"excerpt":{"rendered":"<p>Tarsus Tar\u0131msal \u00dcr\u00fcn \u0130\u015fleme Organize Sanayi B\u00f6lgesi (T\u00dc\u0130OSB) Y\u00f6netim Kurulu Ba\u015fkan\u0131, OSB\u00dcK Ye\u015fil D\u00f6n\u00fc\u015f\u00fcm ve S\u00fcrd\u00fcr\u00fclebilirlik \u0130htisas Kurulu Ba\u015fkan\u0131 ve OSB\u00dcK Y\u00f6netim Kurulu \u00dcyesi G\u00fcl Aky\u00fcrek Balta, temel politikalar\u0131n\u0131n kad\u0131n\u0131n her alanda g\u00fc\u00e7lendirilmesi olmas\u0131 gerekti\u011fini s\u00f6yledi. G\u00fcl Aky\u00fcrek Balta, \u201cBug\u00fcn, 8 Mart D\u00fcnya Kad\u0131nlar G\u00fcn\u00fc, Kad\u0131n haklar\u0131 a\u00e7\u0131s\u0131ndan geriye d\u00f6n\u00fcp bakt\u0131\u011f\u0131m\u0131zda bir hayli yol kat [&hellip;]<\/p>\n","protected":false},"author":2,"featured_media":40436,"comment_status":"closed","ping_status":"closed","sticky":false,"template":"","format":"standard","meta":{"footnotes":""},"categories":[34,1,2,3,5],"tags":[],"class_list":["post-40435","post","type-post","status-publish","format-standard","has-post-thumbnail","hentry","category-flas-haber","category-genel","category-gundem","category-manset","category-mersin"],"views":7,"_links":{"self":[{"href":"https:\/\/mersinkadingazetesi.com\/index.php?rest_route=\/wp\/v2\/posts\/40435"}],"collection":[{"href":"https:\/\/mersinkadingazetesi.com\/index.php?rest_route=\/wp\/v2\/posts"}],"about":[{"href":"https:\/\/mersinkadingazetesi.com\/index.php?rest_route=\/wp\/v2\/types\/post"}],"author":[{"embeddable":true,"href":"https:\/\/mersinkadingazetesi.com\/index.php?rest_route=\/wp\/v2\/users\/2"}],"replies":[{"embeddable":true,"href":"https:\/\/mersinkadingazetesi.com\/index.php?rest_route=%2Fwp%2Fv2%2Fcomments&post=40435"}],"version-history":[{"count":1,"href":"https:\/\/mersinkadingazetesi.com\/index.php?rest_route=\/wp\/v2\/posts\/40435\/revisions"}],"predecessor-version":[{"id":40438,"href":"https:\/\/mersinkadingazetesi.com\/index.php?rest_route=\/wp\/v2\/posts\/40435\/revisions\/40438"}],"wp:featuredmedia":[{"embeddable":true,"href":"https:\/\/mersinkadingazetesi.com\/index.php?rest_route=\/wp\/v2\/media\/40436"}],"wp:attachment":[{"href":"https:\/\/mersinkadingazetesi.com\/index.php?rest_route=%2Fwp%2Fv2%2Fmedia&parent=40435"}],"wp:term":[{"taxonomy":"category","embeddable":true,"href":"https:\/\/mersinkadingazetesi.com\/index.php?rest_route=%2Fwp%2Fv2%2Fcategories&post=40435"},{"taxonomy":"post_tag","embeddable":true,"href":"https:\/\/mersinkadingazetesi.com\/index.php?rest_route=%2Fwp%2Fv2%2Ftags&post=40435"}],"curies":[{"name":"wp","href":"https:\/\/api.w.org\/{rel}","templated":true}]}}