{"id":40439,"date":"2025-03-07T11:54:03","date_gmt":"2025-03-07T08:54:03","guid":{"rendered":"https:\/\/mersinkadingazetesi.com\/?p=40439"},"modified":"2025-03-07T11:54:04","modified_gmt":"2025-03-07T08:54:04","slug":"toroslar-belediyesinden-kadin-yoksulluguyla-mucadeleye-tam-destek","status":"publish","type":"post","link":"https:\/\/mersinkadingazetesi.com\/?p=40439","title":{"rendered":"TOROSLAR BELED\u0130YES\u0130\u2019NDEN KADIN YOKSULLUGUYLA M\u00dcCADELEYE TAM DESTEK"},"content":{"rendered":"\n<p>Toroslar Belediyesi b\u00fcnyesinde kurulu\u015fundan bu yana ilk kez, kad\u0131nlara daha iyi hizmet sunabilmek, destek olmak ve yanlar\u0131nda olabilmek i\u00e7in kad\u0131n ve aile hizmetleri m\u00fcd\u00fcrl\u00fc\u011f\u00fc kuruldu.<\/p>\n\n\n\n<p>Toroslar Belediyesi olarak kad\u0131n yoksullu\u011fu ve yoksunlu\u011fu m\u00fccadelesine tam destek verdiklerini belirten Toroslar Belediye Ba\u015fkan\u0131 Abdurrahman Y\u0131ld\u0131z, \u201cToroslar Belediyesi Kad\u0131n ve Aile Hizmetleri M\u00fcd\u00fcrl\u00fc\u011f\u00fc olarak;<\/p>\n\n\n\n<p>\u00d6zellikle ekonomik alanda yoksulluk ve kad\u0131nlar\u0131n her t\u00fcrl\u00fc ihtiya\u00e7 duydu\u011fu yoksunluk alanlar\u0131nda destek olmak, sorunlar\u0131na \u00e7\u00f6z\u00fcm \u00fcretmek, taleplerini yerine getirmek ad\u0131na kuruldu\u011fumuz ilk g\u00fcnden beri \u00e7al\u0131\u015fmalar\u0131m\u0131za h\u0131z kesmeden devam etmekteyiz.\u201d dedi.<\/p>\n\n\n\n<figure class=\"wp-block-image size-full is-resized\"><img loading=\"lazy\" decoding=\"async\" width=\"2560\" height=\"1707\" src=\"http:\/\/mersinkadingazetesi.com\/wp-content\/uploads\/2025\/03\/PHOTO-2025-03-04-08-50-36-1-1.jpg\" alt=\"\" class=\"wp-image-40442\" style=\"width:636px;height:auto\" srcset=\"https:\/\/mersinkadingazetesi.com\/wp-content\/uploads\/2025\/03\/PHOTO-2025-03-04-08-50-36-1-1.jpg 2560w, https:\/\/mersinkadingazetesi.com\/wp-content\/uploads\/2025\/03\/PHOTO-2025-03-04-08-50-36-1-1-540x360.jpg 540w, https:\/\/mersinkadingazetesi.com\/wp-content\/uploads\/2025\/03\/PHOTO-2025-03-04-08-50-36-1-1-272x182.jpg 272w\" sizes=\"(max-width: 2560px) 100vw, 2560px\" \/><\/figure>\n\n\n\n<p>\u201c150 \u00dcRET\u0130C\u0130 KADIN&nbsp;<\/p>\n\n\n\n<p>GRUBUMUZ VAR\u201d<\/p>\n\n\n\n<p>Ba\u015fl\u0131ca hedeflerinden biri olan ekonomide kad\u0131n istihdam\u0131n\u0131 artt\u0131rmaya destek olmak ad\u0131na yapt\u0131klar\u0131 \u00e7al\u0131\u015fmalar\u0131 s\u0131ralayan Ba\u015fkan Abdurrahman Y\u0131ld\u0131z; \u201c\u00dcretici kad\u0131nlar i\u00e7in farkl\u0131 mahallelerde haftal\u0131k d\u00fczenli \u00fcretici stantlar\u0131 a\u00e7ma \u00e7al\u0131\u015fmalar\u0131m\u0131z devam etmektedir. Toroslar il\u00e7esinde ya\u015fayan el eme\u011fi \u00fcretimleri ile stantlar\u0131m\u0131zda yer alan 150 \u00fcretici kad\u0131n mevcut grubumuzda yer almaktad\u0131r.<\/p>\n\n\n\n<p>Festival, \u015fenlik, kutlama programlar\u0131nda \u00fcretici kad\u0131nlara destek sa\u011flayarak sat\u0131\u015f yapmalar\u0131 i\u00e7in stantlar a\u00e7maktay\u0131z. \u00c7ift\u00e7i kad\u0131nlara destek olma amac\u0131 ile k\u00f6ylerde festival ve etkinlikler d\u00fczenlemeye devam ediyoruz. \u0130\u015eKUR ile birlikte yapt\u0131\u011f\u0131m\u0131z g\u00f6r\u00fc\u015fmeler sonucu \u00dcretimde Kad\u0131n Eli Projesi kapsam\u0131nda in\u015faat sekt\u00f6r\u00fcnde kad\u0131nlar\u0131n istihdam\u0131na olanak sa\u011flamak amac\u0131 ile verilecek kurslar i\u00e7in Toroslar \u0130l\u00e7esinde ya\u015fayan kad\u0131nlar\u0131 y\u00f6nlendirip bilgilendirme toplant\u0131lar\u0131 yapt\u0131k.\u201d diye konu\u015ftu.<\/p>\n\n\n\n<figure class=\"wp-block-image size-full is-resized\"><img loading=\"lazy\" decoding=\"async\" width=\"2560\" height=\"1707\" src=\"http:\/\/mersinkadingazetesi.com\/wp-content\/uploads\/2025\/03\/PHOTO-2025-03-04-08-54-26-3-1.jpg\" alt=\"\" class=\"wp-image-40441\" style=\"width:628px;height:auto\" srcset=\"https:\/\/mersinkadingazetesi.com\/wp-content\/uploads\/2025\/03\/PHOTO-2025-03-04-08-54-26-3-1.jpg 2560w, https:\/\/mersinkadingazetesi.com\/wp-content\/uploads\/2025\/03\/PHOTO-2025-03-04-08-54-26-3-1-540x360.jpg 540w, https:\/\/mersinkadingazetesi.com\/wp-content\/uploads\/2025\/03\/PHOTO-2025-03-04-08-54-26-3-1-272x182.jpg 272w\" sizes=\"(max-width: 2560px) 100vw, 2560px\" \/><\/figure>\n\n\n\n<p>\u201cKADINLARA SOSYAL VE PS\u0130KOLOJ\u0130K&nbsp;<\/p>\n\n\n\n<p>ALANDA DA TAM DESTEK VER\u0130YORUZ\u201d<\/p>\n\n\n\n<p>Kad\u0131nlar\u0131n sosyal ve psikolojik olarak ihtiya\u00e7 duyduklar\u0131 her alanda destekleme \u00e7al\u0131\u015fmalar\u0131n\u0131 her ge\u00e7en g\u00fcn ileriye do\u011fru ta\u015f\u0131makta olduklar\u0131n\u0131 ifade eden Abdurrahman Y\u0131ld\u0131z; \u201cMersin B\u00fcy\u00fck\u015fehir Belediyesi Kad\u0131n ve Aile Hizmetleri Daire Ba\u015fkanl\u0131\u011f\u0131 \u00f6nc\u00fcl\u00fc\u011f\u00fcnde her hafta pazartesi g\u00fcnleri d\u00fczenlenen kad\u0131n sivil toplum kurulu\u015flar\u0131 ile bir araya gelerek kad\u0131na y\u00f6nelik \u00e7al\u0131\u015fmalar ile ilgili g\u00f6r\u00fc\u015fmeler ger\u00e7ekle\u015ftiriyoruz.<\/p>\n\n\n\n<p>Toroslar \u0130l\u00e7esinde ya\u015fayan her kad\u0131na ula\u015fmak ad\u0131na mahalle bulu\u015fmalar\u0131 ger\u00e7ekle\u015ftirmekteyiz.<\/p>\n\n\n\n<p>67 muhtar ile y\u00fcz y\u00fcze ve telefon yoluyla ileti\u015fime ge\u00e7ilerek kad\u0131n ve aile hizmetleri m\u00fcd\u00fcrl\u00fc\u011f\u00fc olarak birlikte yapabilece\u011fimiz \u00e7al\u0131\u015fmalar hakk\u0131nda fikir al\u0131\u015fveri\u015finde bulunduk. Muhtarlar ile s\u00fcrekli ileti\u015fim halindeyiz.\u201d \u015feklinde konu\u015ftu.<\/p>\n\n\n\n<figure class=\"wp-block-image size-full is-resized\"><img loading=\"lazy\" decoding=\"async\" width=\"2560\" height=\"1707\" src=\"http:\/\/mersinkadingazetesi.com\/wp-content\/uploads\/2025\/03\/PHOTO-2025-03-04-08-50-35-1.jpg\" alt=\"\" class=\"wp-image-40440\" style=\"width:601px;height:auto\" srcset=\"https:\/\/mersinkadingazetesi.com\/wp-content\/uploads\/2025\/03\/PHOTO-2025-03-04-08-50-35-1.jpg 2560w, https:\/\/mersinkadingazetesi.com\/wp-content\/uploads\/2025\/03\/PHOTO-2025-03-04-08-50-35-1-540x360.jpg 540w, https:\/\/mersinkadingazetesi.com\/wp-content\/uploads\/2025\/03\/PHOTO-2025-03-04-08-50-35-1-272x182.jpg 272w\" sizes=\"(max-width: 2560px) 100vw, 2560px\" \/><\/figure>\n\n\n\n<p>\u201cYEN\u0130 DO\u011eAN BEBEK SAH\u0130B\u0130 ANNELER\u0130N MUTLULUKLARI DA PAYLA\u015eIYORUZ\u201d<\/p>\n\n\n\n<p>Toroslar Belediye Ba\u015fkan\u0131 Abdurrahman Y\u0131ld\u0131z; \u201cYeni do\u011fan bebek sahibi annelerin yan\u0131nda oldu\u011fumuzu hissettirmek ad\u0131na mutluluklar\u0131n\u0131 payla\u015fmak i\u00e7in destek paketleri temin etmekteyiz.<\/p>\n\n\n\n<p>Hayata Merhaba Projesi kapsam\u0131nda yeni do\u011fan bebek i\u00e7in ihtiya\u00e7 duyaca\u011f\u0131 malzemeler ve anneye hijyen paketi bulunan bebek \u00e7antalar\u0131 haz\u0131rl\u0131\u011f\u0131m\u0131z devam etmektedir, \u015fuan \u00e7anta \u015feklinde de\u011fil \u00fcr\u00fcn teslimi \u015feklinde projeyi y\u00fcr\u00fctmekteyiz.<\/p>\n\n\n\n<p>Kad\u0131nlar i\u00e7in sosyal aktiviteler ve e\u011fitim programlar\u0131 haz\u0131rlay\u0131p sunmaktay\u0131z.<\/p>\n\n\n\n<p>Lise d\u00fczeyi k\u0131z \u00f6\u011frencilerden ba\u015flayarak t\u00fcm ya\u015f gruplar\u0131 i\u00e7in e\u011fitimler vermeye devam etmekteyiz. Ba\u015fl\u0131ca kad\u0131na y\u00f6nelik \u015fiddetle m\u00fccadele, ba\u011f\u0131ml\u0131l\u0131k, sa\u011fl\u0131k konular\u0131 olmak \u00fczere kad\u0131nlardan gelen talepler do\u011frultusunda e\u011fitim konular\u0131m\u0131z\u0131 \u00e7e\u015fitlendirerek s\u00fcreci devam ettirmekteyiz.<\/p>\n\n\n\n<p>Kad\u0131nlara kendilerine zaman ay\u0131rabilmeleri ve bu s\u0131rada \u00e7ocuklar\u0131n verimli zaman ge\u00e7irmelerini sa\u011flamak ad\u0131na at\u00f6lye \u00e7al\u0131\u015fmalar\u0131 yapmaktay\u0131z. \u015eu ana kadar \u00e7e\u015fitli mahallelerden kat\u0131l\u0131mlarla 22 \u00e7ocuk&nbsp;<\/p>\n\n\n\n<p>at\u00f6lyesi ger\u00e7ekle\u015ftirdik. At\u00f6lye planlamalar\u0131m\u0131z devam etmektedir.\u201d diyerek her zaman kad\u0131nlar\u0131n \u00e7ocuklar\u0131n ve gen\u00e7lerin yan\u0131nda yer almaya devam etmekte olduklar\u0131n\u0131 belirtti.<\/p>\n","protected":false},"excerpt":{"rendered":"<p>Toroslar Belediyesi b\u00fcnyesinde kurulu\u015fundan bu yana ilk kez, kad\u0131nlara daha iyi hizmet sunabilmek, destek olmak ve yanlar\u0131nda olabilmek i\u00e7in kad\u0131n ve aile hizmetleri m\u00fcd\u00fcrl\u00fc\u011f\u00fc kuruldu. Toroslar Belediyesi olarak kad\u0131n yoksullu\u011fu ve yoksunlu\u011fu m\u00fccadelesine tam destek verdiklerini belirten Toroslar Belediye Ba\u015fkan\u0131 Abdurrahman Y\u0131ld\u0131z, \u201cToroslar Belediyesi Kad\u0131n ve Aile Hizmetleri M\u00fcd\u00fcrl\u00fc\u011f\u00fc olarak; \u00d6zellikle ekonomik alanda yoksulluk ve [&hellip;]<\/p>\n","protected":false},"author":2,"featured_media":40443,"comment_status":"closed","ping_status":"closed","sticky":false,"template":"","format":"standard","meta":{"footnotes":""},"categories":[34,2,3,5],"tags":[],"class_list":["post-40439","post","type-post","status-publish","format-standard","has-post-thumbnail","hentry","category-flas-haber","category-gundem","category-manset","category-mersin"],"views":5,"_links":{"self":[{"href":"https:\/\/mersinkadingazetesi.com\/index.php?rest_route=\/wp\/v2\/posts\/40439"}],"collection":[{"href":"https:\/\/mersinkadingazetesi.com\/index.php?rest_route=\/wp\/v2\/posts"}],"about":[{"href":"https:\/\/mersinkadingazetesi.com\/index.php?rest_route=\/wp\/v2\/types\/post"}],"author":[{"embeddable":true,"href":"https:\/\/mersinkadingazetesi.com\/index.php?rest_route=\/wp\/v2\/users\/2"}],"replies":[{"embeddable":true,"href":"https:\/\/mersinkadingazetesi.com\/index.php?rest_route=%2Fwp%2Fv2%2Fcomments&post=40439"}],"version-history":[{"count":1,"href":"https:\/\/mersinkadingazetesi.com\/index.php?rest_route=\/wp\/v2\/posts\/40439\/revisions"}],"predecessor-version":[{"id":40444,"href":"https:\/\/mersinkadingazetesi.com\/index.php?rest_route=\/wp\/v2\/posts\/40439\/revisions\/40444"}],"wp:featuredmedia":[{"embeddable":true,"href":"https:\/\/mersinkadingazetesi.com\/index.php?rest_route=\/wp\/v2\/media\/40443"}],"wp:attachment":[{"href":"https:\/\/mersinkadingazetesi.com\/index.php?rest_route=%2Fwp%2Fv2%2Fmedia&parent=40439"}],"wp:term":[{"taxonomy":"category","embeddable":true,"href":"https:\/\/mersinkadingazetesi.com\/index.php?rest_route=%2Fwp%2Fv2%2Fcategories&post=40439"},{"taxonomy":"post_tag","embeddable":true,"href":"https:\/\/mersinkadingazetesi.com\/index.php?rest_route=%2Fwp%2Fv2%2Ftags&post=40439"}],"curies":[{"name":"wp","href":"https:\/\/api.w.org\/{rel}","templated":true}]}}