{"id":40445,"date":"2025-03-07T11:57:56","date_gmt":"2025-03-07T08:57:56","guid":{"rendered":"https:\/\/mersinkadingazetesi.com\/?p=40445"},"modified":"2025-03-07T11:59:06","modified_gmt":"2025-03-07T08:59:06","slug":"her-alanda-firsat-esitligi-sunan-buyuksehir-kadin-ustalar-yetistiriyor","status":"publish","type":"post","link":"https:\/\/mersinkadingazetesi.com\/?p=40445","title":{"rendered":"HER ALANDA FIRSAT E\u015e\u0130TL\u0130G\u0130 SUNAN B\u00dcY\u00dcK\u015eEH\u0130R, KADIN USTALAR YET\u0130\u015eT\u0130R\u0130YOR"},"content":{"rendered":"\n<p>Mersin B\u00fcy\u00fck\u015fehir Belediye Ba\u015fkan\u0131 Vahap Se\u00e7er \u00f6nc\u00fcl\u00fc\u011f\u00fcnde ve Mersin B\u00fcy\u00fck\u015fehir Belediyesi Sosyal Hizmetler Dairesi Ba\u015fkanl\u0131\u011f\u0131 b\u00fcnyesinde, \u2018Her i\u015fe hakk\u0131m\u0131z var\u2019 slogan\u0131yla y\u00fcr\u00fct\u00fclen \u2018Mersinli Kad\u0131n Ustalar\u2019 projesi; meslek edindirme kurslar\u0131yla, kad\u0131nlara yeni bir hayat\u0131n kap\u0131lar\u0131n\u0131 aralamaya devam ediyor. Kad\u0131nlar\u0131n marangozluk, kaynak\u00e7\u0131l\u0131k, in\u015faat boyac\u0131l\u0131\u011f\u0131 gibi alanlarda yer almas\u0131n\u0131 te\u015fvik eden proje, toplumda k\u00f6kl\u00fc bir alg\u0131y\u0131 de\u011fi\u015ftirmeye ba\u015flad\u0131.<\/p>\n\n\n\n<figure class=\"wp-block-image size-full\"><img loading=\"lazy\" decoding=\"async\" width=\"2500\" height=\"1665\" src=\"http:\/\/mersinkadingazetesi.com\/wp-content\/uploads\/2025\/03\/ELLERoNDE-AEKoA-GoZLERoNDE-UMUTLA-MERSoN_oN-KADIN-USTALARI-YETouoYOR-2.jpg\" alt=\"\" class=\"wp-image-40447\" srcset=\"https:\/\/mersinkadingazetesi.com\/wp-content\/uploads\/2025\/03\/ELLERoNDE-AEKoA-GoZLERoNDE-UMUTLA-MERSoN_oN-KADIN-USTALARI-YETouoYOR-2.jpg 2500w, https:\/\/mersinkadingazetesi.com\/wp-content\/uploads\/2025\/03\/ELLERoNDE-AEKoA-GoZLERoNDE-UMUTLA-MERSoN_oN-KADIN-USTALARI-YETouoYOR-2-540x360.jpg 540w, https:\/\/mersinkadingazetesi.com\/wp-content\/uploads\/2025\/03\/ELLERoNDE-AEKoA-GoZLERoNDE-UMUTLA-MERSoN_oN-KADIN-USTALARI-YETouoYOR-2-272x182.jpg 272w\" sizes=\"(max-width: 2500px) 100vw, 2500px\" \/><\/figure>\n\n\n\n<p>Kurslar\u0131 ba\u015far\u0131yla tamamlayan kad\u0131nlar, i\u015f hayat\u0131na at\u0131lmalar\u0131n\u0131 kolayla\u015ft\u0131ran Mesleki Yeterlilik Belgesi alarak ekonomik ba\u011f\u0131ms\u0131zl\u0131klar\u0131na da kavu\u015fuyor. Kaynak makinesinin k\u0131v\u0131lc\u0131mlar\u0131n\u0131n aras\u0131ndan, Mersinli kad\u0131n ustalar\u0131n da sesi y\u00fckseliyor. B\u00fcy\u00fck\u015fehir Belediyesi\u2019nin kad\u0131n istihdam\u0131n\u0131 art\u0131rmak i\u00e7in att\u0131\u011f\u0131 bu ad\u0131m, kad\u0131nlar\u0131n \u2018Biz de var\u0131z\u2019 dedi\u011fi, g\u00fc\u00e7l\u00fc ve e\u015fit bir gelece\u011fin habercisi olmaya devam ediyor.<\/p>\n\n\n\n<p>Projeden faydalanan kad\u0131nlar sadece bir meslek edinmiyor, ayn\u0131 zamanda g\u00fc\u00e7l\u00fc duru\u015flar\u0131yla toplumda yerle\u015fik olan alg\u0131lar\u0131 y\u0131k\u0131yor. \u2018Bu i\u015fler erkek i\u015fi de\u011fil, ustal\u0131k i\u015fi\u2019 diyerek kaynak makinesiyle metal \u015fekillendiren kad\u0131nlar, meslekler aras\u0131nda cinsiyet ayr\u0131m\u0131 yap\u0131lamayaca\u011f\u0131n\u0131 her g\u00fcn bir kez daha kan\u0131tl\u0131yor.<\/p>\n\n\n\n<p>Maya: \u201cMersin\u2019de kad\u0131nlar, mesleklerin cinsiyet alg\u0131s\u0131n\u0131 de\u011fi\u015ftiriyor\u201d<\/p>\n\n\n\n<p>Sosyal Hizmetler Dairesi Ba\u015fkanl\u0131\u011f\u0131\u2019na ba\u011fl\u0131 MERCEK Mesleki E\u011fitim Merkezleri Koordinat\u00f6r\u00fc G\u00fcl Kadem Maya, T\u0131rm\u0131l MERCEK Mesleki E\u011fitim Merkezi hakk\u0131nda bilgi verirken, merkezin burada olmas\u0131n\u0131n nedenlerini aktard\u0131. Maya, \u201cT\u0131rm\u0131l MERCEK Mesleki E\u011fitim Merkezi, T\u0131rm\u0131l Sanayi Sitesi\u2019nin tam ortas\u0131nda yer al\u0131yor. Burada olmas\u0131n\u0131n sebebi de; direkt i\u015fin merkezinde kursiyerlerimizi yeti\u015ftirerek istihdama y\u00f6nlendirmek istiyoruz. Burada metal sac, makine, tekstil, in\u015faat ve ah\u015fap mobilya alan\u0131nda kurslar\u0131m\u0131z var. Bu sayd\u0131\u011f\u0131m e\u011fitimlerin i\u00e7erisine kaynak kursunu da d\u00e2hil ettik\u201d dedi.&nbsp;<\/p>\n\n\n\n<p>Kaynak kursu hakk\u0131nda bilgi veren Maya, kurstan al\u0131nan belge ile kursiyerlerin uluslararas\u0131 \u00e7al\u0131\u015fma imk\u00e2nlar\u0131n\u0131n oldu\u011funa de\u011finerek, \u201cKaynak kursunda hem kad\u0131n ustalar yeti\u015ftiriyoruz, hem de gen\u00e7lerimizi bu mesle\u011fe y\u00f6nlendiriyoruz. Kad\u0131n ustalar kaynak kursundan \u2018Mesleki Yeterlilik Belgesi\u2019 ile mezun oluyorlar. Uluslararas\u0131 ge\u00e7erlili\u011fi olan bir belge oldu\u011fu i\u00e7in, her alanda her yerde i\u015f bulma imk\u00e2n\u0131n\u0131 da kazanm\u0131\u015f oluyorlar\u201d diye konu\u015ftu. Kaynak At\u00f6lyesi\u2019nin en yo\u011fun talep alan kurs oldu\u011funu da s\u00f6zlerine ekleyen Maya, \u201cKaynak kursumuz 20 kursiyerimizle e\u011fitime devam ediyor. Mersin\u2019de art\u0131k kad\u0131nlar, mesleklerin cinsiyet alg\u0131s\u0131n\u0131 de\u011fi\u015ftiriyor\u201d ifadelerine yer verdi.<\/p>\n\n\n\n<p>Uyan\u0131k: \u201cE\u011fitimlerini ba\u015far\u0131yla tamamlayanlar, uluslararas\u0131&nbsp;<\/p>\n\n\n\n<p>platformda da \u00e7al\u0131\u015fabiliyor\u201d<\/p>\n\n\n\n<p>T\u0131rm\u0131l Mercek\u2019te Makine Bak\u0131m ve Kaynak E\u011fitmeni olarak g\u00f6rev yapan Mahmut Uyan\u0131k, kurslar\u0131n i\u00e7eri\u011fi hakk\u0131nda bilgi aktararak, \u201cMERCEK\u2019te mesleki e\u011fitimler veriyoruz. Burada da \u00e7elik kaynak, makine bak\u0131m, metal sac i\u015fleme, mobilya imalat\u0131, in\u015faat ve diki\u015f nak\u0131\u015f e\u011fitimleri veriyoruz. Burada verilen e\u011fitimler, Halk E\u011fitim ve Mesleki Yeterlilik Kurumu \u00e7at\u0131s\u0131nda ger\u00e7ekle\u015fiyor. Halk E\u011fitim\u2019de alan kurslar\u0131m\u0131z var ve bu kurslardan belge alan kursiyerler usta olarak \u00e7al\u0131\u015fabiliyor\u201d diye konu\u015ftu.&nbsp;<\/p>\n\n\n\n<p>Mezun olan kursiyerlerin, Mesleki Yeterlilik Kurumu\u2019nun yapm\u0131\u015f oldu\u011fu s\u0131navla uluslararas\u0131 platformda da \u00e7al\u0131\u015fma imk\u00e2n\u0131 bulabileceklerini belirten Uyan\u0131k, \u201cMYK s\u0131navlar\u0131n\u0131 ba\u015far\u0131yla tamamlayanlar uluslararas\u0131 usta olabiliyor. Seviye 3 ve seviye 4 \u015feklinde geli\u015fiyor. Seviye 4 olan kursiyerler, tam anlam\u0131yla usta oluyor ve yurt d\u0131\u015f\u0131nda \u00e7al\u0131\u015fma imk\u00e2n\u0131 da oluyor. Temel e\u011fitimden daha \u00e7ok, sanayide \u00e7al\u0131\u015fabilecekleri e\u011fitimler veriyoruz\u201d &nbsp;dedi.<\/p>\n\n\n\n<p>Kaynak ustas\u0131 olma yolunda emin ad\u0131mlarla ilerleyen&nbsp;<\/p>\n\n\n\n<p>kursiyerler, kurstan memnun<\/p>\n\n\n\n<p>2 \u00e7ocuk annesi oldu\u011funu ve bu mesle\u011fe ba\u015faraca\u011f\u0131na inanarak ba\u015flad\u0131\u011f\u0131n\u0131 s\u00f6yleyen kursiyerlerden G\u00fcner K\u0131l\u0131n\u00e7, \u201cKad\u0131nlar\u0131n ba\u015faramayaca\u011f\u0131 hi\u00e7bir \u015fey yok. Ben makine bak\u0131m ustas\u0131y\u0131m. \u015eimdi de kaynak \u00f6\u011frenmek istedim. Ben ayn\u0131 zamanda bir kaynak\u00e7\u0131 e\u015fiyim. Buradaki hocalar\u0131m\u0131z\u0131n deste\u011fiyle ba\u015faraca\u011f\u0131m\u0131 d\u00fc\u015f\u00fcn\u00fcyorum. MERCEK ile internet \u00fczerinden tan\u0131\u015ft\u0131m. Ba\u015fvuru yapt\u0131m, hocalar\u0131mla ileti\u015fime ge\u00e7tim ve ba\u015flad\u0131m\u201d diye konu\u015ftu.&nbsp;<\/p>\n\n\n\n<p>25 y\u0131ld\u0131r moda tasar\u0131mc\u0131s\u0131 oldu\u011funu, daha fazla neler yapabildi\u011fini g\u00f6rmek ad\u0131na kaynak kursuna ba\u015flad\u0131\u011f\u0131n\u0131 ifade eden bir ba\u015fka kursiyer Se\u00e7il Yarkada\u015f ise, \u201cMersin B\u00fcy\u00fck\u015fehir Belediyesi\u2019nin, bu e\u011fitimi \u00fccretsiz olarak verdi\u011fini \u00f6\u011frendim. Hemen deneyimlemek istedim ve geldim\u201d ifadelerine yer verdi. Kursta ald\u0131klar\u0131 e\u011fitimin yeterli oldu\u011funu ve ald\u0131klar\u0131 bilgileri prati\u011fe d\u00f6n\u00fc\u015ft\u00fcrecek alanlar\u0131 oldu\u011fundan da bahseden Yarkada\u015f, \u201cKonunun uzman\u0131 hocalar e\u015fli\u011finde, kursa teorik e\u011fitimle ba\u015fl\u0131yoruz. Ard\u0131ndan pratiklere ba\u015fl\u0131yoruz. Burada ald\u0131\u011f\u0131m\u0131z e\u011fitimlerin sonunda bir yeterlilik s\u0131nav\u0131na giriyoruz. Yeterlili\u011fimizi burada da kan\u0131tlayarak, uluslararas\u0131 sertifikam\u0131z\u0131 elde ediyoruz\u201d dedi.<\/p>\n\n\n\n<p>BA\u015eKAN SE\u00c7ER: \u201cEV\u0130M\u0130Z&nbsp;<\/p>\n\n\n\n<p>AT\u00d6LYE PROJES\u0130YLE EVLERDEK\u0130 G\u0130ZL\u0130 \u0130\u015e G\u00dcC\u00dc A\u00c7I\u011eA \u00c7IKTI\u201d<\/p>\n\n\n\n<p>Mersin B\u00fcy\u00fck\u015fehir Belediye Ba\u015fkan\u0131 Vahap Se\u00e7er ve Mersinden Kad\u0131n Kooperatifi Ba\u015fkan\u0131 Meral Se\u00e7er, \u2018Elde Var Yetenek, Evde Var Ekmek\u2019 slogan\u0131yla y\u00fcr\u00fct\u00fclen, \u2018Evimiz At\u00f6lye\u2019 projesi kapsam\u0131nda oyuncak yap\u0131m at\u00f6lyesini tamamlayan kad\u0131nlarla \u2018Sertifika T\u00f6reni\u2019nde bir araya geldi.<\/p>\n\n\n\n<p>Mersin B\u00fcy\u00fck\u015fehir Belediyesi Kad\u0131n ve Aile Hizmetleri Daire Ba\u015fkanl\u0131\u011f\u0131 G\u00f6n\u00fcll\u00fcler \u015eube M\u00fcd\u00fcrl\u00fc\u011f\u00fc b\u00fcnyesinde y\u00fcr\u00fct\u00fclen ve Mersinden Kad\u0131n Kooperatifi\u2019nin de payda\u015f\u0131 oldu\u011fu \u2018Evimiz At\u00f6lye\u2019 projesi kapsam\u0131nda toplam 9 mahalleden kad\u0131nlar ve Mersin Ortopedik Engelliler Derne\u011fi\u2019nin \u00fcyeleri \u00fcretimin bir par\u00e7as\u0131 olman\u0131n mutlulu\u011funu ya\u015fad\u0131. Evimiz At\u00f6lye Projesi toplam 44 mahallede uygulan\u0131yor ve projede yer alan kad\u0131n say\u0131s\u0131 da toplam 2 bin 589.&nbsp;<\/p>\n\n\n\n<p>Mersin B\u00fcy\u00fck\u015fehir Belediyesi Etkinlik ve Sanat Merkezi\u2019nde ger\u00e7ekle\u015ftirilen programa; Mersin B\u00fcy\u00fck\u015fehir Belediye Ba\u015fkan\u0131 Vahap Se\u00e7er, Mersinden Kad\u0131n Kooperatifi Ba\u015fkan\u0131 Meral Se\u00e7er, Cumhuriyet Halk Partisi (CHP) Mersin Milletvekili G\u00fclcan K\u0131\u015f, B\u00fcy\u00fck\u015fehir Belediyesi b\u00fcrokratlar\u0131, mahalle muhtarlar\u0131 ve kad\u0131nlar ile \u00e7ocuklar\u0131 kat\u0131ld\u0131.&nbsp;<\/p>\n\n\n\n<p>Mersin B\u00fcy\u00fck\u015fehir Belediye Ba\u015fkan\u0131 Vahap Se\u00e7er, vatanda\u015flarla bir arada olmaktan duydu\u011fu memnuniyeti dile getirerek, her daim onlarla birlik ve beraberlik i\u00e7erisinde ya\u015famay\u0131 temenni etti. Ba\u015fkan Se\u00e7er, kad\u0131nlar\u0131n ayaklar\u0131 \u00fczerinde durarak ya\u015famas\u0131n\u0131n \u00f6nemine dikkat \u00e7ekerek, \u201cHepimizin gayesi; e\u015fimizle, dostlar\u0131m\u0131zla ve ailelerimizle mutlu bir \u015fekilde kimseye muhta\u00e7 olmadan ya\u015famak. Bug\u00fcn burada bizi bir araya getiren de bu gayemiz. Kad\u0131nlar; e\u015fi, karde\u015fleri ve ailesi dahi olsa kimseye muhta\u00e7 olmas\u0131n\u201d dedi. \u201cBizim nazar\u0131m\u0131zda kad\u0131n da bir erkekte bir, ayr\u0131m yok\u201d diyen Se\u00e7er, kad\u0131n\u0131n g\u00fcc\u00fcne vurgu yapt\u0131.&nbsp;<\/p>\n\n\n\n<p>Vatanda\u015flara hay\u0131rl\u0131 Ramazanlar dileyen Se\u00e7er, Mersin B\u00fcy\u00fck\u015fehir\u2019in sa\u011flad\u0131\u011f\u0131 g\u0131da kolisi deste\u011fi ile ilgili de konu\u015ftu. G\u0131da kolisi deste\u011finin yard\u0131mdan say\u0131lmamas\u0131 gerekti\u011finin alt\u0131n\u0131 \u00e7izen Se\u00e7er, \u00f6nemli olan\u0131n g\u0131da kolisi deste\u011fi yapmak de\u011fil kolinin i\u00e7erisine kaliteli i\u00e7erik koymak oldu\u011funu s\u00f6zlerine ekledi. Se\u00e7er, \u201cYapt\u0131\u011f\u0131m\u0131z g\u0131da kolisi deste\u011fi, yard\u0131m de\u011fildir. Sizin paran\u0131z\u0131 size g\u00f6nderiyoruz. Benim mutfa\u011f\u0131mda ne pi\u015fiyorsa ayn\u0131 kalitedeki \u00fcr\u00fcnleri Ramazan kolilerine koyuyoruz\u201d ifadelerine yer verdi.<\/p>\n\n\n\n<p>Se\u00e7er, belediye ba\u015fkanlar\u0131n\u0131n g\u00f6revinin, kamu kaynaklar\u0131n\u0131 do\u011fru ve adil bir \u015fekilde vatanda\u015fa hizmet olarak sunmak oldu\u011funu belirtti.&nbsp; Belediye ba\u015fkan\u0131n\u0131n, vatanda\u015f\u0131n g\u00fcvendi\u011fi, halk\u0131n hakk\u0131n\u0131 g\u00f6zeten, vatan\u0131n\u0131 ve milletini seven biri olmas\u0131 gerekti\u011fine dikkat \u00e7eken Se\u00e7er, \u201cBiz bu anlay\u0131\u015fla adalet da\u011f\u0131t\u0131yoruz. Mersin halk\u0131 da 1 y\u0131l \u00f6nce bize; \u2018Ba\u015fkan\u0131m\u0131za g\u00fcveniyoruz, \u00e7\u00fcnk\u00fc onun tek derdi Mersin ve hem\u015fehrileri\u2019 diyerek destek verdi\u201d ifadeleriyle Mersinlilere te\u015fekk\u00fcr etti.<\/p>\n\n\n\n<p>Se\u00e7er, T\u00fcrkiye Cumhuriyeti\u2019nin laik bir devlet oldu\u011funa vurgu yaparak, Ulu \u00d6nder Mustafa Kemal Atat\u00fcrk taraf\u0131ndan, kad\u0131n haklar\u0131na verilen \u00f6neme dikkat \u00e7ekti ve kad\u0131nlar\u0131n bug\u00fcn sahip oldu\u011fu haklar\u0131n bir\u00e7o\u011funa 100 y\u0131l \u00f6nce eri\u015ftiklerine de\u011findi. Se\u00e7er, \u201cAtam\u0131z Mustafa Kemal Atat\u00fcrk 1930\u2019lu y\u0131llarda; \u2018Kad\u0131nlar hem se\u00e7ecek hem se\u00e7ilecek!\u2019 demi\u015f. Kad\u0131nlar\u0131n bug\u00fcn muhtar olmalar\u0131na bundan 100 y\u0131l \u00f6nce karar verilmi\u015f. \u2018Kad\u0131nlar belediye ba\u015fkan\u0131, milletvekili ve bakan olacak!\u2019 demi\u015f\u201d ifadelerini kulland\u0131.&nbsp;<\/p>\n\n\n\n<p>Evimiz At\u00f6lye Projesi\u2019nin ge\u00e7ti\u011fimiz d\u00f6nem ba\u015flad\u0131\u011f\u0131n\u0131 ve \u015fimdiye kadar 44 mahallede 2 bin 589 kad\u0131na ula\u015ft\u0131\u011f\u0131n\u0131 s\u00f6yleyen Se\u00e7er, proje ile evde gizli kalm\u0131\u015f i\u015f g\u00fcc\u00fcn\u00fcn ortaya \u00e7\u0131kar\u0131ld\u0131\u011f\u0131n\u0131 dile getirdi. Kad\u0131nlar\u0131n proje sayesinde evde \u00fcretim yap\u0131p ailesinin ekonomisine katk\u0131 sa\u011flayabildi\u011fini belirten Se\u00e7er, B\u00fcy\u00fck\u015fehir Belediyesi olarak kad\u0131nlardan gelen talepleri \u00f6nemle dikkate ald\u0131klar\u0131n\u0131 kaydetti.&nbsp;<\/p>\n\n\n\n<p>\u201cB\u00fct\u00fcn talep ve isteklerinizi&nbsp;<\/p>\n\n\n\n<p>ALO 185 ile bize iletebilirsiniz\u201d<\/p>\n\n\n\n<figure class=\"wp-block-image size-full\"><img loading=\"lazy\" decoding=\"async\" width=\"2500\" height=\"1667\" src=\"http:\/\/mersinkadingazetesi.com\/wp-content\/uploads\/2025\/03\/BAuKAN-SEAER-VE-MERAL-SEAER-_EVoMoZ-AToLYE_-PROJESoNDEN-FAYDALANAN-KADINLARLA-SERToFoKA-ToRENo_NDE-BoR-ARAYA-GELDo-5.jpg\" alt=\"\" class=\"wp-image-40448\" srcset=\"https:\/\/mersinkadingazetesi.com\/wp-content\/uploads\/2025\/03\/BAuKAN-SEAER-VE-MERAL-SEAER-_EVoMoZ-AToLYE_-PROJESoNDEN-FAYDALANAN-KADINLARLA-SERToFoKA-ToRENo_NDE-BoR-ARAYA-GELDo-5.jpg 2500w, https:\/\/mersinkadingazetesi.com\/wp-content\/uploads\/2025\/03\/BAuKAN-SEAER-VE-MERAL-SEAER-_EVoMoZ-AToLYE_-PROJESoNDEN-FAYDALANAN-KADINLARLA-SERToFoKA-ToRENo_NDE-BoR-ARAYA-GELDo-5-540x360.jpg 540w, https:\/\/mersinkadingazetesi.com\/wp-content\/uploads\/2025\/03\/BAuKAN-SEAER-VE-MERAL-SEAER-_EVoMoZ-AToLYE_-PROJESoNDEN-FAYDALANAN-KADINLARLA-SERToFoKA-ToRENo_NDE-BoR-ARAYA-GELDo-5-272x182.jpg 272w\" sizes=\"(max-width: 2500px) 100vw, 2500px\" \/><\/figure>\n\n\n\n<p>ALO 185 Teksin uygulamas\u0131n\u0131n Mersin\u2019de ya\u015fayan t\u00fcm vatanda\u015flar\u0131n ama \u00f6zellikle de kad\u0131nlar\u0131n hayat\u0131n\u0131 kolayla\u015ft\u0131rmakta \u00e7ok \u00f6nemli bir g\u00f6revi \u00fcstlendi\u011fine vurgu yapan Se\u00e7er, \u201cALO 185 demek; Vahap Se\u00e7er\u2019i aramak demek, hi\u00e7bir fark yok. B\u00fct\u00fcn sorunlar\u0131n\u0131z\u0131, taleplerinizi ve isteklerinizi ALO 185 ile bize iletebilirsiniz\u201d dedi.&nbsp;<\/p>\n\n\n\n<p>\u201cArt\u0131k T\u00fcrkiye\u2019de Mersin konu\u015fuluyor\u201d<\/p>\n\n\n\n<p>B\u00fcy\u00fck\u015fehir Belediye Ba\u015fkan\u0131 se\u00e7ildi\u011fi 2019 y\u0131l\u0131ndan itibaren Mersin\u2019in g\u00fczelle\u015fti\u011fini ve insanlar\u0131n g\u00fcven i\u00e7erisinde ya\u015fad\u0131\u011f\u0131 bir \u015fehir haline geldi\u011fini aktaran Se\u00e7er, \u201c\u015eehrimize bir vizyon ve de\u011fer katt\u0131k, g\u00fczellik getirdik. Art\u0131k T\u00fcrkiye\u2019de Mersin konu\u015fuluyor. \u2018Mersin T\u00fcrkiye\u2019nin en g\u00fczel kenti\u2019 deniliyor. \u2018Mersin muhte\u015fem olmu\u015f, Mersin g\u00fczel olmu\u015f\u2019 dedikleri zaman Mersinlilerle ve kentimle gurur duyuyorum\u201d ifadelerini kulland\u0131.<\/p>\n\n\n\n<p>Sosyal belediyecilik anlay\u0131\u015f\u0131 ile B\u00fcy\u00fck\u015fehir\u2019in yapm\u0131\u015f oldu\u011fu hizmetleri s\u0131ralayan Se\u00e7er; Mahalle Mutfaklar\u0131\u2019ndan \u00e7ocuklara HPV a\u015f\u0131s\u0131na, E\u011fitim ve \u00d6\u011fretimi Destekleme Kurs Merkezlerinden okuma yazma kurslar\u0131na, evde sa\u011fl\u0131k ve bak\u0131m hizmetlerinden \u00e7ocuk geli\u015fim merkezlerine, Dosthane\u2019den ambulans hizmetine, kad\u0131nlar\u0131n meslek becerilerini kazanabilece\u011fi at\u00f6lye e\u011fitimlerine kadar her hizmeti verdiklerini ve daha fazlas\u0131n\u0131 da yapmaya haz\u0131r olduklar\u0131n\u0131 anlatt\u0131.&nbsp;<\/p>\n\n\n\n<p>Meral Se\u00e7er: \u201cSizlerin mutlulu\u011fu bu projeyi y\u00fcr\u00fctmekteki en b\u00fcy\u00fck motivasyonumuz\u201d<\/p>\n\n\n\n<p>Kad\u0131nlarla Evimiz At\u00f6lye Projesi kapsam\u0131nda bir araya gelmekten b\u00fcy\u00fck mutluluk duydu\u011funu s\u00f6yleyen Mersinden Kad\u0131n Kooperatifi Ba\u015fkan\u0131 Meral Se\u00e7er, \u201cBu projeyle sizlerle birlikte olmak, i\u015fbirli\u011fi yapmak, sosyalle\u015fti\u011finizi, mutlu oldu\u011funuzu g\u00f6rmek bizim bu projeyi y\u00fcr\u00fctmekteki en b\u00fcy\u00fck motivasyon kayna\u011f\u0131m\u0131z. Bu hayat pahal\u0131l\u0131\u011f\u0131nda, aya\u011f\u0131m\u0131z\u0131 kap\u0131n\u0131n d\u0131\u015f\u0131na atamad\u0131\u011f\u0131m\u0131z bu d\u00f6nemde; siz kad\u0131nlar\u0131n bir nebze olsun ferahlamas\u0131, bir araya gelmesi ve sosyal etkinlikte bulunmas\u0131 da \u00e7ok k\u0131ymetli\u201d dedi. Kad\u0131nlar\u0131n bir\u00e7ok i\u015fin alt\u0131ndan ba\u015far\u0131yla kalkabilecek g\u00fc\u00e7te oldu\u011funu belirten Meral Se\u00e7er, projenin devam edece\u011fini vurgulad\u0131 ve herkese hay\u0131rl\u0131 Ramazan\u2019lar diledi.&nbsp;<\/p>\n\n\n\n<p>B\u0130S\u0130KLETL\u0130 KADINLAR&nbsp;<\/p>\n\n\n\n<p>\u201cPEDALLARI \u00c7EV\u0130R\u0130YORUZ\u201d ETK\u0130NL\u0130\u011e\u0130NDE BULU\u015eTU<\/p>\n\n\n\n<p>Mersin B\u00fcy\u00fck\u015fehir Belediyesi, 8 Mart D\u00fcnya Kad\u0131nlar G\u00fcn\u00fc dolay\u0131s\u0131yla dolu dolu programlar\u0131na devam ediyor. B\u00fcy\u00fck\u015fehir Belediyesi Kad\u0131n ve Aile Hizmetleri Dairesi Ba\u015fkanl\u0131\u011f\u0131 taraf\u0131ndan Mersin\u2019de faaliyette bulunan 3 ayr\u0131 kad\u0131n bisiklet toplulu\u011fu \u00fcyelerine y\u00f6nelik \u201cPedallar\u0131 \u00c7eviriyoruz\u201d mottosuyla \u201cBisikletli Kad\u0131nlar Etkinli\u011fi\u201d d\u00fczenlendi.<\/p>\n\n\n\n<figure class=\"wp-block-image size-full\"><img loading=\"lazy\" decoding=\"async\" width=\"2388\" height=\"1491\" src=\"http:\/\/mersinkadingazetesi.com\/wp-content\/uploads\/2025\/03\/MERSIN-BUYUKSEHIRDEN-BISIKLETLI-KADINLARA-KAMP-KEYFI-DOGA-TURU-1-1.jpg\" alt=\"\" class=\"wp-image-40446\" srcset=\"https:\/\/mersinkadingazetesi.com\/wp-content\/uploads\/2025\/03\/MERSIN-BUYUKSEHIRDEN-BISIKLETLI-KADINLARA-KAMP-KEYFI-DOGA-TURU-1-1.jpg 2388w, https:\/\/mersinkadingazetesi.com\/wp-content\/uploads\/2025\/03\/MERSIN-BUYUKSEHIRDEN-BISIKLETLI-KADINLARA-KAMP-KEYFI-DOGA-TURU-1-1-540x337.jpg 540w\" sizes=\"(max-width: 2388px) 100vw, 2388px\" \/><\/figure>\n\n\n\n<p>\u2018Bisikletin Sultanlar\u0131\u2019, \u2018Bisi-Kopat Kad\u0131nlar\u2019 ve \u2018Mersin Bisiklet Dostlar\u0131\u2019 (MERB\u0130DOS) \u00fcyelerinin kat\u0131l\u0131m\u0131 ile Tarsus Gen\u00e7lik Kamp\u0131\u2019nda ger\u00e7ekle\u015fen program dahilinde, bisiklet dostlar\u0131 kad\u0131nlar Tarsus\u2019a ba\u011fl\u0131 k\u0131rsalda yer alan Dadal\u0131 Mahallesine kadar tur ger\u00e7ekle\u015ftirdiler. Bol bol foto\u011fraflar \u00e7ekip an\u0131 \u00f6l\u00fcms\u00fczle\u015ftiren kad\u0131nlar, hem kamp ortam\u0131nda hem de do\u011fa turunda unutamayacaklar\u0131 anlar ya\u015fad\u0131lar. B\u00fcy\u00fck\u015fehir Belediyesi ekiplerinin refakat etti\u011fi kad\u0131nlara Kad\u0131n ve Aile Hizmetleri Dairesi Ba\u015fkan\u0131 \u015eerife Haso\u011flu Dokucu\u2019da e\u015flik etti.&nbsp;<\/p>\n\n\n\n<p>Dokucu: \u201cBisiklet, g\u00fcvenli ve ekonomik sosyalle\u015fme&nbsp;<\/p>\n\n\n\n<p>a\u00e7\u0131s\u0131ndan harika bir ara\u00e7\u201d<\/p>\n\n\n\n<p>Mersin B\u00fcy\u00fck\u015fehir Belediyesi Kad\u0131n ve Aile Hizmetleri Dairesi Ba\u015fkan\u0131 \u015eerife Haso\u011flu Dokucu, kad\u0131nlarla bisiklet etkinli\u011finde bir arada olmakta dolay\u0131 sevin\u00e7li oldu\u011funu belirterek, \u201cKad\u0131nlarla bir arada olmak hele ki bisiklet etkinli\u011finde bir arada olmak \u00e7ok keyifli. Bisiklet \u00e7al\u0131\u015fmalar\u0131na \u00e7ok a\u011f\u0131rl\u0131k verdik Mersin\u2019de. \u00c7\u00fcnk\u00fc bisiklet \u00f6zg\u00fcrle\u015ftiriyor, do\u011faya a\u00e7\u0131labiliyorlar. Sonra birlikte olduklar\u0131 i\u00e7in g\u00fcvendeler, daha iyi etkinlikler yapabiliyorlar. Kald\u0131 ki, Mersin B\u00fcy\u00fck\u015fehir Belediyesi de arkalar\u0131nda. Bisiklet, g\u00fcvenli ve ekonomik sosyalle\u015fme a\u00e7\u0131s\u0131ndan harika bir ara\u00e7. Ayn\u0131 zamanda kad\u0131n \u00f6zg\u00fcrl\u00fc\u011f\u00fcnde, kad\u0131n\u0131n sosyal ya\u015fam\u0131nda bizim \u00e7ok \u00f6nem verdi\u011fimiz bir ara\u00e7\u201d s\u00f6zlerini kulland\u0131.<\/p>\n\n\n\n<p>K\u0131sa ad\u0131 MERB\u0130DOS olan Mersin Bisiklet Dostlar\u0131 Grubu Ba\u015fkan\u0131 H\u00fcsniye Tekin ise bisiklet dostlar\u0131n\u0131n artmas\u0131 i\u00e7in B\u00fcy\u00fck\u015fehir Belediyesi\u2019nden \u00e7ok destek ald\u0131klar\u0131n\u0131 s\u00f6yleyerek, \u201cBizim i\u00e7in \u00e7ok k\u0131ymetli bir g\u00fcn. 8 Mart \u00f6ncesi olmas\u0131 da zaten ayr\u0131 bir \u00f6zelli\u011fi var. Fark\u0131ndal\u0131k yaratmak i\u00e7in biz kad\u0131nlar\u0131n hepimizin bir arada olmas\u0131, \u00f6zellikle bisikletli olmam\u0131z zaten apayr\u0131 bir durum. Etkinli\u011fimiz \u00e7ok g\u00fczel. S\u00fcr\u00fc\u015f yapt\u0131k geldik \u00e7ok daha mutluyuz\u201d ifadelerini kulland\u0131.&nbsp;<\/p>\n","protected":false},"excerpt":{"rendered":"<p>Mersin B\u00fcy\u00fck\u015fehir Belediye Ba\u015fkan\u0131 Vahap Se\u00e7er \u00f6nc\u00fcl\u00fc\u011f\u00fcnde ve Mersin B\u00fcy\u00fck\u015fehir Belediyesi Sosyal Hizmetler Dairesi Ba\u015fkanl\u0131\u011f\u0131 b\u00fcnyesinde, \u2018Her i\u015fe hakk\u0131m\u0131z var\u2019 slogan\u0131yla y\u00fcr\u00fct\u00fclen \u2018Mersinli Kad\u0131n Ustalar\u2019 projesi; meslek edindirme kurslar\u0131yla, kad\u0131nlara yeni bir hayat\u0131n kap\u0131lar\u0131n\u0131 aralamaya devam ediyor. Kad\u0131nlar\u0131n marangozluk, kaynak\u00e7\u0131l\u0131k, in\u015faat boyac\u0131l\u0131\u011f\u0131 gibi alanlarda yer almas\u0131n\u0131 te\u015fvik eden proje, toplumda k\u00f6kl\u00fc bir alg\u0131y\u0131 de\u011fi\u015ftirmeye ba\u015flad\u0131. [&hellip;]<\/p>\n","protected":false},"author":2,"featured_media":40449,"comment_status":"closed","ping_status":"closed","sticky":false,"template":"","format":"standard","meta":{"footnotes":""},"categories":[34,2,3,5],"tags":[],"class_list":["post-40445","post","type-post","status-publish","format-standard","has-post-thumbnail","hentry","category-flas-haber","category-gundem","category-manset","category-mersin"],"views":21,"_links":{"self":[{"href":"https:\/\/mersinkadingazetesi.com\/index.php?rest_route=\/wp\/v2\/posts\/40445"}],"collection":[{"href":"https:\/\/mersinkadingazetesi.com\/index.php?rest_route=\/wp\/v2\/posts"}],"about":[{"href":"https:\/\/mersinkadingazetesi.com\/index.php?rest_route=\/wp\/v2\/types\/post"}],"author":[{"embeddable":true,"href":"https:\/\/mersinkadingazetesi.com\/index.php?rest_route=\/wp\/v2\/users\/2"}],"replies":[{"embeddable":true,"href":"https:\/\/mersinkadingazetesi.com\/index.php?rest_route=%2Fwp%2Fv2%2Fcomments&post=40445"}],"version-history":[{"count":2,"href":"https:\/\/mersinkadingazetesi.com\/index.php?rest_route=\/wp\/v2\/posts\/40445\/revisions"}],"predecessor-version":[{"id":40452,"href":"https:\/\/mersinkadingazetesi.com\/index.php?rest_route=\/wp\/v2\/posts\/40445\/revisions\/40452"}],"wp:featuredmedia":[{"embeddable":true,"href":"https:\/\/mersinkadingazetesi.com\/index.php?rest_route=\/wp\/v2\/media\/40449"}],"wp:attachment":[{"href":"https:\/\/mersinkadingazetesi.com\/index.php?rest_route=%2Fwp%2Fv2%2Fmedia&parent=40445"}],"wp:term":[{"taxonomy":"category","embeddable":true,"href":"https:\/\/mersinkadingazetesi.com\/index.php?rest_route=%2Fwp%2Fv2%2Fcategories&post=40445"},{"taxonomy":"post_tag","embeddable":true,"href":"https:\/\/mersinkadingazetesi.com\/index.php?rest_route=%2Fwp%2Fv2%2Ftags&post=40445"}],"curies":[{"name":"wp","href":"https:\/\/api.w.org\/{rel}","templated":true}]}}