{"id":40453,"date":"2025-03-07T12:00:02","date_gmt":"2025-03-07T09:00:02","guid":{"rendered":"https:\/\/mersinkadingazetesi.com\/?p=40453"},"modified":"2025-03-07T12:00:02","modified_gmt":"2025-03-07T09:00:02","slug":"kadinlarin-yoksullugu-ve-yoksunlugu-derinlesiyor","status":"publish","type":"post","link":"https:\/\/mersinkadingazetesi.com\/?p=40453","title":{"rendered":"KADINLARIN YOKSULLU\u011eU VE YOKSUNLU\u011eU DER\u0130NLE\u015e\u0130YOR!"},"content":{"rendered":"\n<p>Kad\u0131nlar\u0131n ekonomik hayatta e\u015fit bir yer edinebilmesi i\u00e7in yaln\u0131zca bireysel \u00e7abalar de\u011fil, devlet ve toplum taraf\u0131ndan desteklenen kapsaml\u0131 politikalar\u0131n geli\u015ftirilmesi \u015fart.<br><\/p>\n\n\n\n<p>Kad\u0131nlar, ekonomik krizler, do\u011fal afetler ve toplumsal cinsiyet e\u015fitsizli\u011fi nedeniyle yoksullu\u011fu en a\u011f\u0131r \u015fekilde ya\u015fayan kesimlerin ba\u015f\u0131nda geliyor. T\u00fcrkiye\u2019de kad\u0131n i\u015f g\u00fcc\u00fcne kat\u0131l\u0131m oran\u0131 yaln\u0131zca y\u00fczde 26 civar\u0131nda ve \u00e7al\u0131\u015fan kad\u0131nlar\u0131n b\u00fcy\u00fck bir b\u00f6l\u00fcm\u00fc g\u00fcvencesiz, d\u00fc\u015f\u00fck \u00fccretli i\u015flerde \u00e7al\u0131\u015fmak zorunda kal\u0131yor. \u00d6zellikle tar\u0131m, tekstil ve hizmet sekt\u00f6rlerinde sigortas\u0131z \u00e7al\u0131\u015ft\u0131r\u0131lan kad\u0131nlar, ayn\u0131 i\u015fi yapt\u0131klar\u0131 erkeklerden daha d\u00fc\u015f\u00fck \u00fccret al\u0131yor.<\/p>\n\n\n\n<p>Ekonomik krizler ve afetler kad\u0131nlar\u0131n yoksullu\u011funu daha da derinle\u015ftiriyor. Deprem b\u00f6lgelerinde yap\u0131lan ara\u015ft\u0131rmalarda da kad\u0131nlar\u0131n hem i\u015flerini kaybetti\u011fini, hem de artan ev i\u00e7i sorumluluklar nedeniyle daha fazla bask\u0131 alt\u0131nda kald\u0131\u011f\u0131n\u0131 g\u00f6steriyor. \u00dcstelik pandemi d\u00f6neminde bir\u00e7ok kad\u0131n, \u00e7ocuk ve ya\u015fl\u0131 bak\u0131m\u0131 gibi ev i\u00e7i y\u00fcklerin artmas\u0131 nedeniyle i\u015f g\u00fcc\u00fcnden tamamen \u00e7ekildi.<\/p>\n\n\n\n<p>KADIN EME\u011e\u0130 \u2018EK GEL\u0130R\u2019 DE\u011e\u0130LD\u0130R!<\/p>\n\n\n\n<p>Kad\u0131nlar\u0131n ekonomik ba\u011f\u0131ms\u0131zl\u0131klar\u0131n\u0131n \u00f6n\u00fcndeki engeller yaln\u0131zca i\u015f piyasas\u0131ndaki e\u015fitsizliklerle s\u0131n\u0131rl\u0131 de\u011fil. Kad\u0131n eme\u011fi genellikle g\u00f6r\u00fcnmez k\u0131l\u0131n\u0131yor ve \u00e7al\u0131\u015fmalar\u0131 \u201cEk gelir\u201d olarak de\u011ferlendiriliyor. Bu durum, kad\u0131nlar\u0131n i\u015f hayat\u0131ndaki yerini k\u00fc\u00e7\u00fcmseyerek yoksullu\u011fa daha fazla s\u00fcr\u00fcklenmelerine neden oluyor. \u00d6zellikle 50 ya\u015f \u00fcst\u00fc kad\u0131nlar hem ya\u015f hem de cinsiyet ayr\u0131mc\u0131l\u0131\u011f\u0131 nedeniyle i\u015f g\u00fcc\u00fc piyasas\u0131ndan d\u0131\u015flan\u0131yor ve d\u00fc\u015f\u00fck \u00fccretli, g\u00fcvencesiz i\u015flere mahk\u00fbm ediliyor.<\/p>\n\n\n\n<p>Uzmanlar, kad\u0131nlar\u0131n ekonomik \u00f6zg\u00fcrl\u00fc\u011f\u00fcn\u00fc kazanabilmesi i\u00e7in g\u00fcvenceli i\u015f olanaklar\u0131n\u0131n art\u0131r\u0131lmas\u0131, e\u015fit i\u015fe e\u015fit \u00fccret uygulamalar\u0131n\u0131n hayata ge\u00e7irilmesi ve bak\u0131m y\u00fck\u00fcn\u00fc kad\u0131nlar\u0131n tek ba\u015f\u0131na \u00fcstlenmemesi i\u00e7in sosyal politikalar geli\u015ftirilmesi gerekti\u011fini vurguluyor. Ancak toplumsal cinsiyet e\u015fitsizli\u011fi devam ettik\u00e7e kad\u0131n yoksullu\u011fu da yeniden \u00fcretilmeye devam ediyor.<\/p>\n\n\n\n<p>KADINLAR YOKSULLUK Y\u00dcK\u00dcN\u00dc TA\u015eIMAK ZORUNDA OLMAMALI<\/p>\n\n\n\n<p>Kad\u0131nlar\u0131n ekonomik hayatta e\u015fit bir yer edinebilmesi i\u00e7in yaln\u0131zca bireysel \u00e7abalar de\u011fil, devlet ve toplum taraf\u0131ndan desteklenen kapsaml\u0131 politikalar\u0131n geli\u015ftirilmesi \u015fart. \u00c7\u00fcnk\u00fc yoksulluk, t\u0131pk\u0131 \u015fiddet gibi, toplumsal cinsiyetle do\u011frudan ili\u015fkili bir sorun ve kad\u0131nlar\u0131n bu y\u00fck\u00fc ta\u015f\u0131mak zorunda olmamas\u0131 gerekiyor.<\/p>\n","protected":false},"excerpt":{"rendered":"<p>Kad\u0131nlar\u0131n ekonomik hayatta e\u015fit bir yer edinebilmesi i\u00e7in yaln\u0131zca bireysel \u00e7abalar de\u011fil, devlet ve toplum taraf\u0131ndan desteklenen kapsaml\u0131 politikalar\u0131n geli\u015ftirilmesi \u015fart. Kad\u0131nlar, ekonomik krizler, do\u011fal afetler ve toplumsal cinsiyet e\u015fitsizli\u011fi nedeniyle yoksullu\u011fu en a\u011f\u0131r \u015fekilde ya\u015fayan kesimlerin ba\u015f\u0131nda geliyor. T\u00fcrkiye\u2019de kad\u0131n i\u015f g\u00fcc\u00fcne kat\u0131l\u0131m oran\u0131 yaln\u0131zca y\u00fczde 26 civar\u0131nda ve \u00e7al\u0131\u015fan kad\u0131nlar\u0131n b\u00fcy\u00fck bir b\u00f6l\u00fcm\u00fc [&hellip;]<\/p>\n","protected":false},"author":2,"featured_media":40454,"comment_status":"closed","ping_status":"closed","sticky":false,"template":"","format":"standard","meta":{"footnotes":""},"categories":[34,1,2,3,5],"tags":[],"class_list":["post-40453","post","type-post","status-publish","format-standard","has-post-thumbnail","hentry","category-flas-haber","category-genel","category-gundem","category-manset","category-mersin"],"views":2,"_links":{"self":[{"href":"https:\/\/mersinkadingazetesi.com\/index.php?rest_route=\/wp\/v2\/posts\/40453"}],"collection":[{"href":"https:\/\/mersinkadingazetesi.com\/index.php?rest_route=\/wp\/v2\/posts"}],"about":[{"href":"https:\/\/mersinkadingazetesi.com\/index.php?rest_route=\/wp\/v2\/types\/post"}],"author":[{"embeddable":true,"href":"https:\/\/mersinkadingazetesi.com\/index.php?rest_route=\/wp\/v2\/users\/2"}],"replies":[{"embeddable":true,"href":"https:\/\/mersinkadingazetesi.com\/index.php?rest_route=%2Fwp%2Fv2%2Fcomments&post=40453"}],"version-history":[{"count":1,"href":"https:\/\/mersinkadingazetesi.com\/index.php?rest_route=\/wp\/v2\/posts\/40453\/revisions"}],"predecessor-version":[{"id":40455,"href":"https:\/\/mersinkadingazetesi.com\/index.php?rest_route=\/wp\/v2\/posts\/40453\/revisions\/40455"}],"wp:featuredmedia":[{"embeddable":true,"href":"https:\/\/mersinkadingazetesi.com\/index.php?rest_route=\/wp\/v2\/media\/40454"}],"wp:attachment":[{"href":"https:\/\/mersinkadingazetesi.com\/index.php?rest_route=%2Fwp%2Fv2%2Fmedia&parent=40453"}],"wp:term":[{"taxonomy":"category","embeddable":true,"href":"https:\/\/mersinkadingazetesi.com\/index.php?rest_route=%2Fwp%2Fv2%2Fcategories&post=40453"},{"taxonomy":"post_tag","embeddable":true,"href":"https:\/\/mersinkadingazetesi.com\/index.php?rest_route=%2Fwp%2Fv2%2Ftags&post=40453"}],"curies":[{"name":"wp","href":"https:\/\/api.w.org\/{rel}","templated":true}]}}