{"id":40461,"date":"2025-03-07T13:30:44","date_gmt":"2025-03-07T10:30:44","guid":{"rendered":"https:\/\/mersinkadingazetesi.com\/?p=40461"},"modified":"2025-03-07T13:30:45","modified_gmt":"2025-03-07T10:30:45","slug":"tarsusta-8-mart-etkinlikleri-basladi-baskan-ali-boltac-vatandaslarla-bulustu","status":"publish","type":"post","link":"https:\/\/mersinkadingazetesi.com\/?p=40461","title":{"rendered":"TARSUS\u2019TA 8 MART ETK\u0130NL\u0130KLER\u0130 BA\u015eLADI: BA\u015eKAN AL\u0130 BOLTA\u00c7 VATANDA\u015eLARLA BULU\u015eTU"},"content":{"rendered":"\n<p>Tarsus Belediyesi\u2019nin \u201cTarsus\u2019ta Kad\u0131nlar Birlikte G\u00fc\u00e7l\u00fc\u201d mottosuyla d\u00fczenledi\u011fi 8 Mart D\u00fcnya Emek\u00e7i Kad\u0131nlar G\u00fcn\u00fc etkinlikleri ba\u015flad\u0131. Program\u0131n ilk g\u00fcn\u00fcnde, Tarsus Belediye Ba\u015fkan\u0131 Ali Bolta\u00e7 \u00fcretici kad\u0131nlar\u0131n stantlar\u0131n\u0131 ziyaret ederek kolayl\u0131klar diledi, vatanda\u015flarla bir araya geldi.<\/p>\n\n\n\n<p>Tarsus Belediyesi taraf\u0131ndan \u015eehitler Tepesi Mahallesi\u2019nde 6-7-8 Mart tarihlerinde devam edecek kad\u0131n eme\u011fine ve dayan\u0131\u015fmas\u0131na vurgu yapan etkinlikler, Tarsuslular taraf\u0131ndan yo\u011fun ilgiyle kar\u015f\u0131land\u0131. Y\u00fcz boyamadan at\u00f6lyelere, halk oyunlar\u0131ndan konserlere kadar pek \u00e7ok farkl\u0131 etkinli\u011fin yer ald\u0131\u011f\u0131 program, kat\u0131l\u0131mc\u0131lara hem keyifli anlar ya\u015fat\u0131yor, hem de \u00f6\u011frenme ve \u00fcretme f\u0131rsat\u0131 sunuyor.<\/p>\n\n\n\n<p><strong>AT\u00d6LYELERDEN KONSERLERE DOLU DOLU B\u0130R PROGRAM<\/strong><\/p>\n\n\n\n<p>Etkinli\u011fin ilk g\u00fcn\u00fc i\u015fitme engelli bireylerin oratoryosu, seramik ve resim at\u00f6lyeleri, halk oyunlar\u0131 g\u00f6sterileri, semah dinletisi, mum yap\u0131m at\u00f6lyesi, Hacivat Karag\u00f6z g\u00f6lge oyunu, ritim konseri, Tarsus Kent Orkestras\u0131 ve kad\u0131n dayan\u0131\u015fmas\u0131n\u0131 simgeleyen etkinliklerle dolu dolu ge\u00e7ti. Ba\u015fkan Ali Bolta\u00e7, 8 Mart\u2019\u0131n dayan\u0131\u015fma ruhuna vurgu yaparak kad\u0131nlar\u0131n toplumsal ve ekonomik hayattaki g\u00fcc\u00fcn\u00fc desteklemeye devam edeceklerini belirtti.<\/p>\n\n\n\n<p><strong>\u201cB\u0130RL\u0130\u011e\u0130M\u0130Z BERABERL\u0130\u011e\u0130M\u0130Z HEP DA\u0130M OLSUN\u201d<\/strong><\/p>\n\n\n\n<p>6-7-8 Mart tarihleri aras\u0131nda etkinli\u011fin s\u00fcrecek oldu\u011fundan bahsederek konu\u015fmalar\u0131na ba\u015flayan Ba\u015fkan Bolta\u00e7, \u201cKad\u0131nlar\u0131n \u00e7o\u011funlukta oldu\u011funu g\u00f6rmek beni mutlu ediyor. Ben bu t\u00fcr etkinliklerin birli\u011fi, beraberli\u011fi ve kayna\u015ft\u0131rmay\u0131 art\u0131raca\u011f\u0131n\u0131 d\u00fc\u015f\u00fcn\u00fcyorum. \u0130n\u015fallah Tarsus\u2018ta bu t\u00fcr etkinliklerin say\u0131s\u0131 artacak. Mesela \u00f6n\u00fcm\u00fczdeki hafta Emekli Evi a\u00e7\u0131l\u0131yor. Bir ay sonra okuma salonu a\u00e7\u0131yoruz. Bu kent 24 Nisan itibar\u0131yla b\u00fcy\u00fck bir \u00f6d\u00fcl kazand\u0131. Tarsus\u2019ta bir gala yeme\u011fi olacak. Bu gala da Tarsus Golden Apple \u00f6d\u00fcl\u00fcn\u00fc alacak. Bu kentin sokaklar\u0131nda c\u0131v\u0131l c\u0131v\u0131l insanlar olacak. Yerli yabanc\u0131 turistler olacak. Allah nasip ederse sizlere kar\u015f\u0131 mahcup kalmamak i\u00e7in elimden geleni yapaca\u011f\u0131m. &nbsp;Birli\u011fimiz beraberli\u011fimiz hep daim olsun. Kad\u0131nlar G\u00fcn\u00fcn\u00fcz kutlu olsun.\u201d dedi.<\/p>\n","protected":false},"excerpt":{"rendered":"<p>Tarsus Belediyesi\u2019nin \u201cTarsus\u2019ta Kad\u0131nlar Birlikte G\u00fc\u00e7l\u00fc\u201d mottosuyla d\u00fczenledi\u011fi 8 Mart D\u00fcnya Emek\u00e7i Kad\u0131nlar G\u00fcn\u00fc etkinlikleri ba\u015flad\u0131. Program\u0131n ilk g\u00fcn\u00fcnde, Tarsus Belediye Ba\u015fkan\u0131 Ali Bolta\u00e7 \u00fcretici kad\u0131nlar\u0131n stantlar\u0131n\u0131 ziyaret ederek kolayl\u0131klar diledi, vatanda\u015flarla bir araya geldi. Tarsus Belediyesi taraf\u0131ndan \u015eehitler Tepesi Mahallesi\u2019nde 6-7-8 Mart tarihlerinde devam edecek kad\u0131n eme\u011fine ve dayan\u0131\u015fmas\u0131na vurgu yapan etkinlikler, Tarsuslular taraf\u0131ndan [&hellip;]<\/p>\n","protected":false},"author":2,"featured_media":40462,"comment_status":"closed","ping_status":"closed","sticky":false,"template":"","format":"standard","meta":{"footnotes":""},"categories":[3],"tags":[],"class_list":["post-40461","post","type-post","status-publish","format-standard","has-post-thumbnail","hentry","category-manset"],"views":5,"_links":{"self":[{"href":"https:\/\/mersinkadingazetesi.com\/index.php?rest_route=\/wp\/v2\/posts\/40461"}],"collection":[{"href":"https:\/\/mersinkadingazetesi.com\/index.php?rest_route=\/wp\/v2\/posts"}],"about":[{"href":"https:\/\/mersinkadingazetesi.com\/index.php?rest_route=\/wp\/v2\/types\/post"}],"author":[{"embeddable":true,"href":"https:\/\/mersinkadingazetesi.com\/index.php?rest_route=\/wp\/v2\/users\/2"}],"replies":[{"embeddable":true,"href":"https:\/\/mersinkadingazetesi.com\/index.php?rest_route=%2Fwp%2Fv2%2Fcomments&post=40461"}],"version-history":[{"count":1,"href":"https:\/\/mersinkadingazetesi.com\/index.php?rest_route=\/wp\/v2\/posts\/40461\/revisions"}],"predecessor-version":[{"id":40463,"href":"https:\/\/mersinkadingazetesi.com\/index.php?rest_route=\/wp\/v2\/posts\/40461\/revisions\/40463"}],"wp:featuredmedia":[{"embeddable":true,"href":"https:\/\/mersinkadingazetesi.com\/index.php?rest_route=\/wp\/v2\/media\/40462"}],"wp:attachment":[{"href":"https:\/\/mersinkadingazetesi.com\/index.php?rest_route=%2Fwp%2Fv2%2Fmedia&parent=40461"}],"wp:term":[{"taxonomy":"category","embeddable":true,"href":"https:\/\/mersinkadingazetesi.com\/index.php?rest_route=%2Fwp%2Fv2%2Fcategories&post=40461"},{"taxonomy":"post_tag","embeddable":true,"href":"https:\/\/mersinkadingazetesi.com\/index.php?rest_route=%2Fwp%2Fv2%2Ftags&post=40461"}],"curies":[{"name":"wp","href":"https:\/\/api.w.org\/{rel}","templated":true}]}}