{"id":40464,"date":"2025-03-07T13:31:58","date_gmt":"2025-03-07T10:31:58","guid":{"rendered":"https:\/\/mersinkadingazetesi.com\/?p=40464"},"modified":"2025-03-07T13:31:59","modified_gmt":"2025-03-07T10:31:59","slug":"carettalar-evinde-besiktasi-agirlayacak","status":"publish","type":"post","link":"https:\/\/mersinkadingazetesi.com\/?p=40464","title":{"rendered":"CARETTALAR EV\u0130NDE BE\u015e\u0130KTA\u015e&#8217;I A\u011eIRLAYACAK"},"content":{"rendered":"\n<p>T\u00fcrkiye Sigorta Basketbol S\u00fcper Ligi&#8217;nde, ayn\u0131 puanl\u0131 Galatasaray&#8217;\u0131n ard\u0131ndan 6. s\u0131rada m\u00fccadelesini s\u00fcrd\u00fcren Mersin Spor Kul\u00fcb\u00fc (MSK) Erkek Basketbol Tak\u0131m\u0131,&nbsp;&nbsp;9 Mart Pazar g\u00fcn\u00fc kendi evinde konuk edece\u011fi Be\u015fikta\u015f Fibabanka ma\u00e7\u0131n\u0131n haz\u0131rl\u0131klar\u0131n\u0131 s\u00fcrd\u00fcr\u00fcyor.<\/p>\n\n\n\n<p>Servet Tazeg\u00fcl Spor Salonu&#8217;nda ger\u00e7ekle\u015fen antrenmanlarda oyuncular, Ba\u015fantren\u00f6r Can Sevim ve staff ekibinin taktikleri do\u011frultusunda kritik m\u00fccadeleye haz\u0131rlan\u0131yor. Oyuncular\u0131n h\u0131rs\u0131, teknik heyetin de y\u00fcz\u00fcn\u00fc g\u00fcld\u00fcr\u00fcyor.<\/p>\n\n\n\n<p><strong>Sevim: &#8220;Sahaya planlad\u0131\u011f\u0131m\u0131z \u015fekilde yerle\u015febilirsek, galibiyete ula\u015f\u0131r\u0131z&#8221;<\/strong><\/p>\n\n\n\n<p>Ma\u00e7 \u00f6ncesi de\u011ferlendirmelerde bulunan MSK Ba\u015fantren\u00f6r\u00fc Can Sevim, Be\u015fikta\u015f ile bu y\u0131l 3. kez kar\u015f\u0131 kar\u015f\u0131ya geleceklerini, ancak rakipleri ile Mersin&#8217;de ilk defa oynayacaklar\u0131n\u0131n alt\u0131n\u0131 \u00e7izdi. Sevim,<strong>&nbsp;&#8220;Kendi evimizde \u00e7ok iyi oynayan bir tak\u0131m oldu\u011fumuzu d\u00fc\u015f\u00fcn\u00fcyorum. Sadece 2 ma\u011flubiyet ald\u0131k ki, bunlar\u0131n ikisi de Euro Lig tak\u0131mlar\u0131na kar\u015f\u0131yd\u0131. Sahaya planlad\u0131\u011f\u0131m\u0131z ve organize oldu\u011fumuz \u015fekilde yerle\u015febilirsek, Be\u015fikta\u015f&#8217;a kar\u015f\u0131 galibiyet alabilece\u011fimizi d\u00fc\u015f\u00fcn\u00fcyorum. Haz\u0131rl\u0131klar\u0131m\u0131z iyi gidiyor. \u00d6zellikle stratejik olarak h\u00fccumda \u00e7ok dikkatli olmam\u0131z ve top kayb\u0131 yapmamam\u0131z gerekiyor. Bunun \u00fczerine \u00e7al\u0131\u015fmalar\u0131m\u0131z\u0131 devam ettiriyoruz&#8221;<\/strong>&nbsp;dedi.<\/p>\n\n\n\n<p><strong>&#8220;\u00d6zellikle bu ma\u00e7ta taraflar\u0131n b\u00fcy\u00fck deste\u011fine ihtiyac\u0131m\u0131z var&#8221;<\/strong><\/p>\n\n\n\n<p>Seyirci deste\u011fi ile birlikte ma\u00e7lara daha haz\u0131r ve motive bir \u015fekilde \u00e7\u0131kt\u0131klar\u0131n\u0131 ve bu haftaki ma\u00e7ta da taraftardan kendilerine destek olmalar\u0131n\u0131 beklediklerini dile getiren Sevim,&nbsp;<strong>&#8220;Her ma\u00e7ta seyirci deste\u011fine ihtiyac\u0131m\u0131z oldu\u011funu s\u00f6yl\u00fcyoruz, ama bu ma\u00e7ta kesinlikle \u00e7ok daha fazla deste\u011fe ihtiyac\u0131m\u0131z olacak. \u00c7\u00fcnk\u00fc rakibimiz \u00e7ok sert m\u00fcdafaa yapan, \u00e7ok agresif ve temass\u0131z oynayan bir tak\u0131m. Seyirci bask\u0131s\u0131 olmazsa, bu konu bazen sahada g\u00f6z yumulabilen bir durum haline geliyor. Seyirci bask\u0131s\u0131yla hem rakip tak\u0131m\u0131, hem de hakemleri mutlaka etki alt\u0131na almam\u0131z gerekiyor. B\u00f6ylece bize yap\u0131lan illegal pozisyonlara, hak etti\u011fimiz d\u00fcd\u00fckleri \u00e7ald\u0131rtabilelim&#8221;<\/strong>&nbsp;ifadelerini kulland\u0131.<\/p>\n\n\n\n<p>Kar\u015f\u0131la\u015fma \u00f6ncesi&nbsp;<strong>&#8216;8 Mart D\u00fcnya Emek\u00e7i Kad\u0131nlar G\u00fcn\u00fc&#8217;<\/strong>&nbsp;dolay\u0131s\u0131yla bir dizi etkinli\u011fin de ger\u00e7ekle\u015fece\u011fi m\u00fccadele, 9 Mart Pazar g\u00fcn\u00fc saat 13.00&#8217;de Servet Tazeg\u00fcl Spor Salonu&#8217;nda oynanacak.<\/p>\n","protected":false},"excerpt":{"rendered":"<p>T\u00fcrkiye Sigorta Basketbol S\u00fcper Ligi&#8217;nde, ayn\u0131 puanl\u0131 Galatasaray&#8217;\u0131n ard\u0131ndan 6. s\u0131rada m\u00fccadelesini s\u00fcrd\u00fcren Mersin Spor Kul\u00fcb\u00fc (MSK) Erkek Basketbol Tak\u0131m\u0131,&nbsp;&nbsp;9 Mart Pazar g\u00fcn\u00fc kendi evinde konuk edece\u011fi Be\u015fikta\u015f Fibabanka ma\u00e7\u0131n\u0131n haz\u0131rl\u0131klar\u0131n\u0131 s\u00fcrd\u00fcr\u00fcyor. Servet Tazeg\u00fcl Spor Salonu&#8217;nda ger\u00e7ekle\u015fen antrenmanlarda oyuncular, Ba\u015fantren\u00f6r Can Sevim ve staff ekibinin taktikleri do\u011frultusunda kritik m\u00fccadeleye haz\u0131rlan\u0131yor. Oyuncular\u0131n h\u0131rs\u0131, teknik heyetin de [&hellip;]<\/p>\n","protected":false},"author":2,"featured_media":40465,"comment_status":"closed","ping_status":"closed","sticky":false,"template":"","format":"standard","meta":{"footnotes":""},"categories":[3,10],"tags":[],"class_list":["post-40464","post","type-post","status-publish","format-standard","has-post-thumbnail","hentry","category-manset","category-spor"],"views":4,"_links":{"self":[{"href":"https:\/\/mersinkadingazetesi.com\/index.php?rest_route=\/wp\/v2\/posts\/40464"}],"collection":[{"href":"https:\/\/mersinkadingazetesi.com\/index.php?rest_route=\/wp\/v2\/posts"}],"about":[{"href":"https:\/\/mersinkadingazetesi.com\/index.php?rest_route=\/wp\/v2\/types\/post"}],"author":[{"embeddable":true,"href":"https:\/\/mersinkadingazetesi.com\/index.php?rest_route=\/wp\/v2\/users\/2"}],"replies":[{"embeddable":true,"href":"https:\/\/mersinkadingazetesi.com\/index.php?rest_route=%2Fwp%2Fv2%2Fcomments&post=40464"}],"version-history":[{"count":1,"href":"https:\/\/mersinkadingazetesi.com\/index.php?rest_route=\/wp\/v2\/posts\/40464\/revisions"}],"predecessor-version":[{"id":40466,"href":"https:\/\/mersinkadingazetesi.com\/index.php?rest_route=\/wp\/v2\/posts\/40464\/revisions\/40466"}],"wp:featuredmedia":[{"embeddable":true,"href":"https:\/\/mersinkadingazetesi.com\/index.php?rest_route=\/wp\/v2\/media\/40465"}],"wp:attachment":[{"href":"https:\/\/mersinkadingazetesi.com\/index.php?rest_route=%2Fwp%2Fv2%2Fmedia&parent=40464"}],"wp:term":[{"taxonomy":"category","embeddable":true,"href":"https:\/\/mersinkadingazetesi.com\/index.php?rest_route=%2Fwp%2Fv2%2Fcategories&post=40464"},{"taxonomy":"post_tag","embeddable":true,"href":"https:\/\/mersinkadingazetesi.com\/index.php?rest_route=%2Fwp%2Fv2%2Ftags&post=40464"}],"curies":[{"name":"wp","href":"https:\/\/api.w.org\/{rel}","templated":true}]}}