{"id":40467,"date":"2025-03-07T16:20:06","date_gmt":"2025-03-07T13:20:06","guid":{"rendered":"https:\/\/mersinkadingazetesi.com\/?p=40467"},"modified":"2025-03-07T16:20:06","modified_gmt":"2025-03-07T13:20:06","slug":"kadin-haklarini-savunmaya-devam-edecegiz","status":"publish","type":"post","link":"https:\/\/mersinkadingazetesi.com\/?p=40467","title":{"rendered":"\u2018KADIN HAKLARINI SAVUNMAYA DEVAM EDECE\u011e\u0130Z\u2019"},"content":{"rendered":"\n<p>Cumhuriyet Halk Partisi (CHP) Mersin Milletvekili Talat Din\u00e7er, 8 Mart D\u00fcnya Kad\u0131nlar G\u00fcn\u00fc dolay\u0131s\u0131yla bir mesaj yay\u0131mlad\u0131.<\/p>\n\n\n\n<p>Talat Din\u00e7er, kad\u0131nlar\u0131n toplumsal hayatta daha g\u00fc\u00e7l\u00fc bir yer edinmesi, e\u015fit haklara sahip olmas\u0131 ve \u015fiddet ba\u015fta olmak \u00fczere her t\u00fcrl\u00fc ayr\u0131mc\u0131l\u0131\u011f\u0131n sona ermesi gerekti\u011fini vurgulad\u0131.<\/p>\n\n\n\n<p>Milletvekili Din\u00e7er, mesaj\u0131nda kad\u0131nlar\u0131n toplumsal geli\u015fimin en \u00f6nemli unsurlar\u0131ndan biri oldu\u011funu belirterek, \u201cKad\u0131nlar\u0131m\u0131z, sadece aile i\u00e7inde de\u011fil, ekonomik, siyasal ve sosyal hayat\u0131n her alan\u0131nda b\u00fcy\u00fck bir emek ve fedak\u00e2rl\u0131kla var olmaktad\u0131r. Cumhuriyetimizin kurucusu Gazi Mustafa Kemal Atat\u00fcrk\u2019\u00fcn, \u2018D\u00fcnyada her \u015fey kad\u0131n\u0131n eseridir\u2019 s\u00f6z\u00fcnde ifade etti\u011fi gibi, kad\u0131nlar\u0131m\u0131z toplumu \u015fekillendiren, gelece\u011fi in\u015fa eden en de\u011ferli varl\u0131klar\u0131m\u0131zd\u0131r. Ancak ne yaz\u0131k ki, g\u00fcn\u00fcm\u00fczde kad\u0131nlar\u0131m\u0131z h\u00e2l\u00e2 bir\u00e7ok alanda e\u015fitsizlikle, ayr\u0131mc\u0131l\u0131kla ve \u015fiddetle kar\u015f\u0131 kar\u015f\u0131ya kalmaktad\u0131r\u201d dedi.<\/p>\n\n\n\n<p>\u201cKad\u0131nlar\u0131n hak ettikleri de\u011feri g\u00f6rmesi, \u00f6zg\u00fcr ve e\u015fit bireyler olarak ya\u015fayabilmesi hepimizin sorumlulu\u011fu\u201d<\/p>\n\n\n\n<p>Kad\u0131nlar\u0131n ekonomik ve sosyal hayatta daha fazla yer almas\u0131n\u0131n, ayn\u0131 zamanda \u00fclkenin kalk\u0131nmas\u0131na da b\u00fcy\u00fck katk\u0131 sa\u011flad\u0131\u011f\u0131n\u0131 ifade eden Din\u00e7er, \u201cKad\u0131n istihdam\u0131n\u0131n art\u0131r\u0131lmas\u0131, kad\u0131nlar\u0131n siyasette ve karar alma mekanizmalar\u0131nda daha fazla temsil edilmesi i\u00e7in m\u00fccadelemizi kararl\u0131l\u0131kla s\u00fcrd\u00fcrece\u011fiz. Kad\u0131nlar\u0131n hak ettikleri de\u011feri g\u00f6rd\u00fc\u011f\u00fc, \u00f6zg\u00fcr ve e\u015fit bireyler olarak ya\u015fayabildi\u011fi bir T\u00fcrkiye in\u015fa etmek hepimizin sorumlulu\u011fudur\u201d \u015feklinde konu\u015ftu.<\/p>\n\n\n\n<p>Kad\u0131na y\u00f6nelik \u015fiddet ve kad\u0131n cinayetlerinin halen \u00f6nemli bir toplumsal sorun oldu\u011funu vurgulayan CHP\u2019li Din\u00e7er, \u0130stanbul S\u00f6zle\u015fmesi\u2019nden \u00e7\u0131k\u0131lmas\u0131n\u0131n kad\u0131n haklar\u0131 a\u00e7\u0131s\u0131ndan b\u00fcy\u00fck bir geri ad\u0131m oldu\u011funu belirterek, \u201cKad\u0131nlar\u0131n ya\u015fam haklar\u0131n\u0131 korumak, e\u015fit ve \u00f6zg\u00fcr bir hayat s\u00fcrmelerini sa\u011flamak devletin en temel g\u00f6revlerinden biridir. Bizler de bu u\u011furda m\u00fccadele eden kad\u0131nlar\u0131n yan\u0131nda olmaya, onlar\u0131n haklar\u0131n\u0131 savunmaya devam edece\u011fiz\u201d ifadelerini kulland\u0131.<\/p>\n\n\n\n<p>8 Mart D\u00fcnya Kad\u0131nlar G\u00fcn\u00fc\u2019n\u00fcn, kad\u0131nlar\u0131n haklar\u0131 i\u00e7in verdi\u011fi m\u00fccadelenin sembol\u00fc oldu\u011funu s\u00f6yleyen Din\u00e7er, a\u00e7\u0131klamas\u0131n\u0131 \u015fu s\u00f6zlerle tamamlad\u0131: \u201cBu \u00f6zel g\u00fcnde, ba\u015fta annelerimiz, \u015fehit anneleri ve e\u015fleri olmak \u00fczere, hayat\u0131n her alan\u0131nda emek veren t\u00fcm kad\u0131nlar\u0131m\u0131z\u0131n 8 Mart D\u00fcnya Kad\u0131nlar G\u00fcn\u00fc\u2019n\u00fc en i\u00e7ten dileklerimle kutluyor, sa\u011fl\u0131k, mutluluk ve ba\u015far\u0131 dolu bir ya\u015fam diliyorum.\u201d<\/p>\n","protected":false},"excerpt":{"rendered":"<p>Cumhuriyet Halk Partisi (CHP) Mersin Milletvekili Talat Din\u00e7er, 8 Mart D\u00fcnya Kad\u0131nlar G\u00fcn\u00fc dolay\u0131s\u0131yla bir mesaj yay\u0131mlad\u0131. Talat Din\u00e7er, kad\u0131nlar\u0131n toplumsal hayatta daha g\u00fc\u00e7l\u00fc bir yer edinmesi, e\u015fit haklara sahip olmas\u0131 ve \u015fiddet ba\u015fta olmak \u00fczere her t\u00fcrl\u00fc ayr\u0131mc\u0131l\u0131\u011f\u0131n sona ermesi gerekti\u011fini vurgulad\u0131. Milletvekili Din\u00e7er, mesaj\u0131nda kad\u0131nlar\u0131n toplumsal geli\u015fimin en \u00f6nemli unsurlar\u0131ndan biri oldu\u011funu belirterek, [&hellip;]<\/p>\n","protected":false},"author":2,"featured_media":40468,"comment_status":"closed","ping_status":"closed","sticky":false,"template":"","format":"standard","meta":{"footnotes":""},"categories":[3],"tags":[],"class_list":["post-40467","post","type-post","status-publish","format-standard","has-post-thumbnail","hentry","category-manset"],"views":2,"_links":{"self":[{"href":"https:\/\/mersinkadingazetesi.com\/index.php?rest_route=\/wp\/v2\/posts\/40467"}],"collection":[{"href":"https:\/\/mersinkadingazetesi.com\/index.php?rest_route=\/wp\/v2\/posts"}],"about":[{"href":"https:\/\/mersinkadingazetesi.com\/index.php?rest_route=\/wp\/v2\/types\/post"}],"author":[{"embeddable":true,"href":"https:\/\/mersinkadingazetesi.com\/index.php?rest_route=\/wp\/v2\/users\/2"}],"replies":[{"embeddable":true,"href":"https:\/\/mersinkadingazetesi.com\/index.php?rest_route=%2Fwp%2Fv2%2Fcomments&post=40467"}],"version-history":[{"count":1,"href":"https:\/\/mersinkadingazetesi.com\/index.php?rest_route=\/wp\/v2\/posts\/40467\/revisions"}],"predecessor-version":[{"id":40469,"href":"https:\/\/mersinkadingazetesi.com\/index.php?rest_route=\/wp\/v2\/posts\/40467\/revisions\/40469"}],"wp:featuredmedia":[{"embeddable":true,"href":"https:\/\/mersinkadingazetesi.com\/index.php?rest_route=\/wp\/v2\/media\/40468"}],"wp:attachment":[{"href":"https:\/\/mersinkadingazetesi.com\/index.php?rest_route=%2Fwp%2Fv2%2Fmedia&parent=40467"}],"wp:term":[{"taxonomy":"category","embeddable":true,"href":"https:\/\/mersinkadingazetesi.com\/index.php?rest_route=%2Fwp%2Fv2%2Fcategories&post=40467"},{"taxonomy":"post_tag","embeddable":true,"href":"https:\/\/mersinkadingazetesi.com\/index.php?rest_route=%2Fwp%2Fv2%2Ftags&post=40467"}],"curies":[{"name":"wp","href":"https:\/\/api.w.org\/{rel}","templated":true}]}}