{"id":40470,"date":"2025-03-07T16:21:22","date_gmt":"2025-03-07T13:21:22","guid":{"rendered":"https:\/\/mersinkadingazetesi.com\/?p=40470"},"modified":"2025-03-07T16:21:22","modified_gmt":"2025-03-07T13:21:22","slug":"toroslar-belediye-baskani-yildiz-emekci-kadinlar-gununu-kutladi","status":"publish","type":"post","link":"https:\/\/mersinkadingazetesi.com\/?p=40470","title":{"rendered":"-TOROSLAR BELED\u0130YE BA\u015eKANI YILDIZ EMEK\u00c7\u0130 KADINLAR G\u00dcN\u00dcN\u00dc KUTLADI"},"content":{"rendered":"\n<p>Toroslar Belediye Ba\u015fkan\u0131 Abdurrahman Y\u0131ld\u0131z, 8 Mart D\u00fcnya Emek\u00e7i Kad\u0131nlar G\u00fcn\u00fc dolay\u0131s\u0131yla yapt\u0131\u011f\u0131 a\u00e7\u0131klamada, belediyede kad\u0131n \u00e7al\u0131\u015fan oran\u0131n\u0131 art\u0131rd\u0131klar\u0131n\u0131, kad\u0131nlar\u0131n belediyenin her biriminde ve her kademesinde g\u00f6r\u00fcn\u00fcr oldu\u011funu s\u00f6yledi.<\/p>\n\n\n\n<p>Toroslar Belediye Ba\u015fkan\u0131 Abdurrahman Y\u0131ld\u0131z, 8 Mart D\u00fcnya Emek\u00e7i Kad\u0131nlar G\u00fcn\u00fcn\u00fc kutlad\u0131.<\/p>\n\n\n\n<p>8 Mart 1857 tarihinde ABD&#8217;nin New York kentinde 8 saatlik i\u015f g\u00fcn\u00fc, sendika hakk\u0131, dinlenme hakk\u0131, \u00f6\u011fle yeme\u011fi hakk\u0131 ve insani \u00e7al\u0131\u015fma ko\u015fullar\u0131 gibi en temel insani haklar\u0131 i\u00e7in greve \u00e7\u0131kan 129 kad\u0131n i\u015f\u00e7inin katledildi\u011fini hat\u0131rlatan Y\u0131ld\u0131z, &#8220;Emek\u00e7ilerin bu haklar\u0131 kazanmas\u0131nda 8 Mart 1857&#8217;de katledilen 129 kad\u0131n i\u015f\u00e7inin eme\u011fi var, canlar\u0131yla \u00f6dedikleri bedelleri var. An\u0131lar\u0131 \u00f6n\u00fcnde sayg\u0131yla e\u011filiyoruz&#8221; dedi.<\/p>\n\n\n\n<p><strong>&#8220;KADINLARIN VE EMEK\u00c7\u0130LER\u0130N KAZANILMI\u015e HAKLARI ELLER\u0130NDEN ALINMAK \u0130STEN\u0130YOR&#8221;<\/strong><\/p>\n\n\n\n<p>Bug\u00fcn ba\u015fta T\u00fcrkiye olmak \u00fczere d\u00fcnyan\u0131n bir\u00e7ok yerinde kad\u0131nlar\u0131n, emek\u00e7ilerin ya\u015fam\u0131n\u0131n giderek zorla\u015ft\u0131\u011f\u0131na, kazan\u0131lm\u0131\u015f haklar\u0131n\u0131n ellerinden al\u0131nmak istendi\u011fine i\u015faret eden Ba\u015fkan Y\u0131ld\u0131z \u015funlar\u0131 s\u00f6yledi:<\/p>\n\n\n\n<p>&#8220;Kad\u0131nlar yoksullu\u011fa, i\u015fsizli\u011fe, evlere hapsedilmek isteniyor. Her 10 kad\u0131ndan 7&#8217;si evinde \u00fccretsiz olarak \u00e7al\u0131\u015f\u0131yor. Fabrikalarda, tarlalarda, bah\u00e7elerde, ofislerde, plazalarda \u00e7al\u0131\u015fan kad\u0131nlar ise ekonomik ve sosyal haklar\u0131n\u0131 alam\u0131yor. \u0130\u015fyerlerinde y\u00fckselemiyor. \u0130\u015fyerlerinde mobbinge ve ayr\u0131mc\u0131l\u0131\u011fa maruz kal\u0131yor.&nbsp; Kad\u0131nlar\u0131n ya\u015fad\u0131\u011f\u0131 tek sorun sosyal ve ekonomik haklardaki geri gidi\u015f de\u011fil maalesef. Kad\u0131nlar can g\u00fcvenli\u011fi sorunu da ya\u015f\u0131yor. Evde, sokakta, i\u015fyerinde kad\u0131n\u0131 hedef alan \u015fiddet bitmiyor. Cezas\u0131zl\u0131k politikalar\u0131, kad\u0131n bedenini, kad\u0131n \u00f6zg\u00fcrl\u00fc\u011f\u00fcn\u00fc hedef alan s\u00f6ylemler bu \u015fiddet olaylar\u0131n\u0131 art\u0131r\u0131yor.&#8221;<\/p>\n\n\n\n<p><strong>&#8220;KADINLARIN YA\u015eAM VE HAK M\u00dcCADELES\u0130NE DESTEK VERECEK \u00c7ALI\u015eMALARA \u0130MZA ATIYORUZ&#8221;<\/strong><\/p>\n\n\n\n<p>Toroslar Belediyesinde 1 Nisan 2024&#8217;ten itibaren yeni bir takvimin, yeni bir saatin i\u015flemeye ba\u015flad\u0131\u011f\u0131n\u0131 belirten Ba\u015fkan Y\u0131ld\u0131z, &#8220;Bu yeni takvim de kad\u0131nlar\u0131n ya\u015fam ve hak m\u00fccadelesine destek verecek ad\u0131mlar att\u0131k. Kad\u0131n ve Aile M\u00fcd\u00fcrl\u00fc\u011f\u00fcn\u00fc kurduk. Belediyemizin her biriminde, her kademesinde kad\u0131nlar\u0131n g\u00f6r\u00fcn\u00fcr olmas\u0131n\u0131 esas ald\u0131k.&nbsp; Bir y\u0131l \u00f6nce kad\u0131n \u00e7al\u0131\u015fanlar\u0131m\u0131z\u0131n oran\u0131 y\u00fczde 20 d\u00fczeyindeydi. Bu oran\u0131 y\u00fczde 25&#8217;e \u00e7\u0131kard\u0131k. Belediyemizde 30 birimimiz var, bu birimlerden 14&#8217;\u00fcn\u00fc kad\u0131n m\u00fcd\u00fcrlerimiz ba\u015far\u0131yla idare ediyor. Yani y\u00f6neticilerimizin y\u00fczde 47&#8217;si kad\u0131n. Bu rakamlar elbette yeterli de\u011fil. Belediyenin her biriminde, her kademesinde kad\u0131nlar\u0131n yer almas\u0131n\u0131 sa\u011flayaca\u011f\u0131z. Belediye hizmetlerimizi cinsiyet, cinsel y\u00f6nelim ayr\u0131m\u0131 olmadan y\u00fcr\u00fctmeye devam edece\u011fiz. Bu duygu ve d\u00fc\u015f\u00fcncelerle, 8 Mart D\u00fcnya Emek\u00e7i Kad\u0131nlar G\u00fcn\u00fcn\u00fc kutluyorum&#8221; ifadelerini kulland\u0131.<\/p>\n","protected":false},"excerpt":{"rendered":"<p>Toroslar Belediye Ba\u015fkan\u0131 Abdurrahman Y\u0131ld\u0131z, 8 Mart D\u00fcnya Emek\u00e7i Kad\u0131nlar G\u00fcn\u00fc dolay\u0131s\u0131yla yapt\u0131\u011f\u0131 a\u00e7\u0131klamada, belediyede kad\u0131n \u00e7al\u0131\u015fan oran\u0131n\u0131 art\u0131rd\u0131klar\u0131n\u0131, kad\u0131nlar\u0131n belediyenin her biriminde ve her kademesinde g\u00f6r\u00fcn\u00fcr oldu\u011funu s\u00f6yledi. Toroslar Belediye Ba\u015fkan\u0131 Abdurrahman Y\u0131ld\u0131z, 8 Mart D\u00fcnya Emek\u00e7i Kad\u0131nlar G\u00fcn\u00fcn\u00fc kutlad\u0131. 8 Mart 1857 tarihinde ABD&#8217;nin New York kentinde 8 saatlik i\u015f g\u00fcn\u00fc, sendika hakk\u0131, [&hellip;]<\/p>\n","protected":false},"author":2,"featured_media":40471,"comment_status":"closed","ping_status":"closed","sticky":false,"template":"","format":"standard","meta":{"footnotes":""},"categories":[3],"tags":[],"class_list":["post-40470","post","type-post","status-publish","format-standard","has-post-thumbnail","hentry","category-manset"],"views":3,"_links":{"self":[{"href":"https:\/\/mersinkadingazetesi.com\/index.php?rest_route=\/wp\/v2\/posts\/40470"}],"collection":[{"href":"https:\/\/mersinkadingazetesi.com\/index.php?rest_route=\/wp\/v2\/posts"}],"about":[{"href":"https:\/\/mersinkadingazetesi.com\/index.php?rest_route=\/wp\/v2\/types\/post"}],"author":[{"embeddable":true,"href":"https:\/\/mersinkadingazetesi.com\/index.php?rest_route=\/wp\/v2\/users\/2"}],"replies":[{"embeddable":true,"href":"https:\/\/mersinkadingazetesi.com\/index.php?rest_route=%2Fwp%2Fv2%2Fcomments&post=40470"}],"version-history":[{"count":1,"href":"https:\/\/mersinkadingazetesi.com\/index.php?rest_route=\/wp\/v2\/posts\/40470\/revisions"}],"predecessor-version":[{"id":40472,"href":"https:\/\/mersinkadingazetesi.com\/index.php?rest_route=\/wp\/v2\/posts\/40470\/revisions\/40472"}],"wp:featuredmedia":[{"embeddable":true,"href":"https:\/\/mersinkadingazetesi.com\/index.php?rest_route=\/wp\/v2\/media\/40471"}],"wp:attachment":[{"href":"https:\/\/mersinkadingazetesi.com\/index.php?rest_route=%2Fwp%2Fv2%2Fmedia&parent=40470"}],"wp:term":[{"taxonomy":"category","embeddable":true,"href":"https:\/\/mersinkadingazetesi.com\/index.php?rest_route=%2Fwp%2Fv2%2Fcategories&post=40470"},{"taxonomy":"post_tag","embeddable":true,"href":"https:\/\/mersinkadingazetesi.com\/index.php?rest_route=%2Fwp%2Fv2%2Ftags&post=40470"}],"curies":[{"name":"wp","href":"https:\/\/api.w.org\/{rel}","templated":true}]}}