{"id":40481,"date":"2025-03-08T21:54:18","date_gmt":"2025-03-08T18:54:18","guid":{"rendered":"https:\/\/mersinkadingazetesi.com\/?p=40481"},"modified":"2025-03-08T21:54:18","modified_gmt":"2025-03-08T18:54:18","slug":"cocuklar-cicektir-daha-otesi-gelecektir","status":"publish","type":"post","link":"https:\/\/mersinkadingazetesi.com\/?p=40481","title":{"rendered":"\u00c7ocuklar \u00c7i\u00e7ektir, Daha \u00d6tesi Gelecektir"},"content":{"rendered":"\n<p>Mersin Orman B\u00f6lge M\u00fcd\u00fcrl\u00fc\u011f\u00fc&#8217;ne ba\u011fl\u0131 Erdemli Orman \u0130\u015fletme M\u00fcd\u00fcrl\u00fc\u011f\u00fc, TED Erdemli Koleji&#8217;nden \u00f6\u011frencilerini ve \u00f6\u011fretmenlerini a\u011f\u0131rlad\u0131. Etkinli\u011fe, Mersin Orman B\u00f6lge M\u00fcd\u00fcr\u00fc Rifat Ata\u015f da kat\u0131ld\u0131.<\/p>\n\n\n\n<p>Toplant\u0131 salonunda ger\u00e7ekle\u015ftirilen slayt g\u00f6sterisinde \u00f6\u011frencilere ormanlarda yap\u0131lan faaliyetler, \u00f6zellikle orman yang\u0131nlar\u0131 hakk\u0131nda bilgiler verildi. Ard\u0131ndan i\u015fletme bah\u00e7esinde, \u00f6\u011frencilere uygulamal\u0131 yang\u0131n tatbikat\u0131 yap\u0131larak orman yang\u0131nlar\u0131 ile m\u00fccadele konusunda bilgi verildi.<\/p>\n\n\n\n<p>Tatbikat\u0131n ard\u0131ndan \u00f6\u011frencilere fidan dikimi uygulamal\u0131 olarak g\u00f6sterildi ve her bir \u00f6\u011frenciye fidan hediye edildi.<\/p>\n\n\n\n<p>Erdemli Orman \u0130\u015fletme M\u00fcd\u00fcrl\u00fc\u011f\u00fc taraf\u0131ndan d\u00fczenlenen bu etkinlik, \u00f6\u011frencilere do\u011fa sevgisini a\u015f\u0131lamak ve orman yang\u0131nlar\u0131 ile ormanlar\u0131n korunmas\u0131 konusunda fark\u0131ndal\u0131k yaratmak amac\u0131yla \u00e7evreye duyarl\u0131 bireyler olarak yeti\u015fmeleri i\u00e7in de\u011ferli bir deneyim sundu.<\/p>\n","protected":false},"excerpt":{"rendered":"<p>Mersin Orman B\u00f6lge M\u00fcd\u00fcrl\u00fc\u011f\u00fc&#8217;ne ba\u011fl\u0131 Erdemli Orman \u0130\u015fletme M\u00fcd\u00fcrl\u00fc\u011f\u00fc, TED Erdemli Koleji&#8217;nden \u00f6\u011frencilerini ve \u00f6\u011fretmenlerini a\u011f\u0131rlad\u0131. Etkinli\u011fe, Mersin Orman B\u00f6lge M\u00fcd\u00fcr\u00fc Rifat Ata\u015f da kat\u0131ld\u0131. Toplant\u0131 salonunda ger\u00e7ekle\u015ftirilen slayt g\u00f6sterisinde \u00f6\u011frencilere ormanlarda yap\u0131lan faaliyetler, \u00f6zellikle orman yang\u0131nlar\u0131 hakk\u0131nda bilgiler verildi. Ard\u0131ndan i\u015fletme bah\u00e7esinde, \u00f6\u011frencilere uygulamal\u0131 yang\u0131n tatbikat\u0131 yap\u0131larak orman yang\u0131nlar\u0131 ile m\u00fccadele konusunda bilgi verildi. [&hellip;]<\/p>\n","protected":false},"author":2,"featured_media":40482,"comment_status":"closed","ping_status":"closed","sticky":false,"template":"","format":"standard","meta":{"footnotes":""},"categories":[3],"tags":[],"class_list":["post-40481","post","type-post","status-publish","format-standard","has-post-thumbnail","hentry","category-manset"],"views":5,"_links":{"self":[{"href":"https:\/\/mersinkadingazetesi.com\/index.php?rest_route=\/wp\/v2\/posts\/40481"}],"collection":[{"href":"https:\/\/mersinkadingazetesi.com\/index.php?rest_route=\/wp\/v2\/posts"}],"about":[{"href":"https:\/\/mersinkadingazetesi.com\/index.php?rest_route=\/wp\/v2\/types\/post"}],"author":[{"embeddable":true,"href":"https:\/\/mersinkadingazetesi.com\/index.php?rest_route=\/wp\/v2\/users\/2"}],"replies":[{"embeddable":true,"href":"https:\/\/mersinkadingazetesi.com\/index.php?rest_route=%2Fwp%2Fv2%2Fcomments&post=40481"}],"version-history":[{"count":1,"href":"https:\/\/mersinkadingazetesi.com\/index.php?rest_route=\/wp\/v2\/posts\/40481\/revisions"}],"predecessor-version":[{"id":40483,"href":"https:\/\/mersinkadingazetesi.com\/index.php?rest_route=\/wp\/v2\/posts\/40481\/revisions\/40483"}],"wp:featuredmedia":[{"embeddable":true,"href":"https:\/\/mersinkadingazetesi.com\/index.php?rest_route=\/wp\/v2\/media\/40482"}],"wp:attachment":[{"href":"https:\/\/mersinkadingazetesi.com\/index.php?rest_route=%2Fwp%2Fv2%2Fmedia&parent=40481"}],"wp:term":[{"taxonomy":"category","embeddable":true,"href":"https:\/\/mersinkadingazetesi.com\/index.php?rest_route=%2Fwp%2Fv2%2Fcategories&post=40481"},{"taxonomy":"post_tag","embeddable":true,"href":"https:\/\/mersinkadingazetesi.com\/index.php?rest_route=%2Fwp%2Fv2%2Ftags&post=40481"}],"curies":[{"name":"wp","href":"https:\/\/api.w.org\/{rel}","templated":true}]}}