{"id":40487,"date":"2025-03-08T21:57:39","date_gmt":"2025-03-08T18:57:39","guid":{"rendered":"https:\/\/mersinkadingazetesi.com\/?p=40487"},"modified":"2025-03-08T21:57:40","modified_gmt":"2025-03-08T18:57:40","slug":"engelli-kadinlar-ve-ozel-bireylerin-annelerine-beden-ve-ruh-sagligi-atolyesi-duzenlendi","status":"publish","type":"post","link":"https:\/\/mersinkadingazetesi.com\/?p=40487","title":{"rendered":"ENGELL\u0130 KADINLAR VE \u00d6ZEL B\u0130REYLER\u0130N ANNELER\u0130NE &#8216;BEDEN VE RUH SA\u011eLI\u011eI AT\u00d6LYES\u0130&#8217; D\u00dcZENLEND\u0130"},"content":{"rendered":"\n<p>Mersin B\u00fcy\u00fck\u015fehir Belediyesi Sa\u011fl\u0131k \u0130\u015fleri Dairesi Ba\u015fkanl\u0131\u011f\u0131, 8 Mart D\u00fcnya Emek\u00e7i Kad\u0131nlar G\u00fcn\u00fc kapsam\u0131nda \u00f6zel bireyler ve anneleri ile bir araya gelerek&nbsp;<strong><em>&#8216;Beden ve Ruh Sa\u011fl\u0131\u011f\u0131 At\u00f6lyesi&#8217;<\/em><\/strong>&nbsp;d\u00fczenledi. Sa\u011fl\u0131\u011fa eri\u015fimde sorun ya\u015fayan kesimlerin ba\u015f\u0131nda gelen engelli kad\u0131nlar ve \u00f6zel gereksinimli bireylerin annelerine \u00f6zel bir program d\u00fczenleyen B\u00fcy\u00fck\u015fehir; kad\u0131nlar\u0131 doktor, avukat ve psikologla bir araya getirdi.<\/p>\n\n\n\n<p>Uzmanlar e\u015fli\u011finde sa\u011fl\u0131kta d\u00fczenli kontrollerin \u00f6nemi, \u015fiddete kar\u015f\u0131 al\u0131nacak \u00f6nlemler ve \u00f6z \u015fefkati konu\u015fan kad\u0131nlar; merak ettiklerini ve s\u00f6ylemek istediklerini de konu\u015fma \u015fans\u0131 yakalad\u0131. B\u00fcy\u00fck\u015fehir&#8217;in s\u0131k s\u0131k d\u00fczenledi\u011fi etkinliklerle bulu\u015farak sosyalle\u015fme imkan\u0131 yakalayan kad\u0131nlar hizmetlerden memnun olduklar\u0131n\u0131 belirterek, hayatlar\u0131n\u0131n her alan\u0131nda kendilerini unutmayan ekiplere de te\u015fekk\u00fcr etti.<\/p>\n\n\n\n<p><strong>Dr. Atila: &#8220;8 Mart kapsam\u0131nda \u00f6zel bireylerin, \u00f6zel bir etkinli\u011fiydi&#8221;<\/strong><\/p>\n\n\n\n<p>8 Mart D\u00fcnya Emek\u00e7i Kad\u0131nlar G\u00fcn\u00fc kapsam\u0131nda \u00f6zel bir etkinlik yapt\u0131klar\u0131n\u0131 s\u00f6yleyen Sa\u011fl\u0131k \u0130\u015fleri Dairesi Ba\u015fkan\u0131 Dr. H\u00fclya Atila,&nbsp;<strong>&#8220;\u00d6zel bireylerin, \u00f6zel bir etkinli\u011fiydi. 8 Mart D\u00fcnya Emek\u00e7i Kad\u0131nlar G\u00fcn\u00fc kapsam\u0131nda \u00f6zel bireylere bak\u0131m veren annelerin ihtiyac\u0131 olan Beden ve Ruh Sa\u011fl\u0131\u011f\u0131 At\u00f6lyesi&#8217;nde birlikteydik. Biz kad\u0131nlar birlikte el ele g\u00fc\u00e7l\u00fc oldu\u011fumuzu, bu deste\u011fi, bu \u00e7emberi olu\u015fturarak hem beden sa\u011fl\u0131\u011f\u0131m\u0131z, hem ruh sa\u011fl\u0131\u011f\u0131m\u0131z\u0131 g\u00fc\u00e7lendirmek, birlikte ayakta durabilmek, b\u00fct\u00fcn g\u00fc\u00e7l\u00fcklerin \u00fcstesinden gelebilmek i\u00e7in bu etkinli\u011fimizi yapt\u0131k.&nbsp;&nbsp;T\u00fcm kad\u0131nlar\u0131n D\u00fcnya Emek\u00e7i Kad\u0131nlar G\u00fcn\u00fc kutluyorum&#8221;<\/strong>&nbsp;s\u00f6zlerine yer verdi.<\/p>\n\n\n\n<p><strong>Aslan: &#8220;Kad\u0131nlar olarak birbirimizi y\u00fckseltti\u011fimiz s\u00fcrece \u00e7ok daha g\u00fc\u00e7l\u00fcy\u00fcz&#8221;<\/strong><\/p>\n\n\n\n<p>Mersin B\u00fcy\u00fck\u015fehir Belediyesi Otizm Aile Dan\u0131\u015fma Merkezinde Uzman Psikolog Dila Aslan,&nbsp;<strong>&#8220;Ruh ve beden sa\u011fl\u0131\u011f\u0131 ayr\u0131lmaz bir b\u00fct\u00fcnd\u00fcr. \u00d6zel gereksinimli bireylerin anneleri bizler i\u00e7in \u00e7ok k\u0131ymetli. Hem \u00f6zel gereksinme olan bireylerin anneleri hem de engelli olan kad\u0131nlara y\u00f6nelik etkinlik ger\u00e7ekle\u015ftirdik. Jinekolog rutin kontrollerin \u00f6neminden bahsetti, kad\u0131n sa\u011fl\u0131\u011f\u0131 hakk\u0131nda bilgi verdi. Avukat, kad\u0131n haklar\u0131 ve engelli haklar\u0131na y\u00f6nelik bilgiler verdi. Ben de bu zorlu s\u00fcre\u00e7lerde kendimize nas\u0131l destek olabilece\u011fimizle ilgili \u00f6z \u015fefkat \u00e7al\u0131\u015fmas\u0131 yapm\u0131\u015f oldum. Kad\u0131nlar olarak birbirimizi destekledi\u011fimiz ve y\u00fckseltti\u011fimiz s\u00fcrece \u00e7ok daha g\u00fc\u00e7l\u00fcy\u00fcz&#8221;<\/strong>&nbsp;ifadelerini kulland\u0131.<\/p>\n\n\n\n<p><strong>Aslan: &#8220;Kad\u0131nlar birlikte g\u00fc\u00e7l\u00fcy\u00fcz&#8221;<\/strong><\/p>\n\n\n\n<p>At\u00f6lyenin \u00e7ok k\u0131ymetli oldu\u011funu belirten Avukat Ela Aslan,&nbsp;<strong>&#8220;\u00d6ncelikle Mersin B\u00fcy\u00fck\u015fehir Belediyesi Engelsiz Ya\u015fam Merkezi&#8217;ndeki g\u00f6revli arkada\u015flar\u0131ma \u00e7ok te\u015fekk\u00fcr ediyorum. 8 Mart&#8217;ta kad\u0131nlarla bir arada olup, onlara haklar\u0131n\u0131 anlatmak, \u015fiddete maruz kald\u0131klar\u0131nda ya da etraflar\u0131nda \u015fiddete u\u011frad\u0131klar\u0131n\u0131 d\u00fc\u015f\u00fcnd\u00fckleri biri oldu\u011funda neler yapmalar\u0131 gerekti\u011fini anlatmak \u00e7ok keyifliydi. Biz kad\u0131nlar olarak birlikte g\u00fc\u00e7l\u00fcy\u00fcz, haklar\u0131m\u0131z\u0131 bildi\u011fimiz, birbirimize destek oldu\u011fumuz s\u00fcrece bu b\u00f6yle devam edecek&#8221;<\/strong>&nbsp;diye konu\u015ftu.<\/p>\n\n\n\n<p>Kad\u0131n sa\u011fl\u0131\u011f\u0131nda d\u00fczenli kontrollerin \u00f6nemini kat\u0131l\u0131mc\u0131lara anlatan Kad\u0131n Hastal\u0131klar\u0131 ve Do\u011fum Uzman\u0131 Opr. Dr. Sezin Sayg\u0131 \u00d6zyurt,&nbsp;<strong>&#8220;Pandeminden sonra sa\u011fl\u0131\u011f\u0131n ne kadar \u00f6nemli oldu\u011funu bir kere daha g\u00f6rd\u00fck. Biz hastalanmadan, daha i\u015fler en ba\u015f\u0131ndayken bulup tedavi edip s\u00fcreci bitirmek istiyoruz. \u00d6zellikle rahim a\u011fz\u0131 kanseri ile ilgili kontrollerin ne kadar \u00f6nemli oldu\u011fundan bahsetmek istedim&#8221;<\/strong>&nbsp;dedi. Sa\u011fl\u0131\u011fa eri\u015fimin kad\u0131nlar i\u00e7in k\u0131s\u0131tl\u0131 oldu\u011funu s\u00f6yleyen \u00d6zyurt, 8 Mart kapsam\u0131nda kamu kurum ve kurulu\u015flar\u0131na \u00e7a\u011fr\u0131 yaparak,&nbsp;<strong>&#8220;Kad\u0131n sa\u011fl\u0131\u011f\u0131yla ilgili daha ciddi \u00f6denekler ayr\u0131labilir. T\u00fcm kad\u0131nlar\u0131n e\u015fit eri\u015fimi i\u00e7in bir\u00e7ok test art\u0131k \u00fccretsiz yap\u0131lmaya ba\u015fland\u0131, bunlar daha \u00e7ok duyurulabilir&#8221;<\/strong>&nbsp;\u015feklinde konu\u015ftu.<\/p>\n\n\n\n<p>Mersin Kent Konseyi Engelliler Meclis Ba\u015fkan\u0131 ve T\u00fcrkiye G\u00f6rme Engelliler Federasyonu Ba\u015fkan Yard\u0131mc\u0131s\u0131 Dursun Arslan,&nbsp;<strong>&#8220;Engelli bireylerin bir\u00e7ok alanda oldu\u011fu gibi sa\u011fl\u0131\u011fa eri\u015fimde ciddi s\u0131k\u0131nt\u0131lar\u0131 var. Biz de Mersin Kent Konseyi Engelliler Meclisi ve Mersin B\u00fcy\u00fck\u015fehir Belediyesi olarak engelli kad\u0131nlara 8 Mart D\u00fcnya Emek\u00e7i Kad\u0131nlar G\u00fcn\u00fc&#8217;nde b\u00f6yle bir etkinlik d\u00fczenledik. Engelli kad\u0131nlara bu etkinlikle sorunlar\u0131n\u0131n \u00e7\u00f6z\u00fcm\u00fcne kolayca eri\u015fecekleri bir y\u00f6ntem sa\u011flamaya \u00e7al\u0131\u015ft\u0131k. Kad\u0131nlar hepimiz i\u00e7in \u00e7ok \u00f6nemli ve de\u011ferli&#8221;&nbsp;<\/strong>diyerek, engelli bireylere desteklerinden dolay\u0131 B\u00fcy\u00fck\u015fehir&#8217;e te\u015fekk\u00fcr etti.<\/p>\n\n\n\n<p><strong>Kat\u0131l\u0131mc\u0131lar hem bilgilendi hem de sosyalle\u015fti<\/strong><\/p>\n\n\n\n<p>Tarsus G\u00f6rme Engelliler ve Ortopedik Engelliler G\u00f6n\u00fcll\u00fcs\u00fc Nurg\u00fcl Tekta\u015f Bayrak,&nbsp;<strong>&#8220;E\u011fitimlerin her zaman verilmesini \u00f6zellikle rica ediyoruz. Sadece Mersin genelinde de\u011fil, k\u00f6ylerimizde dahi b\u00f6yle bir e\u011fitimle kad\u0131nlar\u0131m\u0131z\u0131n ayd\u0131nlat\u0131lmas\u0131n\u0131 istiyoruz. Biz ba\u015fkan\u0131m\u0131za buradan te\u015fekk\u00fcr ediyoruz. T\u00fcm d\u00fcnyan\u0131n emek\u00e7i kad\u0131nlar g\u00fcn\u00fcn\u00fc kutluyoruz&#8221;<\/strong>&nbsp;dedi.<\/p>\n\n\n\n<p>E\u011fitimi g\u00fczel buldu\u011funu s\u00f6yleyen Derya Ba\u011fc\u0131, Engelsiz Ya\u015fam Park\u0131&#8217;na da gitti\u011fini ve orada \u00e7ok e\u011flendi\u011fini kaydederek,&nbsp;<strong>&#8220;Vahap Ba\u015fkan\u0131m te\u015fekk\u00fcr ederim&#8221;&nbsp;<\/strong>dedi.<\/p>\n\n\n\n<p>Etkinli\u011fi g\u00fczel buldu\u011funu s\u00f6yleyen Halide Y\u00fcksel,&nbsp;<strong>&#8220;E\u011fitim g\u00fczel, \u00f6nemli olan bizim \u00e7ocuklar\u0131m\u0131z. Y\u00fckleri \u00e7ok a\u011f\u0131r, zorlan\u0131yoruz. Daha fazla e\u011fitim olsa da bizim i\u00e7in daha iyi olur&#8221;<\/strong>&nbsp;dedi.<\/p>\n","protected":false},"excerpt":{"rendered":"<p>Mersin B\u00fcy\u00fck\u015fehir Belediyesi Sa\u011fl\u0131k \u0130\u015fleri Dairesi Ba\u015fkanl\u0131\u011f\u0131, 8 Mart D\u00fcnya Emek\u00e7i Kad\u0131nlar G\u00fcn\u00fc kapsam\u0131nda \u00f6zel bireyler ve anneleri ile bir araya gelerek&nbsp;&#8216;Beden ve Ruh Sa\u011fl\u0131\u011f\u0131 At\u00f6lyesi&#8217;&nbsp;d\u00fczenledi. Sa\u011fl\u0131\u011fa eri\u015fimde sorun ya\u015fayan kesimlerin ba\u015f\u0131nda gelen engelli kad\u0131nlar ve \u00f6zel gereksinimli bireylerin annelerine \u00f6zel bir program d\u00fczenleyen B\u00fcy\u00fck\u015fehir; kad\u0131nlar\u0131 doktor, avukat ve psikologla bir araya getirdi. Uzmanlar e\u015fli\u011finde [&hellip;]<\/p>\n","protected":false},"author":2,"featured_media":40488,"comment_status":"closed","ping_status":"closed","sticky":false,"template":"","format":"standard","meta":{"footnotes":""},"categories":[3],"tags":[],"class_list":["post-40487","post","type-post","status-publish","format-standard","has-post-thumbnail","hentry","category-manset"],"views":5,"_links":{"self":[{"href":"https:\/\/mersinkadingazetesi.com\/index.php?rest_route=\/wp\/v2\/posts\/40487"}],"collection":[{"href":"https:\/\/mersinkadingazetesi.com\/index.php?rest_route=\/wp\/v2\/posts"}],"about":[{"href":"https:\/\/mersinkadingazetesi.com\/index.php?rest_route=\/wp\/v2\/types\/post"}],"author":[{"embeddable":true,"href":"https:\/\/mersinkadingazetesi.com\/index.php?rest_route=\/wp\/v2\/users\/2"}],"replies":[{"embeddable":true,"href":"https:\/\/mersinkadingazetesi.com\/index.php?rest_route=%2Fwp%2Fv2%2Fcomments&post=40487"}],"version-history":[{"count":1,"href":"https:\/\/mersinkadingazetesi.com\/index.php?rest_route=\/wp\/v2\/posts\/40487\/revisions"}],"predecessor-version":[{"id":40489,"href":"https:\/\/mersinkadingazetesi.com\/index.php?rest_route=\/wp\/v2\/posts\/40487\/revisions\/40489"}],"wp:featuredmedia":[{"embeddable":true,"href":"https:\/\/mersinkadingazetesi.com\/index.php?rest_route=\/wp\/v2\/media\/40488"}],"wp:attachment":[{"href":"https:\/\/mersinkadingazetesi.com\/index.php?rest_route=%2Fwp%2Fv2%2Fmedia&parent=40487"}],"wp:term":[{"taxonomy":"category","embeddable":true,"href":"https:\/\/mersinkadingazetesi.com\/index.php?rest_route=%2Fwp%2Fv2%2Fcategories&post=40487"},{"taxonomy":"post_tag","embeddable":true,"href":"https:\/\/mersinkadingazetesi.com\/index.php?rest_route=%2Fwp%2Fv2%2Ftags&post=40487"}],"curies":[{"name":"wp","href":"https:\/\/api.w.org\/{rel}","templated":true}]}}