{"id":40493,"date":"2025-03-08T22:01:29","date_gmt":"2025-03-08T19:01:29","guid":{"rendered":"https:\/\/mersinkadingazetesi.com\/?p=40493"},"modified":"2025-03-08T22:01:30","modified_gmt":"2025-03-08T19:01:30","slug":"kadinlar-oz-sefkat-atolyesi-ile-hem-duygusal-hem-de-sanatsal-bir-yolculuga-cikti","status":"publish","type":"post","link":"https:\/\/mersinkadingazetesi.com\/?p=40493","title":{"rendered":"KADINLAR &#8216;\u00d6Z \u015eEFKAT AT\u00d6LYES\u0130&#8217; \u0130LE HEM DUYGUSAL HEM DE SANATSAL B\u0130R YOLCULU\u011eA \u00c7IKTI"},"content":{"rendered":"\n<p>Mersin B\u00fcy\u00fck\u015fehir Belediyesi Kad\u0131n ve Aile Hizmetleri Dairesi Ba\u015fkanl\u0131\u011f\u0131 b\u00fcnyesinde faaliyet g\u00f6steren T\u00f6m\u00fck Kad\u0131n ve \u00c7ocuk At\u00f6lyesi&#8217;nde, 8 Mart D\u00fcnya Emek\u00e7i Kad\u0131nlar G\u00fcn\u00fc kapsam\u0131nda anlaml\u0131 bir etkinlik ger\u00e7ekle\u015ftirildi. D\u00fczenlenen&nbsp;<strong>&#8220;\u00d6z \u015eefkat At\u00f6lyesi&#8221;&nbsp;<\/strong>ile kad\u0131nlar\u0131n i\u00e7sel d\u00fcnyalar\u0131na d\u00f6nmeleri ve kendilerini daha yak\u0131ndan tan\u0131malar\u0131 ama\u00e7land\u0131.<\/p>\n\n\n\n<p>T\u00f6m\u00fck Kad\u0131n ve \u00c7ocuk At\u00f6lyesi&#8217;nin el sanatlar\u0131, m\u00fczik, a\u015f\u00e7\u0131l\u0131k, cilt bak\u0131m\u0131 gibi farkl\u0131 alanlarda sundu\u011fu kurslardan faydalanan kad\u0131nlar, bu \u00f6zel etkinlikte bir araya geldi. Uzman Psikolog Berna Yi\u011fitba\u015f&#8217;\u0131n rehberli\u011finde ger\u00e7ekle\u015fen at\u00f6lye, kad\u0131nlar\u0131n hem duygusal hem de sanatsal bir yolculu\u011fa \u00e7\u0131kmalar\u0131n\u0131 sa\u011flad\u0131. At\u00f6lye, kad\u0131nlar\u0131n \u00e7ok y\u00f6nl\u00fc kimliklerini ve toplumdaki rollerini anlamalar\u0131na yard\u0131mc\u0131 olacak bir sohbetle ba\u015flad\u0131.<strong><\/strong><\/p>\n\n\n\n<p>Yi\u011fitba\u015f; kad\u0131n olman\u0131n farkl\u0131 halleri, kad\u0131n olman\u0131n getirdi\u011fi sorumluluklar, aile i\u00e7indeki ve d\u0131\u015f\u0131ndaki roller, e\u015f, anne ve \u00e7al\u0131\u015fan olarak sahip olunan kimlikler \u00fczerine kat\u0131l\u0131mc\u0131larla kar\u015f\u0131l\u0131kl\u0131 sohbet etti. Ard\u0131ndan, kad\u0131nlar\u0131n kendi \u00e7ocukluklar\u0131na d\u00f6nmelerini ve bu d\u00f6nemdeki en sevdikleri nesneleri kil ile \u015fekillendirmelerini istedi.<strong>&nbsp;<\/strong>Kat\u0131l\u0131mc\u0131lar, kendi i\u00e7 d\u00fcnyalar\u0131na y\u00f6nelerek, \u00e7ocukluklar\u0131n\u0131n izlerini sanatla yeniden ke\u015ffetme f\u0131rsat\u0131 buldu.<\/p>\n\n\n\n<p><strong>Yi\u011fitba\u015f: &#8220;At\u00f6lyenin i\u00e7eri\u011fi, \u00f6z \u015fefkat ve sanat\u0131n iyile\u015ftirici g\u00fcc\u00fcyd\u00fc&#8221;<\/strong><\/p>\n\n\n\n<p>Uzman Psikolog ve Oyun Terapisti Berna Yi\u011fitba\u015f, B\u00fcy\u00fck\u015fehir Belediyesi&#8217;nde d\u00f6nem d\u00f6nem g\u00f6n\u00fcll\u00fc olarak etkinliklere dahil oldu\u011funu anlatarak,&nbsp;<strong>&#8220;Bug\u00fcn de Emek\u00e7i Kad\u0131nlar G\u00fcn\u00fc vesilesiyle, at\u00f6lyedeki \u00fcretici kad\u0131nlara destek olmak amac\u0131yla ve \u00f6z \u015fefkat ba\u015fl\u0131\u011f\u0131nda fark\u0131ndal\u0131k yaratabilmek amac\u0131yla bir at\u00f6lye ger\u00e7ekle\u015ftirdik. At\u00f6lyenin i\u00e7eri\u011fi \u00f6z \u015fefkat ve sanat\u0131n iyile\u015ftirici g\u00fcc\u00fcyd\u00fc. Kad\u0131n olman\u0131n farkl\u0131 hallerini konu\u015ftu\u011fumuz; anne, \u00e7al\u0131\u015fan, e\u015f, dost olma ama \u00f6z\u00fcnde kendimiz olmaya dair bir \u00e7al\u0131\u015fmayd\u0131. Buralara dair biraz sohbet ettikten sonra, seramik arac\u0131l\u0131\u011f\u0131yla i\u00e7lerindeki \u00e7ocukluklar\u0131n\u0131 ve \u00e7ocukluklar\u0131ndaki g\u00fcvenli nesneyi bulmalar\u0131n\u0131 sa\u011flad\u0131\u011f\u0131m\u0131z bir sanat at\u00f6lyesi ger\u00e7ekle\u015ftirmi\u015f olduk. Kendi i\u00e7 d\u00fcnyam\u0131za d\u00f6n\u00fcp bakabildi\u011fimizde, \u00f6z \u015fefkati kendimize g\u00f6sterebiliyoruz. Bug\u00fcn de bu minik an\u0131msat\u0131c\u0131larla beraber keyifli bir at\u00f6lye ger\u00e7ekle\u015ftirdik&#8221;&nbsp;<\/strong>dedi.<strong><\/strong><\/p>\n\n\n\n<p><strong>Kad\u0131nlar, \u00d6z \u015eefkat At\u00f6lyesi&#8217;nin uygulamas\u0131ndan memnun ayr\u0131ld\u0131<\/strong><\/p>\n\n\n\n<p>T\u00f6m\u00fck Kad\u0131n ve \u00c7ocuk At\u00f6lyesi&#8217;nde Dokuma At\u00f6lyesi&#8217;ne gelen Leyla Nur Serin, \u00d6z \u015eefkat At\u00f6lye \u00e7al\u0131\u015fmas\u0131n\u0131n kendilerine \u00e7ok iyi geldi\u011fini belirterek,&nbsp;<strong>&#8220;Kad\u0131n olarak kendi de\u011ferimizi daha \u00e7ok anlad\u0131k. Kendimize daha \u00e7ok de\u011fer vermemizi, kendimizle biraz daha fazla ilgilenmemizin gerekti\u011fini g\u00f6rd\u00fck hocam\u0131z sayesinde. Ge\u00e7mi\u015fte beni mutlu eden, \u00e7ocuklu\u011fuma g\u00f6t\u00fcren \u015feyleri benzetmeye \u00e7al\u0131\u015ft\u0131k&#8221;&nbsp;<\/strong>diye konu\u015ftu.<\/p>\n\n\n\n<p>T\u00f6m\u00fck Kad\u0131n ve \u00c7ocuk At\u00f6lyesi&#8217;nin kendileri i\u00e7in 2. bir ev oldu\u011funu vurgulayan Elif \u015een,&nbsp;<strong>&#8220;Yevmiye i\u015f\u00e7isiyim. Bo\u015f vakitlerimde buraya gelip hocalar\u0131mla vakit ge\u00e7irmeyi \u00e7ok seviyorum. 2 k\u0131z\u0131m var, ikisi de saz kursunda. Buras\u0131 bizim ikinci evimiz. Buray\u0131 \u00e7ok seviyoruz. Buradaki kurslar\u0131n \u00fccretsiz olmas\u0131, herkesin gelip yararlanmas\u0131 bak\u0131m\u0131ndan \u00e7ok iyi. B\u00fcy\u00fck\u015fehir Belediye Ba\u015fkan\u0131m\u0131za \u00e7ok te\u015fekk\u00fcr ediyoruz. \u00d6z \u015eefkat At\u00f6lyesi&#8217;ne, beni \u00e7ocuklu\u011fuma g\u00f6t\u00fcrerek bana bu i\u015flemi yapt\u0131rd\u0131klar\u0131 i\u00e7in te\u015fekk\u00fcr ediyorum&#8221;&nbsp;&nbsp;<\/strong>ifadelerine yer verdi.<strong><\/strong><\/p>\n\n\n\n<p>\u00d6z \u015eefkat At\u00f6lye \u00e7al\u0131\u015fmas\u0131na kat\u0131lan kad\u0131nlardan Teslime Duman, &#8220;<strong>Benim i\u00e7in hem duygulu hem g\u00fczel ge\u00e7ti. \u00c7ocuklu\u011fumuza bizi geri g\u00f6t\u00fcrd\u00fc. Hocam\u0131z\u0131n yapm\u0131\u015f oldu\u011fu konu\u015fmalardan etkilendik. Bizi \u00e7ocuklu\u011fumuza g\u00f6t\u00fcren bir \u015fey yapmam\u0131z\u0131 istedi. Ben de kilden a\u011fa\u00e7 yapt\u0131m. Kendimize biraz daha de\u011fer vermemizin gerekti\u011fini d\u00fc\u015f\u00fcnd\u00fck. B\u00fct\u00fcn kad\u0131nlar\u0131n D\u00fcnya Kad\u0131nlar G\u00fcn\u00fc&#8217;n\u00fc kutluyorum&#8221;&nbsp;<\/strong>dedi.<\/p>\n\n\n\n<p><strong><em>&#8216;\u00d6\u011frenmenin ya\u015f\u0131 yok&#8217;<\/em><\/strong>&nbsp;diyerek T\u00f6m\u00fck Kad\u0131n ve \u00c7ocuk At\u00f6lyesi&#8217;nde El \u0130\u015fi At\u00f6lyesi&#8217;ne geldi\u011fini s\u00f6yleyen Fatma Solta,&nbsp;<strong>&#8220;Sa\u011f olsun Vahap Ba\u015fkan\u0131m\u0131z bize bu olana\u011f\u0131 sa\u011fl\u0131yor. \u00c7ok mutluyuz. Buras\u0131 bana terapi oluyor. Biraz rahats\u0131zl\u0131klar\u0131m var, ama buraya geldi\u011fim zaman arkada\u015flar\u0131mla \u00e7ok mutluyum&#8221;<\/strong>&nbsp;dedi. \u00d6z \u015eefkat At\u00f6lyesi&#8217;nde, kilden \u00e7ocuklu\u011fuyla ilgili bir an\u0131msat\u0131c\u0131 yapmak istedi\u011fini s\u00f6yleyen Solta,&nbsp;<strong>&#8220;\u00c7ok g\u00fczel bir etkinlik. Beni 1 ya\u015f\u0131nda evlatl\u0131k vermi\u015fler. Ben anne kuca\u011f\u0131 g\u00f6rmedi\u011fim i\u00e7in annemi yapt\u0131m. Bir de kendimi annemin kuca\u011f\u0131nda yapt\u0131m. B\u00fct\u00fcn \u00e7ocuklar mutlu olsun, annesinin kuca\u011f\u0131nda b\u00fcy\u00fcs\u00fcn&#8221;&nbsp;<\/strong>diye konu\u015ftu.<\/p>\n","protected":false},"excerpt":{"rendered":"<p>Mersin B\u00fcy\u00fck\u015fehir Belediyesi Kad\u0131n ve Aile Hizmetleri Dairesi Ba\u015fkanl\u0131\u011f\u0131 b\u00fcnyesinde faaliyet g\u00f6steren T\u00f6m\u00fck Kad\u0131n ve \u00c7ocuk At\u00f6lyesi&#8217;nde, 8 Mart D\u00fcnya Emek\u00e7i Kad\u0131nlar G\u00fcn\u00fc kapsam\u0131nda anlaml\u0131 bir etkinlik ger\u00e7ekle\u015ftirildi. D\u00fczenlenen&nbsp;&#8220;\u00d6z \u015eefkat At\u00f6lyesi&#8221;&nbsp;ile kad\u0131nlar\u0131n i\u00e7sel d\u00fcnyalar\u0131na d\u00f6nmeleri ve kendilerini daha yak\u0131ndan tan\u0131malar\u0131 ama\u00e7land\u0131. T\u00f6m\u00fck Kad\u0131n ve \u00c7ocuk At\u00f6lyesi&#8217;nin el sanatlar\u0131, m\u00fczik, a\u015f\u00e7\u0131l\u0131k, cilt bak\u0131m\u0131 gibi farkl\u0131 alanlarda [&hellip;]<\/p>\n","protected":false},"author":2,"featured_media":40494,"comment_status":"closed","ping_status":"closed","sticky":false,"template":"","format":"standard","meta":{"footnotes":""},"categories":[3],"tags":[],"class_list":["post-40493","post","type-post","status-publish","format-standard","has-post-thumbnail","hentry","category-manset"],"views":4,"_links":{"self":[{"href":"https:\/\/mersinkadingazetesi.com\/index.php?rest_route=\/wp\/v2\/posts\/40493"}],"collection":[{"href":"https:\/\/mersinkadingazetesi.com\/index.php?rest_route=\/wp\/v2\/posts"}],"about":[{"href":"https:\/\/mersinkadingazetesi.com\/index.php?rest_route=\/wp\/v2\/types\/post"}],"author":[{"embeddable":true,"href":"https:\/\/mersinkadingazetesi.com\/index.php?rest_route=\/wp\/v2\/users\/2"}],"replies":[{"embeddable":true,"href":"https:\/\/mersinkadingazetesi.com\/index.php?rest_route=%2Fwp%2Fv2%2Fcomments&post=40493"}],"version-history":[{"count":1,"href":"https:\/\/mersinkadingazetesi.com\/index.php?rest_route=\/wp\/v2\/posts\/40493\/revisions"}],"predecessor-version":[{"id":40495,"href":"https:\/\/mersinkadingazetesi.com\/index.php?rest_route=\/wp\/v2\/posts\/40493\/revisions\/40495"}],"wp:featuredmedia":[{"embeddable":true,"href":"https:\/\/mersinkadingazetesi.com\/index.php?rest_route=\/wp\/v2\/media\/40494"}],"wp:attachment":[{"href":"https:\/\/mersinkadingazetesi.com\/index.php?rest_route=%2Fwp%2Fv2%2Fmedia&parent=40493"}],"wp:term":[{"taxonomy":"category","embeddable":true,"href":"https:\/\/mersinkadingazetesi.com\/index.php?rest_route=%2Fwp%2Fv2%2Fcategories&post=40493"},{"taxonomy":"post_tag","embeddable":true,"href":"https:\/\/mersinkadingazetesi.com\/index.php?rest_route=%2Fwp%2Fv2%2Ftags&post=40493"}],"curies":[{"name":"wp","href":"https:\/\/api.w.org\/{rel}","templated":true}]}}