{"id":40496,"date":"2025-03-08T22:02:49","date_gmt":"2025-03-08T19:02:49","guid":{"rendered":"https:\/\/mersinkadingazetesi.com\/?p=40496"},"modified":"2025-03-08T22:02:49","modified_gmt":"2025-03-08T19:02:49","slug":"orgun-egitimde-destek-bir-tost-parasi-bile-degil","status":"publish","type":"post","link":"https:\/\/mersinkadingazetesi.com\/?p=40496","title":{"rendered":"\u00d6RG\u00dcN E\u011e\u0130T\u0130MDE DESTEK B\u0130R TOST PARASI B\u0130LE DE\u011e\u0130L!"},"content":{"rendered":"\n<p>T\u00fcrkiye&#8217;de e\u011fitim alan\u0131nda ya\u015fanan kriz, her ge\u00e7en g\u00fcn daha da derinle\u015fiyor. Dar gelirli ailelerin \u00e7ocuklar\u0131na destek olmak amac\u0131yla uygulanan \u015eartl\u0131 E\u011fitim Yard\u0131m\u0131 (\u015eEY) program\u0131, g\u00fcn\u00fcm\u00fcz ekonomik \u015fartlar\u0131nda bir \u00f6\u011frencinin temel ihtiya\u00e7lar\u0131n\u0131 kar\u015f\u0131lamaktan \u00e7ok uzak. CHP Mersin Milletvekili G\u00fclcan K\u0131\u015f, bu yard\u0131mlar\u0131n bir tost paras\u0131na denk geldi\u011fini belirterek, &#8220;\u00d6\u011frenciler bir tost i\u00e7in e\u011fitim hayatlar\u0131ndan vazge\u00e7mek zorunda m\u0131 kalacak?&#8221; diye sordu.<\/p>\n\n\n\n<p><strong>G\u00fclcan K\u0131\u015f: &#8216;150 TL ile Bir \u00d6\u011frenci Ne Yapabilir?&#8217;<\/strong><\/p>\n\n\n\n<p>CHP&#8217;li G\u00fclcan K\u0131\u015f, \u015eEY program\u0131 kapsam\u0131nda verilen destek miktarlar\u0131n\u0131n \u00f6\u011frencilerin temel ihtiya\u00e7lar\u0131n\u0131 kar\u015f\u0131lamaktan \u00e7ok uzak oldu\u011funu belirtti. Program\u0131n belirledi\u011fi yard\u0131m miktarlar\u0131 \u015f\u00f6yle:<\/p>\n\n\n\n<p>\u0130lk\u00f6\u011fretim \u00f6\u011frencileri i\u00e7in: Erkek \u00f6\u011frenciye 90 TL, k\u0131z \u00f6\u011frenciye 100 TL<\/p>\n\n\n\n<p>Orta\u00f6\u011fretim \u00f6\u011frencileri i\u00e7in: Erkek \u00f6\u011frenciye 130 TL, k\u0131z \u00f6\u011frenciye 150 TL<\/p>\n\n\n\n<p>Ancak b\u00fcy\u00fck\u015fehirlerde bir tostun fiyat\u0131 150 TL&#8217;yi bulmu\u015f durumda. Orta\u00f6\u011fretim \u00f6\u011frencisine verilen 150 TL&#8217;lik ayl\u0131k destek, yaln\u0131zca bir tost paras\u0131 ediyor. CHP&#8217;li G\u00fclcan K\u0131\u015f, &#8220;Bu \u00e7ocuklar, beslenemeden nas\u0131l derslerine odaklanacak? E\u011fitim sisteminin gelece\u011fi, bir tost paras\u0131na indirgenmi\u015f durumda!&#8221; ifadelerini kulland\u0131.<\/p>\n\n\n\n<p><strong>1 Kuru\u015f Artmayan Destek, Azalan B\u00fct\u00e7e, Artan Enflasyon!<\/strong><\/p>\n\n\n\n<p>CHP Mersin Milletvekili G\u00fclcan K\u0131\u015f, \u015eartl\u0131 E\u011fitim Yard\u0131m\u0131&#8217;n\u0131n 2023 y\u0131l\u0131 ile 2024 y\u0131l\u0131 aras\u0131ndaki de\u011fi\u015fimine dikkat \u00e7ekerek, e\u011fitime ayr\u0131lan b\u00fct\u00e7enin d\u00fc\u015f\u00fcr\u00fcld\u00fc\u011f\u00fcn\u00fc ve \u00f6\u011frencilere verilen destek miktar\u0131n\u0131n 1 kuru\u015f bile art\u0131r\u0131lmad\u0131\u011f\u0131n\u0131 vurgulad\u0131.<\/p>\n\n\n\n<ul class=\"wp-block-list\">\n<li>2023 y\u0131l\u0131nda e\u011fitim yard\u0131m\u0131 alan \u00f6\u011frenci say\u0131s\u0131: 1.966.429<\/li>\n\n\n\n<li>2023 y\u0131l\u0131nda toplam yap\u0131lan yard\u0131m: 1,49 Milyar TL<\/li>\n\n\n\n<li>2024 y\u0131l\u0131nda e\u011fitim yard\u0131m\u0131 alan \u00f6\u011frenci say\u0131s\u0131: 1.774.442<\/li>\n\n\n\n<li>2024 y\u0131l\u0131nda toplam yap\u0131lan yard\u0131m: 1,31 Milyar TL<\/li>\n<\/ul>\n\n\n\n<p>G\u00fclcan K\u0131\u015f, &#8220;Bak\u0131n, destek verilen \u00f6\u011frenci say\u0131s\u0131 azal\u0131yor, toplam b\u00fct\u00e7e d\u00fc\u015f\u00fcyor ama \u00f6\u011frencilere verilen yard\u0131m miktar\u0131 ayn\u0131 kal\u0131yor. Oysa enflasyon u\u00e7tu gitti! 2023 y\u0131l\u0131nda 100 TL&#8217;ye al\u0131nabilen bir \u015fey, bug\u00fcn 150 TL&#8217;ye al\u0131nam\u0131yor bile. Ancak h\u00fck\u00fcmet, e\u011fitimi g\u00f6rmezden gelmeye devam ediyor&#8221; dedi.<\/p>\n\n\n\n<p><strong>&#8216;Tasarruf Sarayda De\u011fil, \u00d6\u011frencinin Karn\u0131nda Yap\u0131l\u0131yor!&#8217;<\/strong><\/p>\n\n\n\n<p>CHP Mersin Milletvekili G\u00fclcan K\u0131\u015f, h\u00fck\u00fcmetin e\u011fitime bak\u0131\u015f a\u00e7\u0131s\u0131n\u0131 sert bir dille ele\u015ftirerek, &#8220;Tasarruf denince \u00f6\u011frencinin yeme\u011fi, e\u011fitimi, gelece\u011fi akla geliyor ama saraylar\u0131n \u0131\u015f\u0131klar\u0131 hi\u00e7 s\u00f6nm\u00fcyor! Bakanl\u0131\u011f\u0131n b\u00fct\u00e7esi d\u00fc\u015ferken, \u00f6\u011frencinin karn\u0131 a\u00e7 kal\u0131rken, devletin l\u00fcks harcamalar\u0131nda hi\u00e7bir azalma yok. \u00c7ocuklara &#8216;A\u00e7 karna ders \u00e7al\u0131\u015f\u0131n&#8217; diyenler, kendileri her g\u00fcn be\u015f y\u0131ld\u0131zl\u0131 sofralarda oturuyor!&#8221; ifadelerini kulland\u0131.<\/p>\n\n\n\n<p>G\u00fclcan K\u0131\u015f, &#8220;E\u011fer bu b\u00fct\u00e7eyle e\u011fitimi kalk\u0131nd\u0131racaklar\u0131n\u0131 d\u00fc\u015f\u00fcn\u00fcyorlarsa, d\u00f6n\u00fcp bir kez daha d\u00fc\u015f\u00fcns\u00fcnler. \u00c7\u00fcnk\u00fc \u00e7ocuklar\u0131m\u0131z sadece e\u011fitim de\u011fil, art\u0131k a\u00e7l\u0131kla da s\u0131nan\u0131yor&#8221; diyerek h\u00fck\u00fcmeti e\u011fitime daha fazla b\u00fct\u00e7e ay\u0131rmaya \u00e7a\u011f\u0131rd\u0131.<\/p>\n\n\n\n<p><strong>Bakanl\u0131\u011f\u0131n Verileri: Ka\u00e7 \u00d6\u011frenci Okulu B\u0131rakt\u0131?<\/strong><\/p>\n\n\n\n<p>G\u00fclcan K\u0131\u015f, e\u011fitimdeki krizin sadece yetersiz maddi destekle s\u0131n\u0131rl\u0131 olmad\u0131\u011f\u0131n\u0131, \u00f6\u011frencilerin okulu terk etmek zorunda kald\u0131\u011f\u0131n\u0131 da belirtti. Bakanl\u0131k verilerine g\u00f6re son y\u0131llarda 728 binin \u00fczerinde \u00f6\u011frenci \u00fcniversite e\u011fitimini yar\u0131da b\u0131rakt\u0131.<\/p>\n\n\n\n<p>Milli E\u011fitim Bakanl\u0131\u011f\u0131&#8217;n\u0131n 2023-24 \u00f6rg\u00fcn e\u011fitim istatistiklerini baz alan ara\u015ft\u0131rmalara g\u00f6re, okul d\u0131\u015f\u0131nda kalan \u00e7ocuk say\u0131s\u0131 yakla\u015f\u0131k 612 bine y\u00fckseldi.<\/p>\n\n\n\n<p>Bu rakam, bir\u00e7ok ilin toplam n\u00fcfusundan fazla.<\/p>\n\n\n\n<p><strong>G\u00fclcan K\u0131\u015f, bu vahim tablonun nedenlerini \u015f\u00f6yle s\u0131ralad\u0131:<\/strong><\/p>\n\n\n\n<ul class=\"wp-block-list\">\n<li>Ailelerin \u00e7ocuklar\u0131n\u0131 okula g\u00f6nderecek ekonomik g\u00fcc\u00fcn\u00fcn kalmamas\u0131<\/li>\n\n\n\n<li>\u00d6\u011frencilerin \u00e7al\u0131\u015fmak zorunda kalmas\u0131<\/li>\n\n\n\n<li>Bar\u0131nma ve beslenme masraflar\u0131n\u0131n kar\u015f\u0131lanamamas\u0131<\/li>\n\n\n\n<li>Gelecek kayg\u0131s\u0131 ve i\u015fsizlik korkusu<\/li>\n<\/ul>\n\n\n\n<p><strong>G\u00fclcan K\u0131\u015f: &#8216;E\u011fitim, Bir Tost Paras\u0131 Kadar De\u011fersiz Olmamal\u0131!&#8217;<\/strong><\/p>\n\n\n\n<p>CHP Mersin Milletvekili G\u00fclcan K\u0131\u015f, e\u011fitimde f\u0131rsat e\u015fitli\u011fini sa\u011flamak i\u00e7in destek programlar\u0131n\u0131n acilen g\u00fcncellenmesi gerekti\u011fini vurgulad\u0131. &#8220;Bir \u00fclkenin gelece\u011fi, bir tost paras\u0131 kadar de\u011fersiz olmamal\u0131d\u0131r! E\u011fitimde f\u0131rsat e\u015fitli\u011fini sa\u011flamak i\u00e7in \u00f6\u011frencilerin bar\u0131nma, beslenme ve e\u011fitim materyalleri gibi temel ihtiya\u00e7lar\u0131n\u0131 kar\u015f\u0131layacak destekler sunulmal\u0131d\u0131r&#8221; dedi.<\/p>\n\n\n\n<p>Yetkililere \u00e7a\u011fr\u0131da bulunan G\u00fclcan K\u0131\u015f, e\u011fitime ayr\u0131lan b\u00fct\u00e7enin art\u0131r\u0131lmas\u0131 ve \u00f6\u011frencilerin ger\u00e7ek ihtiya\u00e7lar\u0131na y\u00f6nelik kapsaml\u0131 politikalar\u0131n geli\u015ftirilmesi gerekti\u011fini belirterek, &#8220;Bu kriz derinle\u015fmeden, \u00f6\u011frenciler e\u011fitim hakk\u0131ndan tamamen kopmadan harekete ge\u00e7ilmelidir!&#8221; ifadelerini&nbsp;kulland\u0131.<\/p>\n","protected":false},"excerpt":{"rendered":"<p>T\u00fcrkiye&#8217;de e\u011fitim alan\u0131nda ya\u015fanan kriz, her ge\u00e7en g\u00fcn daha da derinle\u015fiyor. Dar gelirli ailelerin \u00e7ocuklar\u0131na destek olmak amac\u0131yla uygulanan \u015eartl\u0131 E\u011fitim Yard\u0131m\u0131 (\u015eEY) program\u0131, g\u00fcn\u00fcm\u00fcz ekonomik \u015fartlar\u0131nda bir \u00f6\u011frencinin temel ihtiya\u00e7lar\u0131n\u0131 kar\u015f\u0131lamaktan \u00e7ok uzak. CHP Mersin Milletvekili G\u00fclcan K\u0131\u015f, bu yard\u0131mlar\u0131n bir tost paras\u0131na denk geldi\u011fini belirterek, &#8220;\u00d6\u011frenciler bir tost i\u00e7in e\u011fitim hayatlar\u0131ndan vazge\u00e7mek zorunda [&hellip;]<\/p>\n","protected":false},"author":2,"featured_media":40497,"comment_status":"closed","ping_status":"closed","sticky":false,"template":"","format":"standard","meta":{"footnotes":""},"categories":[3,5],"tags":[],"class_list":["post-40496","post","type-post","status-publish","format-standard","has-post-thumbnail","hentry","category-manset","category-mersin"],"views":9,"_links":{"self":[{"href":"https:\/\/mersinkadingazetesi.com\/index.php?rest_route=\/wp\/v2\/posts\/40496"}],"collection":[{"href":"https:\/\/mersinkadingazetesi.com\/index.php?rest_route=\/wp\/v2\/posts"}],"about":[{"href":"https:\/\/mersinkadingazetesi.com\/index.php?rest_route=\/wp\/v2\/types\/post"}],"author":[{"embeddable":true,"href":"https:\/\/mersinkadingazetesi.com\/index.php?rest_route=\/wp\/v2\/users\/2"}],"replies":[{"embeddable":true,"href":"https:\/\/mersinkadingazetesi.com\/index.php?rest_route=%2Fwp%2Fv2%2Fcomments&post=40496"}],"version-history":[{"count":1,"href":"https:\/\/mersinkadingazetesi.com\/index.php?rest_route=\/wp\/v2\/posts\/40496\/revisions"}],"predecessor-version":[{"id":40498,"href":"https:\/\/mersinkadingazetesi.com\/index.php?rest_route=\/wp\/v2\/posts\/40496\/revisions\/40498"}],"wp:featuredmedia":[{"embeddable":true,"href":"https:\/\/mersinkadingazetesi.com\/index.php?rest_route=\/wp\/v2\/media\/40497"}],"wp:attachment":[{"href":"https:\/\/mersinkadingazetesi.com\/index.php?rest_route=%2Fwp%2Fv2%2Fmedia&parent=40496"}],"wp:term":[{"taxonomy":"category","embeddable":true,"href":"https:\/\/mersinkadingazetesi.com\/index.php?rest_route=%2Fwp%2Fv2%2Fcategories&post=40496"},{"taxonomy":"post_tag","embeddable":true,"href":"https:\/\/mersinkadingazetesi.com\/index.php?rest_route=%2Fwp%2Fv2%2Ftags&post=40496"}],"curies":[{"name":"wp","href":"https:\/\/api.w.org\/{rel}","templated":true}]}}