{"id":40502,"date":"2025-03-08T22:07:11","date_gmt":"2025-03-08T19:07:11","guid":{"rendered":"https:\/\/mersinkadingazetesi.com\/?p=40502"},"modified":"2025-03-08T22:07:11","modified_gmt":"2025-03-08T19:07:11","slug":"secerden-vatandaslara-bu-sofralar-sizlerin-vergileri-ile-kuruluyor","status":"publish","type":"post","link":"https:\/\/mersinkadingazetesi.com\/?p=40502","title":{"rendered":"SE\u00c7ER&#8217;DEN VATANDA\u015eLARA: &#8220;BU SOFRALAR S\u0130ZLER\u0130N VERG\u0130LER\u0130 \u0130LE KURULUYOR&#8221;"},"content":{"rendered":"\n<p>Mersin B\u00fcy\u00fck\u015fehir Belediyesi&#8217;nin Ramazan ay\u0131 kapsam\u0131nda d\u00fczenledi\u011fi iftar program\u0131nda sofralar bu kez Tarsus&#8217;ta kuruldu. Yeni Mahalle M\u00fccahitler Caddesi Kapal\u0131 Semt Pazar\u0131&#8217;nda kurulan iftar sofras\u0131nda Mersin B\u00fcy\u00fck\u015fehir Belediye Ba\u015fkan\u0131 Vahap Se\u00e7er ve Meral Se\u00e7er de vatanda\u015flara e\u015flik etti.&nbsp;<\/p>\n\n\n\n<p>Ba\u015fkan Se\u00e7er ve Meral Se\u00e7er; T\u00fcrkiye Muhtarlar Derne\u011fi Tarsus \u015eube Ba\u015fkan\u0131 Turgay Benli, Tarsus Muhtarlar Derne\u011fi Ba\u015fkan\u0131 R\u0131za T\u00fcrkmen ve Yeni Mahalle Muhtar\u0131 Ali Tarhan taraf\u0131ndan \u00e7i\u00e7eklerle kar\u015f\u0131land\u0131.<\/p>\n\n\n\n<p>Programa; Cumhuriyet Halk Partisi (CHP) Mersin Milletvekilleri G\u00fclcan K\u0131\u015f ve Hasan Ufuk \u00c7ak\u0131r, CHP Mersin \u0130l Ba\u015fkan\u0131 Koral \u00d6m\u00fcr, Tarsus Belediye Ba\u015fkan\u0131 Ali Bolta\u00e7, Mersin B\u00fcy\u00fck\u015fehir Belediyesi ve MESK\u0130 b\u00fcrokratlar\u0131, siyasi parti temsilcileri ve binlerce Tarsuslu kat\u0131ld\u0131.<\/p>\n\n\n\n<p>B\u00fcy\u00fck\u015fehir Belediyesi taraf\u0131ndan haz\u0131rlanan iftar yeme\u011fi, ezan\u0131n okunmas\u0131yla birlikte alanda toplanan vatanda\u015flara ikram edildi. Ramazan ay\u0131n\u0131n birlik ve beraberlik ruhunu yans\u0131tan organizasyonda, binlerce ki\u015fi ayn\u0131 sofrada oru\u00e7 a\u00e7t\u0131. Kurulan iftar sofras\u0131, s\u0131cak ve samimi bir atmosferde ger\u00e7ekle\u015firken, Ramazan ay\u0131n\u0131n manevi havas\u0131 Tarsus&#8217;ta hep birlikte hissedildi.<\/p>\n\n\n\n<p><strong>Ba\u015fkan Se\u00e7er: &#8220;Bu sofralar sizlerin vergisi ile&nbsp;&nbsp;kuruluyor&#8221;<\/strong><\/p>\n\n\n\n<p>\u0130ftar program\u0131nda vatanda\u015flara seslenen Ba\u015fkan Se\u00e7er, Tarsus&#8217;ta kalabal\u0131k iftar sofras\u0131n\u0131 g\u00f6rmenin kendisini gururland\u0131rd\u0131\u011f\u0131n\u0131 belirterek,&nbsp;<strong>&#8220;Bu tabloyu g\u00f6rd\u00fcm ve \u00e7ok mutlu oldum. Allah kabul etsin. Vatanda\u015flar\u0131m\u0131z\u0131n kesesine bereket. Herkes bana;&nbsp;<em>&#8216;Ba\u015fkan\u0131m te\u015fekk\u00fcr ederiz, kesene bereket&#8217;<\/em>&nbsp;diyor ama ben sizlere te\u015fekk\u00fcr ediyorum, \u00e7\u00fcnk\u00fc sizlerin kesesine bereket. Sizler \u00e7al\u0131\u015f\u0131yorsunuz, \u00fcretiyorsunuz, devletinize vergi veriyorsunuz oradan bize kaynak geliyor. \u0130\u015fte bu yedi\u011fimiz yemekler de o vergilerden. \u00d6yle siyasilerin sanki keselerinden destek yap\u0131yormu\u015f gibi, yard\u0131m yap\u0131yormu\u015f gibi afra, tafralar\u0131na,&nbsp;&nbsp;\u00f6v\u00fcn\u00e7lerine aldanmay\u0131n. Hepsi sizin paran\u0131z&#8221;<\/strong>&nbsp;dedi.<\/p>\n\n\n\n<p><strong>&#8220;Sizlere hizmetlerimizi mutlulukla yap\u0131yoruz&#8221;<\/strong><\/p>\n\n\n\n<p>Dini g\u00fcn, ay ve bayramlar\u0131n birlik ve beraberlik duygular\u0131n\u0131 peki\u015ftirdi\u011fini s\u00f6zlerine ekleyen Se\u00e7er,&nbsp;<strong>&#8220;Allah birli\u011fimizi, beraberli\u011fimizi daim etsin ve sonsuza kadar Mustafa Kemal Atat\u00fcrk&#8217;\u00fcn kurdu\u011fu bu \u00fclkede, \u015fanl\u0131 bayra\u011f\u0131m\u0131z\u0131n alt\u0131nda ya\u015famay\u0131 nasip etsin. Sizlere hizmetlerimizi hi\u00e7 b\u0131kmadan ve yorulmadan mutlulukla yap\u0131yoruz. Tarsus Belediye Ba\u015fkan\u0131m\u0131z Ali Bolta\u00e7&#8217;la birlikte i\u015f birli\u011fi i\u00e7erisinde \u00e7al\u0131\u015f\u0131yoruz. Sizlerin derdiyle dertleniyoruz. Sizler i\u00e7in memleketimiz i\u00e7in nas\u0131l daha iyi hizmet ederiz onun tasas\u0131 i\u00e7erisindeyiz. Sizleri seviyoruz, say\u0131yoruz. Bizlere g\u00fcveninizi, sevginizi, sayg\u0131n\u0131z\u0131 biliyoruz. Bundan gurur duyuyoruz. Bunu da bo\u015fa \u00e7\u0131kartmayaca\u011f\u0131z ve sizlerin her zaman sevgisine, sayg\u0131s\u0131na ve g\u00fcvenine lay\u0131k olaca\u011f\u0131z&#8221;&nbsp;<\/strong>diye konu\u015ftu.<\/p>\n\n\n\n<p>\u0130ftar program\u0131n\u0131n ard\u0131ndan Ba\u015fkan Se\u00e7er ve Meral Se\u00e7er beraberlerinde CHP Mersin Milletvekili G\u00fclcan K\u0131\u015f ve protokol \u00fcyeleri ile Tarsus Belediyesi taraf\u0131ndan 8 Mart D\u00fcnya Kad\u0131nlar G\u00fcn\u00fc&#8217;ne \u00f6zel olarak kurulan \u00dcretici Kad\u0131n Pazar\u0131&#8217;n\u0131 ziyaret etti. Kad\u0131n \u00fcreticilerle bir araya gelen Ba\u015fkan Se\u00e7er, kad\u0131n eme\u011finin desteklenmesi ad\u0131na ger\u00e7ekle\u015ftirilen \u00e7al\u0131\u015fmalar\u0131 yerinde inceledi. \u00dcretici pazar\u0131nda co\u015fkuyla kar\u015f\u0131lanan Ba\u015fkan Se\u00e7er ve Meral Se\u00e7er&#8217;e kad\u0131nlar taraf\u0131ndan y\u00f6resel tatlar ikram edilirken, el eme\u011fi \u00fcr\u00fcnler de hediye edildi.<\/p>\n\n\n\n<p><strong>&#8220;Mersin, mutlu insanlar\u0131n kenti haline geldi&#8221;<\/strong><\/p>\n\n\n\n<p>\u00dcretici Kad\u0131n Pazar\u0131&#8217;nda hem kad\u0131nlar hem de pazar\u0131 ziyaret eden ard\u0131ndan vatanda\u015flara hitaben konu\u015ftu. S\u00f6zlerine Tarsus&#8217;un sadece T\u00fcrkiye&#8217;nin de\u011fil d\u00fcnyan\u0131n en m\u00fcstesna ve g\u00fczel kentlerinden biri oldu\u011funu belirterek ba\u015flayan Se\u00e7er,&nbsp;<strong>&#8220;Onu g\u00fczel k\u0131lan siz de\u011ferli hem\u015ferilerimsiniz. E\u011fer birlik, beraberlik, birbirine sayg\u0131 ve sevgi varsa o kentin enerjisi y\u00fcksek olur&#8221;<\/strong>&nbsp;dedi.&nbsp;<strong>&#8220;Mersin, k\u00fc\u00e7\u00fck T\u00fcrkiye&#8221;<\/strong>&nbsp;diyerek konu\u015fmas\u0131n\u0131 s\u00fcrd\u00fcren Ba\u015fkan Se\u00e7er,&nbsp;<strong>&#8220;Mersin g\u00fclerse T\u00fcrkiye g\u00fcler. \u00d6v\u00fcnerek s\u00f6yl\u00fcyorum; 2019&#8217;da y\u00f6netime geldikten sonra Mersin g\u00fclen insanlar\u0131n, mutlu insanlar\u0131n, kendini art\u0131k farkl\u0131 ve \u00f6teki g\u00f6rmeyen insanlar\u0131n kenti haline geldi. Bir belediye ba\u015fkan\u0131n\u0131n tek i\u015fi rutin hizmetleri yapmak de\u011fildir. Bir belediye ba\u015fkan\u0131 halk\u0131na g\u00fcven ve mutluluk veremiyorsa, halk\u0131n\u0131n kendini iyi hissetmesini sa\u011flayam\u0131yorsa iyi bir belediye ba\u015fkan\u0131 de\u011fildir&#8221;&nbsp;<\/strong>dedi.<\/p>\n\n\n\n<p>Vatanda\u015flarla kurduklar\u0131 g\u00fcven, birlik ve beraberlik ba\u011f\u0131n\u0131n se\u00e7im sand\u0131\u011f\u0131nda kar\u015f\u0131l\u0131\u011f\u0131n\u0131 buldu\u011funu kaydeden Se\u00e7er,&nbsp;<strong>&#8220;Marifet iltifata tabidir. Biz iltifat\u0131m\u0131z\u0131 1 y\u0131l \u00f6nce se\u00e7im sand\u0131klar\u0131nda ald\u0131k. Onun i\u00e7in sizlere m\u00fcte\u015fekkiriz. Bizi Mersin&#8217;de T\u00fcrkiye rekoruyla tekrar belediye ba\u015fkan\u0131 yapt\u0131n\u0131z. \u0130\u015fte o b\u00fct\u00fcn birlik, beraberlik ve mutlulu\u011fun ortaya \u00e7\u0131kard\u0131\u011f\u0131 bir sonu\u00e7tur.<\/strong>&nbsp;<strong>Bu duygularla sizlere hizmet etmeye devam edece\u011fiz. Bize g\u00fcvenmeye ve inanmaya devam edin. \u00dclkemizi, milletimizi, Mustafa Kemal&#8217;imizi seviyoruz. Bu bayra\u011f\u0131n alt\u0131nda beraber, karde\u015f\u00e7e ya\u015famaktan onur duyuyoruz&#8221;<\/strong>&nbsp;ifadelerini kulland\u0131.<\/p>\n","protected":false},"excerpt":{"rendered":"<p>Mersin B\u00fcy\u00fck\u015fehir Belediyesi&#8217;nin Ramazan ay\u0131 kapsam\u0131nda d\u00fczenledi\u011fi iftar program\u0131nda sofralar bu kez Tarsus&#8217;ta kuruldu. Yeni Mahalle M\u00fccahitler Caddesi Kapal\u0131 Semt Pazar\u0131&#8217;nda kurulan iftar sofras\u0131nda Mersin B\u00fcy\u00fck\u015fehir Belediye Ba\u015fkan\u0131 Vahap Se\u00e7er ve Meral Se\u00e7er de vatanda\u015flara e\u015flik etti.&nbsp; Ba\u015fkan Se\u00e7er ve Meral Se\u00e7er; T\u00fcrkiye Muhtarlar Derne\u011fi Tarsus \u015eube Ba\u015fkan\u0131 Turgay Benli, Tarsus Muhtarlar Derne\u011fi Ba\u015fkan\u0131 R\u0131za [&hellip;]<\/p>\n","protected":false},"author":2,"featured_media":40503,"comment_status":"closed","ping_status":"closed","sticky":false,"template":"","format":"standard","meta":{"footnotes":""},"categories":[3],"tags":[],"class_list":["post-40502","post","type-post","status-publish","format-standard","has-post-thumbnail","hentry","category-manset"],"views":4,"_links":{"self":[{"href":"https:\/\/mersinkadingazetesi.com\/index.php?rest_route=\/wp\/v2\/posts\/40502"}],"collection":[{"href":"https:\/\/mersinkadingazetesi.com\/index.php?rest_route=\/wp\/v2\/posts"}],"about":[{"href":"https:\/\/mersinkadingazetesi.com\/index.php?rest_route=\/wp\/v2\/types\/post"}],"author":[{"embeddable":true,"href":"https:\/\/mersinkadingazetesi.com\/index.php?rest_route=\/wp\/v2\/users\/2"}],"replies":[{"embeddable":true,"href":"https:\/\/mersinkadingazetesi.com\/index.php?rest_route=%2Fwp%2Fv2%2Fcomments&post=40502"}],"version-history":[{"count":1,"href":"https:\/\/mersinkadingazetesi.com\/index.php?rest_route=\/wp\/v2\/posts\/40502\/revisions"}],"predecessor-version":[{"id":40504,"href":"https:\/\/mersinkadingazetesi.com\/index.php?rest_route=\/wp\/v2\/posts\/40502\/revisions\/40504"}],"wp:featuredmedia":[{"embeddable":true,"href":"https:\/\/mersinkadingazetesi.com\/index.php?rest_route=\/wp\/v2\/media\/40503"}],"wp:attachment":[{"href":"https:\/\/mersinkadingazetesi.com\/index.php?rest_route=%2Fwp%2Fv2%2Fmedia&parent=40502"}],"wp:term":[{"taxonomy":"category","embeddable":true,"href":"https:\/\/mersinkadingazetesi.com\/index.php?rest_route=%2Fwp%2Fv2%2Fcategories&post=40502"},{"taxonomy":"post_tag","embeddable":true,"href":"https:\/\/mersinkadingazetesi.com\/index.php?rest_route=%2Fwp%2Fv2%2Ftags&post=40502"}],"curies":[{"name":"wp","href":"https:\/\/api.w.org\/{rel}","templated":true}]}}