{"id":40505,"date":"2025-03-08T22:08:17","date_gmt":"2025-03-08T19:08:17","guid":{"rendered":"https:\/\/mersinkadingazetesi.com\/?p=40505"},"modified":"2025-03-08T22:08:18","modified_gmt":"2025-03-08T19:08:18","slug":"mersin-zirai-don-felaketi-bir-kez-daha-meclis-gundeminde","status":"publish","type":"post","link":"https:\/\/mersinkadingazetesi.com\/?p=40505","title":{"rendered":"Mersin zirai don felaketi bir kez daha Meclis g\u00fcndeminde\u00a0"},"content":{"rendered":"\n<p><strong>DEVA Partisi Genel Ba\u015fkan Yard\u0131mc\u0131s\u0131 ve Mersin Milletvekili Mehmet Emin Ekmen, ge\u00e7ti\u011fimiz haftalarda Mersin\u2019de ya\u015fanan zirai don felaketini bir kez daha T\u00fcrkiye B\u00fcy\u00fck Millet Meclisi (TBMM) g\u00fcndemine ta\u015f\u0131d\u0131.<\/strong><\/p>\n\n\n\n<p>DEVA Partisi Genel Ba\u015fkan Yard\u0131mc\u0131s\u0131 ve Mersin Milletvekili Mehmet Emin Ekmen, TBMM Genel Kurulunda s\u00f6z alarak, Mersin\u2019de ge\u00e7ti\u011fimiz haftalarda ya\u015fanan zirai don felaketini bir kez daha g\u00fcndeme getirdi.<\/p>\n\n\n\n<p><strong>Mersin\u2019deki tar\u0131m \u00fcr\u00fcnleri T\u00fcrkiye\u2019yi besliyor<\/strong><\/p>\n\n\n\n<p>Ekmen, \u201cSe\u00e7im b\u00f6lgem Mersin, sadece b\u00f6lgesel de\u011fil; kom\u015fu iller olan Antalya ve Adana ile birlikte t\u00fcm T\u00fcrkiye\u2019yi besliyor. Bu y\u0131l bu \u00fc\u00e7 ilimizde ge\u00e7ti\u011fimiz hafta b\u00fcy\u00fck bir don felaketi ya\u015fand\u0131. Ziraat Odalar\u0131 Ba\u015fkanlar\u0131m\u0131z\u0131n aktard\u0131\u011f\u0131 bilgilere g\u00f6re, Mersin\u2019de son 50 y\u0131l\u0131n en b\u00fcy\u00fck don felaketi ya\u015fand\u0131 ve bu felaketle birlikte \u00e7ift\u00e7ilerimiz, \u00e7ift\u00e7ilerimizin aileleri peri\u015fan oldu. Gelecek y\u0131l\u0131n meyve \u00e7i\u00e7ekleri dahi kurudu. Sadece bug\u00fcn\u00fc de\u011fil, yar\u0131n\u0131 da etkileyecek ve \u00fclkedeki tar\u0131m sekt\u00f6r\u00fcn\u00fc ilgilendirecek bir olaydan bahsediyoruz\u201d diyerek ya\u015fananlar\u0131n ciddiyetine dikkat \u00e7ekti.<\/p>\n\n\n\n<p><strong>Yetkililer \u00e7ift\u00e7ilerimizin ma\u011fduriyetini gidermeliler<\/strong><\/p>\n\n\n\n<p>Yetkililere tekrar \u00e7a\u011fr\u0131da bulunan Ekmen, \u201cBu alanlar, bir an \u00f6nce yetkililer taraf\u0131ndan incelenmeli. Tar\u0131m Kredi Kooperatifleri Genel M\u00fcd\u00fcr\u00fc Say\u0131n H\u00fcseyin Ayd\u0131n, Ziraat Bankas\u0131 Genel M\u00fcd\u00fcr\u00fc Say\u0131n Alparslan \u00c7akar ile Tar\u0131m ve Orman Bakan\u0131 Say\u0131n \u0130brahim Yumakl\u0131 olaya m\u00fcdahil olarak \u00e7ift\u00e7ilerimizin ma\u011fduriyetini gidermeliler. Ayr\u0131ca bu olay\u0131n, g\u0131da enflasyonuna olas\u0131 etkilerine ili\u015fkin tedbir al\u0131nmal\u0131d\u0131r. \u00c7\u00fcnk\u00fc bu mal tarlada kald\u0131\u011f\u0131 i\u00e7in pazara gelmeyece\u011finden zaten y\u00fcksek olan g\u0131da fiyatlar\u0131 daha da artacakt\u0131r\u201d dedi.<\/p>\n","protected":false},"excerpt":{"rendered":"<p>DEVA Partisi Genel Ba\u015fkan Yard\u0131mc\u0131s\u0131 ve Mersin Milletvekili Mehmet Emin Ekmen, ge\u00e7ti\u011fimiz haftalarda Mersin\u2019de ya\u015fanan zirai don felaketini bir kez daha T\u00fcrkiye B\u00fcy\u00fck Millet Meclisi (TBMM) g\u00fcndemine ta\u015f\u0131d\u0131. DEVA Partisi Genel Ba\u015fkan Yard\u0131mc\u0131s\u0131 ve Mersin Milletvekili Mehmet Emin Ekmen, TBMM Genel Kurulunda s\u00f6z alarak, Mersin\u2019de ge\u00e7ti\u011fimiz haftalarda ya\u015fanan zirai don felaketini bir kez daha g\u00fcndeme [&hellip;]<\/p>\n","protected":false},"author":2,"featured_media":40506,"comment_status":"closed","ping_status":"closed","sticky":false,"template":"","format":"standard","meta":{"footnotes":""},"categories":[3],"tags":[],"class_list":["post-40505","post","type-post","status-publish","format-standard","has-post-thumbnail","hentry","category-manset"],"views":3,"_links":{"self":[{"href":"https:\/\/mersinkadingazetesi.com\/index.php?rest_route=\/wp\/v2\/posts\/40505"}],"collection":[{"href":"https:\/\/mersinkadingazetesi.com\/index.php?rest_route=\/wp\/v2\/posts"}],"about":[{"href":"https:\/\/mersinkadingazetesi.com\/index.php?rest_route=\/wp\/v2\/types\/post"}],"author":[{"embeddable":true,"href":"https:\/\/mersinkadingazetesi.com\/index.php?rest_route=\/wp\/v2\/users\/2"}],"replies":[{"embeddable":true,"href":"https:\/\/mersinkadingazetesi.com\/index.php?rest_route=%2Fwp%2Fv2%2Fcomments&post=40505"}],"version-history":[{"count":1,"href":"https:\/\/mersinkadingazetesi.com\/index.php?rest_route=\/wp\/v2\/posts\/40505\/revisions"}],"predecessor-version":[{"id":40507,"href":"https:\/\/mersinkadingazetesi.com\/index.php?rest_route=\/wp\/v2\/posts\/40505\/revisions\/40507"}],"wp:featuredmedia":[{"embeddable":true,"href":"https:\/\/mersinkadingazetesi.com\/index.php?rest_route=\/wp\/v2\/media\/40506"}],"wp:attachment":[{"href":"https:\/\/mersinkadingazetesi.com\/index.php?rest_route=%2Fwp%2Fv2%2Fmedia&parent=40505"}],"wp:term":[{"taxonomy":"category","embeddable":true,"href":"https:\/\/mersinkadingazetesi.com\/index.php?rest_route=%2Fwp%2Fv2%2Fcategories&post=40505"},{"taxonomy":"post_tag","embeddable":true,"href":"https:\/\/mersinkadingazetesi.com\/index.php?rest_route=%2Fwp%2Fv2%2Ftags&post=40505"}],"curies":[{"name":"wp","href":"https:\/\/api.w.org\/{rel}","templated":true}]}}