{"id":40511,"date":"2025-03-08T22:12:07","date_gmt":"2025-03-08T19:12:07","guid":{"rendered":"https:\/\/mersinkadingazetesi.com\/?p=40511"},"modified":"2025-03-08T22:12:07","modified_gmt":"2025-03-08T19:12:07","slug":"baskan-secer-vatandas-ilk-genel-secimlerde-iktidara-buraya-kadar-artik-senin-miadin-doldu-diyecek","status":"publish","type":"post","link":"https:\/\/mersinkadingazetesi.com\/?p=40511","title":{"rendered":"BA\u015eKAN SE\u00c7ER: &#8220;VATANDA\u015e \u0130LK GENEL SE\u00c7\u0130MLERDE \u0130KT\u0130DARA;\u00a0&#8216;BURAYA KADAR! ARTIK SEN\u0130N M\u0130ADIN DOLDU!&#8217;\u00a0D\u0130YECEK&#8221;"},"content":{"rendered":"\n<p>Mersin B\u00fcy\u00fck\u015fehir Belediye Ba\u015fkan\u0131 Vahap Se\u00e7er, Toroslar \u0130l\u00e7esi Kurdali Mahallesi&#8217;nde yer alan pazar yerini ziyaret ederek, hem pazarc\u0131 esnaf\u0131 hem de yurtta\u015flarla bir araya gelerek talepleri dinleyip, sorunlara kulak verdi.<\/p>\n\n\n\n<p><strong>Se\u00e7er, derinle\u015fen yoksullu\u011fa dikkat \u00e7ekti<\/strong><\/p>\n\n\n\n<p>Se\u00e7er pazar yeri ziyaretinde; \u00fclkedeki derinle\u015fen yoksullu\u011fa tan\u0131kl\u0131k ettiklerini kaydederken,&nbsp; yurtta\u015flar\u0131n da artan fiyatlar kar\u015f\u0131s\u0131nda pazar torbalar\u0131n\u0131 dahi dolduramad\u0131klar\u0131na dikkat \u00e7ekti.&nbsp;\u0130ktidar taraf\u0131ndan y\u0131llard\u0131r uygulanan yanl\u0131\u015f ekonomi politikalar\u0131n\u0131n halk\u0131 yoksullu\u011fa mahkum etti\u011fini vurgulayan Se\u00e7er, Mersin B\u00fcy\u00fck\u015fehir olarak verdikleri sosyal politikalar alan\u0131ndaki hizmetlerle dayan\u0131\u015fmay\u0131 b\u00fcy\u00fcterek, yurtta\u015flar\u0131n yan\u0131nda olmaya devam ettiklerini&nbsp; kaydetti.<\/p>\n\n\n\n<p><strong>Yurtta\u015f, hayat pahal\u0131l\u0131\u011f\u0131ndan \u015fikayet\u00e7i!<\/strong><\/p>\n\n\n\n<p>Se\u00e7er pazar giri\u015finde alk\u0131\u015flar ile kar\u015f\u0131land\u0131. Se\u00e7er&#8217;i kar\u015f\u0131s\u0131nda g\u00f6ren yurtta\u015flar;&nbsp;<strong>&#8220;\u0130yi ki vars\u0131n\u0131z&#8221;&nbsp;<\/strong>dedi. Se\u00e7er yurtta\u015flara;&nbsp;<strong>&#8220;Kolay gelsin, bereketli olsun&#8217;<\/strong>&nbsp;dileklerini iletirken,&nbsp;<strong>&#8220;Hay\u0131rl\u0131 Ramazanlar&#8221;&nbsp;<\/strong>dedi. &#8220;<strong>Hayat pahal\u0131, iftar sofras\u0131n\u0131 nas\u0131l kuraca\u011f\u0131z? Her \u015fey pahal\u0131&#8221;<\/strong>&nbsp;diyerek, yurtta\u015flar\u0131n hayat pahal\u0131l\u0131\u011f\u0131 hakk\u0131ndaki \u015fikayetlerini dinledi.<\/p>\n\n\n\n<p>Pazar esnaf\u0131n\u0131n satt\u0131\u011f\u0131n\u0131 yerine koyamad\u0131\u011f\u0131n\u0131, yurtta\u015flar\u0131n da al\u0131\u015fveri\u015f yapamad\u0131\u011f\u0131n\u0131 dinleyen Se\u00e7er,&nbsp;<strong>&#8220;D\u00fczeni d\u00fczeltmek laz\u0131m. T\u00fcrkiye&#8217;yi de Mersin gibi yapaca\u011f\u0131z&#8221;<\/strong>&nbsp;dedi. Bunu beklediklerini ifade eden yurtta\u015flar, Se\u00e7er&#8217;i alk\u0131\u015flad\u0131. Yurtta\u015flar,&nbsp;<strong>&#8220;Oy istemeye de\u011fil, gezmeye geldiniz. Baz\u0131 ba\u015fkanlar se\u00e7imden se\u00e7ime oy istemeye geliyor. Sizi tebrik ediyoruz&#8221;<\/strong>&nbsp;dediler ve Mersin B\u00fcy\u00fck\u015fehir&#8217;in hizmetlerinden duyduklar\u0131 memnuniyeti ifade ettiler.&nbsp;<strong>&#8220;Hi\u00e7 iyi de\u011filiz, her \u015fey pahal\u0131&#8221;<\/strong>&nbsp;diyen yurtta\u015flara Se\u00e7er de;&nbsp;<strong>&#8220;Bu durumu da deste\u011finizle d\u00fczeltece\u011fiz&#8221;&nbsp;<\/strong>dedi.&nbsp;<strong><em>&#8216;Mersin Seninle Gurur Duyuyor&#8217;<\/em>&nbsp;<\/strong>diye slogan atan yurtta\u015flar, Se\u00e7er&#8217;e yo\u011fun ilgi g\u00f6sterdi.<\/p>\n\n\n\n<p><strong>Ba\u015fkan Se\u00e7er: &#8220;Yanl\u0131\u015f ekonomik politikalar i\u015f\u00e7iyi, emekliyi, \u00e7ift\u00e7iyi unuttu&#8221;<\/strong><\/p>\n\n\n\n<p>Pazar ziyareti sonras\u0131 de\u011ferlendirmelerde bulunan Ba\u015fkan Se\u00e7er, vatanda\u015f\u0131n en b\u00fcy\u00fck sorununun hayat pahal\u0131l\u0131\u011f\u0131 oldu\u011funa dikkat \u00e7ekerek,&nbsp;<strong>&#8220;Hayat \u00e7ok pahal\u0131. \u00d6zellikle sabit gelirliler, emekliler olmak \u00fczere asl\u0131nda toplumun her kesimi bu durumdan \u015fikayet ediyor. Bunun nedeni de T\u00fcrkiye&#8217;de dengeler bozuldu, her \u015fey alt \u00fcst oldu. Bu; d\u00fcnden bug\u00fcne, ak\u015famdan sabaha olan geli\u015fmeler de\u011fil, uzun s\u00fcre gelen yanl\u0131\u015f ekonomik politikalar; i\u015f\u00e7iyi, emekliyi, \u00e7ift\u00e7iyi ve fabrikada \u00e7al\u0131\u015fan\u0131 unuttu. Zengin olan \u00e7ok daha fazla zengin oldu, fakir \u00e7ok daha fazla fakir oldu.<\/strong>&nbsp;<strong>Toplumda gelir da\u011f\u0131l\u0131m\u0131nda makas\u0131n a\u00e7\u0131lmamas\u0131 laz\u0131m, adaletli olmas\u0131 laz\u0131m&#8221;<\/strong>&nbsp;dedi.<\/p>\n\n\n\n<p><strong>&#8220;Sosyal destekler zorunluluk haline geldi&#8221;<\/strong><\/p>\n\n\n\n<p>Mersin&#8217;in gelir da\u011f\u0131l\u0131m\u0131nda adaletsizlik ya\u015fayan \u015fehirler listesinde ilk s\u0131ralarda oldu\u011funu an\u0131msatan Se\u00e7er, Mersin B\u00fcy\u00fck\u015fehir olarak sosyal politikalar\u0131 \u00f6nceleyen bir anlay\u0131\u015fla hizmet ettiklerine vurgu yapt\u0131. Se\u00e7er,&nbsp;<strong>&#8220;Mersin, \u00e7ok kazanan ve a\u00e7l\u0131k s\u0131n\u0131r\u0131n\u0131n alt\u0131nda ya\u015fayan insanlar\u0131n bir arada oldu\u011fu bir \u015fehir. Onun i\u00e7in biz;&nbsp;<em>&#8216;Her alanda vatanda\u015f\u0131n yan\u0131nda olal\u0131m, karn\u0131 a\u00e7sa derdine \u00e7are olal\u0131m&#8217;<\/em>&nbsp;dedik. O nedenle 25 TL&#8217;ye Mahalle Mutfaklar\u0131nda yemek, Halk Ekmek b\u00fcfelerinde 7.5 TL&#8217;ye somun ekmek veriyoruz, insanlara g\u0131da katk\u0131s\u0131 sunuyoruz. Hastas\u0131 varsa evinde bak\u0131yoruz. \u00c7ocuklar\u0131 e\u011fitim al\u0131yorsa y\u0131lda verecek 70-80 bin lira bulamad\u0131klar\u0131 i\u00e7in e\u011fitim merkezleri kuruyoruz. Bizim e\u011fitim merkezlerinde 9 bin \u00e7ocu\u011fumuz \u00fcniversiteye ve liseye haz\u0131rlan\u0131yor. Bu bir gereklili\u011fin d\u0131\u015f\u0131nda zorunluluk haline geldi&#8221;&nbsp;<\/strong>diye konu\u015ftu.<\/p>\n\n\n\n<p><strong>&#8220;Sosyal hizmet b\u00fct\u00e7emizi 1.5 milyar liraya \u00e7\u0131kard\u0131k&#8221;<\/strong><\/p>\n\n\n\n<p>T\u00fcrkiye&#8217;nin i\u00e7inde bulundu\u011fu s\u0131k\u0131nt\u0131l\u0131 ekonomik ko\u015fullar dolay\u0131s\u0131yla sosyal hizmetlere daha fazla b\u00fct\u00e7e ay\u0131rmak zorunda olduklar\u0131n\u0131 s\u00f6zlerine ekleyen Se\u00e7er,&nbsp;<strong>&#8220;Bu ay\u0131rd\u0131\u011f\u0131m\u0131z rakamlar bile bug\u00fcnk\u00fc ekonomik ko\u015fullarda yetersiz kal\u0131yor. Ge\u00e7ti\u011fimiz d\u00f6nem sosyal politikalara 830 milyon lira bir b\u00fct\u00e7e ay\u0131rm\u0131\u015ft\u0131k. Bu y\u0131l bu rakam\u0131 y\u00fczde 80 art\u0131rarak 1.5 milyar lira yapt\u0131k.&nbsp;<em>&#8216;Bu y\u0131l derin yoksulluk ya\u015fan\u0131yor. \u0130nsanlar\u0131n bize daha fazla ihtiyac\u0131 var. B\u00fct\u00e7emizi daha fazla yapal\u0131m&#8217;<\/em>&nbsp;dedik ve b\u00f6yle yapt\u0131k. B\u00f6yle de devam edecek. Bizim i\u00e7in esas olan vatanda\u015f\u0131n mutlulu\u011fu, huzuru, karn\u0131n\u0131n doymas\u0131, ac\u0131s\u0131 varsa dinmesi ve evinde huzurlu ya\u015famas\u0131&#8221;<\/strong>&nbsp;dedi.<\/p>\n\n\n\n<p><strong>&#8220;Bu y\u0131l&nbsp;<em>&#8216;Aile Y\u0131l\u0131&#8217;<\/em>&nbsp;ilan edildi, ironi gibi bir durum&#8221;<\/strong><\/p>\n\n\n\n<p>Se\u00e7er, insanlar\u0131n huzursuz oldu\u011funu ve s\u0131k\u0131nt\u0131l\u0131 s\u00fcre\u00e7lerden ge\u00e7ti\u011fini ifade ederek,&nbsp;<strong>&#8220;\u00c7ok b\u00fcy\u00fck sorunlar var. \u0130nsanlar\u0131n \u00e7ocuklar\u0131yla, kad\u0131nlar\u0131n e\u015fleriyle sorunlar\u0131 var. Bug\u00fcn D\u00fcnya Kad\u0131nlar G\u00fcn\u00fc. Kad\u0131nlara bir dokunun bin ah i\u015fitiyorsunuz. B\u00fct\u00fcn sorunlar kad\u0131nlar\u0131n \u00fczerine y\u00fcklenmi\u015f. Evin erke\u011fi ya i\u015f bulam\u0131yor ya buldu\u011fu i\u015fte yeterli gelir elde edemiyor. Ailesine yeterince katk\u0131 yapam\u0131yor, aile d\u00fczeni bozuluyor ama h\u00fck\u00fcmet bu y\u0131l\u0131&nbsp;<em>&#8216;Aile Y\u0131l\u0131&#8217;<\/em>&nbsp;ilan etmi\u015f. \u0130roni gibi bir durum&#8221;&nbsp;<\/strong>diye konu\u015ftu.&nbsp;<strong>&#8220;Pazarda normal olan hi\u00e7bir \u015fey yok. Her \u015fey anormal&#8221;&nbsp;<\/strong>diyerek konu\u015fmas\u0131n\u0131 s\u00fcrd\u00fcren ve hayat pahal\u0131l\u0131\u011f\u0131n\u0131n derinden hissedildi\u011fine dikkat \u00e7eken Se\u00e7er,&nbsp;<strong>&#8220;Vatanda\u015f da burada, biz siyasiler de buraday\u0131z. Ger\u00e7ekten siyasi olarak kendi ad\u0131ma utanm\u0131yorum. Kendi ad\u0131ma ve belediyem ad\u0131na utanacak hi\u00e7bir \u015feyim yok. Mevcut kaynaklar\u0131 en ak\u0131lc\u0131 \u015fekilde kullanarak biz zaten Mersin halk\u0131na hizmet ediyoruz ve vatanda\u015f\u0131n yan\u0131nday\u0131z&#8221;&nbsp;<\/strong>dedi.<\/p>\n\n\n\n<p><strong>&#8220;Devletin \u00e7ivisi \u00e7\u0131km\u0131\u015f, kurumlar i\u015flemez hale gelmi\u015f&#8221;<\/strong><\/p>\n\n\n\n<p>Vatanda\u015f\u0131n kar\u015f\u0131s\u0131na \u00e7\u0131kacak y\u00fcz\u00fc olduklar\u0131 i\u00e7in s\u0131k s\u0131k halk\u0131n i\u00e7inde ve onlarla birlikte olduklar\u0131na da dikkat \u00e7eken Se\u00e7er,&nbsp;<strong>&#8220;Vatanda\u015fla biz bir aile olduk ve abi-karde\u015f gibiyiz, bir araday\u0131z. \u00c7\u00fcnk\u00fc onlar da biliyor ve diyorlar ki ki;&nbsp;<em>&#8216;Bizim derdimize Mersin B\u00fcy\u00fck\u015fehir Belediyesi yeti\u015fiyor, her zaman onlar\u0131 bulabiliyoruz, ula\u015fabiliyoruz, derdimizi anlatabiliyoruz.&#8217;<\/em>&nbsp;Ama devletin \u00e7ivisi \u00e7\u0131km\u0131\u015f, kurumlar i\u015flemez hale gelmi\u015f. Vatanda\u015fla diyalo\u011fu ve g\u00f6n\u00fcl ba\u011f\u0131 kesilmi\u015f&#8221;&nbsp;<\/strong>diye belirtti.<\/p>\n\n\n\n<p><strong>&#8220;Vatanda\u015f ilk genel se\u00e7imlerde iktidara;&nbsp;<em>&#8216;Buraya kadar! Art\u0131k senin miad\u0131n doldu!&#8217;&nbsp;<\/em>diyecek&#8221;<\/strong><\/p>\n\n\n\n<p>Bu durumun yans\u0131malar\u0131n\u0131 da ilk se\u00e7imlerde g\u00f6receklerini vurgulayan Se\u00e7er, 31 Mart se\u00e7imlerinin de bunun bir i\u015fareti oldu\u011funa de\u011finerek,&nbsp;<strong>&#8220;Vatanda\u015f bir i\u015faret verdi, bir i\u015faret fi\u015fe\u011fi f\u0131rlatt\u0131 ve&nbsp;<em>&#8216;Bak sen yanl\u0131\u015f yap\u0131yorsun, bu \u00fclkeyi yanl\u0131\u015f y\u00f6netiyorsun. Biz a\u00e7l\u0131k ve sefalet ya\u015f\u0131yoruz. Bizim huzurumuz kalmad\u0131&#8217;<\/em>&nbsp;dedi. Onun i\u00e7in Cumhuriyet Halk Partisi&#8217;ne y\u00f6neldi. Vatanda\u015f bir \u00e7\u0131k\u0131\u015f ar\u0131yor. G\u00f6receksiniz, e\u011fer bu \u015fekilde devam ederse vatanda\u015f ilk genel se\u00e7imlerde zaten iktidara;&nbsp;<em>&#8216;Buraya kadar! Art\u0131k senin miad\u0131n doldu! Yeni kadrolar ve yeni anlay\u0131\u015flar gelsin&#8217;<\/em>&nbsp;diyerek, Cumhuriyet Halk Partisi&#8217;ne destek verecek&#8221;&nbsp;<\/strong>dedi.<\/p>\n\n\n\n<p><strong>&#8220;Nas\u0131l Mersin&#8217;in insanlar\u0131n\u0131 mutlu ettiysek; T\u00fcrkiye insan\u0131n\u0131n da y\u00fcz\u00fcn\u00fc g\u00fcld\u00fcrece\u011fiz&#8221;<\/strong><\/p>\n\n\n\n<p>Kentleri iyi y\u00f6neteceklerinin ve \u00e7ok daha g\u00fczel hizmetler yapacaklar\u0131n\u0131n da alt\u0131n\u0131 \u00e7izen Se\u00e7er,&nbsp;<strong>&#8220;400&#8217;den fazla belediyemiz var. Bu belediyeler gece-g\u00fcnd\u00fcz \u00e7al\u0131\u015facak, halk\u0131n yan\u0131nda olacak ve halk\u0131n g\u00fcvenini kazanacak. O zaman g\u00f6receksiniz ki iktidar da beraberinde gelecek. Bizim iktidar\u0131m\u0131zda b\u00fct\u00fcn bu olumsuzluklar d\u00fczelecek. Nas\u0131l Mersin&#8217;i g\u00fczelle\u015ftirip, insanlar\u0131n\u0131 mutlu ettiysek; T\u00fcrkiye&#8217;yi de g\u00fczelle\u015ftirece\u011fiz, T\u00fcrkiye insan\u0131n\u0131n da y\u00fcz\u00fcn\u00fc g\u00fcld\u00fcrece\u011fiz&#8221;&nbsp;<\/strong>ifadeleriyle s\u00f6zlerine son verdi.<\/p>\n\n\n\n<p>Vatanda\u015flarla sohbet eden Se\u00e7er, gelen talepleri de not ald\u0131rd\u0131. Ziyarette ayr\u0131ca B\u00fcy\u00fck\u015fehir Belediyesi personeli taraf\u0131ndan yurtta\u015flara pazar \u00e7antas\u0131, \u00e7ocuklara da oyuncak da\u011f\u0131t\u0131m\u0131 yap\u0131ld\u0131. Se\u00e7er, pazar yeri ziyaretinin ard\u0131ndan ise Kurdali Mahalle Muhtar\u0131 Abdullah \u0130nan&#8217;\u0131n vefat eden kuzeni Birg\u00fcl \u0130nan&#8217;\u0131n, Mersin B\u00fcy\u00fck\u015fehir Belediyesi Kurdali Sosyal Ya\u015fam Merkezi&#8217;nde d\u00fczenlenen taziyesine kat\u0131ld\u0131, \u0130nan&#8217;\u0131n ailesine ve sevenlerine ba\u015f sa\u011fl\u0131\u011f\u0131 dileklerini iletti.<\/p>\n","protected":false},"excerpt":{"rendered":"<p>Mersin B\u00fcy\u00fck\u015fehir Belediye Ba\u015fkan\u0131 Vahap Se\u00e7er, Toroslar \u0130l\u00e7esi Kurdali Mahallesi&#8217;nde yer alan pazar yerini ziyaret ederek, hem pazarc\u0131 esnaf\u0131 hem de yurtta\u015flarla bir araya gelerek talepleri dinleyip, sorunlara kulak verdi. Se\u00e7er, derinle\u015fen yoksullu\u011fa dikkat \u00e7ekti Se\u00e7er pazar yeri ziyaretinde; \u00fclkedeki derinle\u015fen yoksullu\u011fa tan\u0131kl\u0131k ettiklerini kaydederken,&nbsp; yurtta\u015flar\u0131n da artan fiyatlar kar\u015f\u0131s\u0131nda pazar torbalar\u0131n\u0131 dahi dolduramad\u0131klar\u0131na dikkat [&hellip;]<\/p>\n","protected":false},"author":2,"featured_media":40512,"comment_status":"closed","ping_status":"closed","sticky":false,"template":"","format":"standard","meta":{"footnotes":""},"categories":[3,5],"tags":[],"class_list":["post-40511","post","type-post","status-publish","format-standard","has-post-thumbnail","hentry","category-manset","category-mersin"],"views":4,"_links":{"self":[{"href":"https:\/\/mersinkadingazetesi.com\/index.php?rest_route=\/wp\/v2\/posts\/40511"}],"collection":[{"href":"https:\/\/mersinkadingazetesi.com\/index.php?rest_route=\/wp\/v2\/posts"}],"about":[{"href":"https:\/\/mersinkadingazetesi.com\/index.php?rest_route=\/wp\/v2\/types\/post"}],"author":[{"embeddable":true,"href":"https:\/\/mersinkadingazetesi.com\/index.php?rest_route=\/wp\/v2\/users\/2"}],"replies":[{"embeddable":true,"href":"https:\/\/mersinkadingazetesi.com\/index.php?rest_route=%2Fwp%2Fv2%2Fcomments&post=40511"}],"version-history":[{"count":1,"href":"https:\/\/mersinkadingazetesi.com\/index.php?rest_route=\/wp\/v2\/posts\/40511\/revisions"}],"predecessor-version":[{"id":40513,"href":"https:\/\/mersinkadingazetesi.com\/index.php?rest_route=\/wp\/v2\/posts\/40511\/revisions\/40513"}],"wp:featuredmedia":[{"embeddable":true,"href":"https:\/\/mersinkadingazetesi.com\/index.php?rest_route=\/wp\/v2\/media\/40512"}],"wp:attachment":[{"href":"https:\/\/mersinkadingazetesi.com\/index.php?rest_route=%2Fwp%2Fv2%2Fmedia&parent=40511"}],"wp:term":[{"taxonomy":"category","embeddable":true,"href":"https:\/\/mersinkadingazetesi.com\/index.php?rest_route=%2Fwp%2Fv2%2Fcategories&post=40511"},{"taxonomy":"post_tag","embeddable":true,"href":"https:\/\/mersinkadingazetesi.com\/index.php?rest_route=%2Fwp%2Fv2%2Ftags&post=40511"}],"curies":[{"name":"wp","href":"https:\/\/api.w.org\/{rel}","templated":true}]}}