{"id":40520,"date":"2025-03-09T10:56:55","date_gmt":"2025-03-09T07:56:55","guid":{"rendered":"https:\/\/mersinkadingazetesi.com\/?p=40520"},"modified":"2025-03-09T10:56:56","modified_gmt":"2025-03-09T07:56:56","slug":"kadinlarin-nesesi-ve-enerjisi-sahilden-tum-mersine-yayildi","status":"publish","type":"post","link":"https:\/\/mersinkadingazetesi.com\/?p=40520","title":{"rendered":"KADINLARIN NE\u015eES\u0130 VE ENERJ\u0130S\u0130 SAH\u0130LDEN T\u00dcM MERS\u0130N&#8217;E YAYILDI"},"content":{"rendered":"\n<p>Mersin B\u00fcy\u00fck\u015fehir Belediyesi; kad\u0131nlar\u0131n e\u015fitlik, adalet, hak ve hukuk m\u00fccadelesini anlatmak ve fark\u0131ndal\u0131k yaratmak amac\u0131yla d\u00fcnyan\u0131n pek \u00e7ok \u00fclkesinde kutlanan&nbsp;<strong>&#8216;8 Mart D\u00fcnya Emek\u00e7i Kad\u0131nlar G\u00fcn\u00fc&#8217;&nbsp;<\/strong>dolay\u0131s\u0131yla dopdolu bir etkinlik takvimi d\u00fczenledi. Kad\u0131n ve Aile Hizmetleri Dairesi Ba\u015fkanl\u0131\u011f\u0131 koordinesinde&nbsp;<strong><em>&#8216;Kad\u0131n\u0131n Her \u0130\u015fe Hakk\u0131 Var, Her \u0130\u015fte Eme\u011fi Var&#8217;<\/em>&nbsp;<\/strong>slogan\u0131yla Galatasaray Meydan\u0131&#8217;nda ger\u00e7ekle\u015ftirilen etkinliklerde B\u00fcy\u00fck\u015fehir, \u00fcretici kad\u0131n stantlar\u0131ndan at\u00f6lyelere konserden seminere var\u0131ncaya kadar g\u00fcn boyu keyifli etkinliklere ev sahipli\u011fi yapt\u0131.<\/p>\n\n\n\n<p>G\u00fcn\u00fcn erken saatlerinde ba\u015flayan programda ilk olarak, Tarsus&#8217;a De\u011fer Katanlar (TADEKA) Kad\u0131n Ritim Grubu sahne al\u0131rken etkinlik, erbane ve darbuka \u00e7alan kad\u0131n toplulu\u011funun olu\u015fturdu\u011fu Bisikletli Kad\u0131nlar Amat\u00f6r Ritim Grubu konseri ile devam etti. Hep birlikte kad\u0131n \u015fark\u0131lar\u0131n\u0131 \u00f6zg\u00fcrce ve y\u00fcksek sesle s\u00f6yleyen kad\u0131nlar g\u00f6n\u00fcllerince dans edip halaylar \u00e7ekti.&nbsp;&nbsp;Yeliz G\u00fczel ile Reng Ahenk Grubu&#8217;nun ard\u0131ndan, g\u00fcnd\u00fczleri ba\u011f bah\u00e7ede ak\u015famlar\u0131 ise t\u00fcrk\u00fc dolu d\u00fcnyan\u0131n kap\u0131lar\u0131n\u0131 aralayan Mut&#8217;un \u00c7ukurba\u011f K\u00f6y\u00fc&#8217;nde ya\u015fayan kad\u0131nlar\u0131n olu\u015fturdu\u011fu koro sahne ald\u0131. G\u00fcn\u00fcn ilerleyen saatlerinde pop ve 90&#8217;lar kar\u0131\u015f\u0131k repertuar\u0131 ile sahne alan B\u00fcy\u00fck\u015fehir Belediyesi Kent Orkestras\u0131 ise dinleyenlere e\u011flenceli dakikalar ya\u015fatt\u0131.<\/p>\n\n\n\n<p>Etkinlikte, kad\u0131nlar\u0131n i\u015f hayat\u0131na kat\u0131l\u0131m\u0131n\u0131 te\u015fvik etmek ve ekonomik ba\u011f\u0131ms\u0131zl\u0131klar\u0131n\u0131 kazanmalar\u0131na destek olmak amac\u0131yla kent genelinde kurulan \u00fcretici stantlar\u0131 da yer ald\u0131. Kad\u0131n eme\u011fi ile \u00fcretilen pek \u00e7ok \u00fcr\u00fcn\u00fcn yan\u0131 s\u0131ra oda, vak\u0131f, birlik ve pek \u00e7ok kad\u0131n dernek temsilcileri stantlarda yer alarak psikolojik, sosyal, hukuk gibi kad\u0131nlar\u0131n ihtiya\u00e7 duyduklar\u0131 alanlarda ba\u015fvurabilecekleri meslekler hakk\u0131nda kad\u0131nlara bilgilendirmeler yapt\u0131. \u00c7ocuklar\u0131n da g\u00fcn\u00fc ne\u015fe i\u00e7inde ge\u00e7irmesi i\u00e7in boyama at\u00f6lyesi d\u00fczenlendi.<\/p>\n\n\n\n<p><strong>Kad\u0131nlar, g\u00fcn\u00fc b\u00fcy\u00fck bir co\u015fku ve birliktelik i\u00e7inde ge\u00e7irdi<\/strong><\/p>\n\n\n\n<p>Etkinli\u011fin bir di\u011fer adresi ise; B\u00fcy\u00fck\u015fehir Belediyesi Nikah ve Etkinlik Salonu&#8217;nda Kad\u0131n ve Aile Hizmetleri Dairesi Ba\u015fkanl\u0131\u011f\u0131 ve Kad\u0131n Adaylar\u0131 Destekleme Derne\u011fi (KA.DER) i\u015f birli\u011finde ger\u00e7ekle\u015ftirilen&nbsp;<strong>&#8216;Kad\u0131n\u0131n \u0130nsan Haklar\u0131&#8217;<\/strong>&nbsp;konulu semineri oldu. Avukat Fatma Demircio\u011flu seminerde; kad\u0131n haklar\u0131n\u0131n neler oldu\u011fu, evlenme, bo\u015fanma gibi durumlarda hangi haklara sahip olabilece\u011fi ve tarihsel s\u00fcre\u00e7te kad\u0131n haklar\u0131n\u0131n geli\u015fimi \u00fczerine kat\u0131l\u0131mc\u0131lar\u0131 bilgilendirdi. Mersinden Kad\u0131n Kooperatifi Y\u00f6netim Kurulu Ba\u015fkan\u0131 Meral Se\u00e7er de etkinli\u011fe kat\u0131larak kad\u0131nlarla birlikte semineri dinledi.<\/p>\n\n\n\n<p>Etkinlikte, kad\u0131nlar\u0131n hayat\u0131n her alan\u0131nda e\u015fit f\u0131rsatlara sahip olmas\u0131 gerekti\u011fi mesaj\u0131 verilirken, kad\u0131nlar\u0131n g\u00fc\u00e7l\u00fc ve dayan\u0131\u015fma dolu anlar\u0131 herkes i\u00e7in umut, e\u015fitlik ve \u00f6zg\u00fcrl\u00fck m\u00fccadelesine olan ba\u011fl\u0131l\u0131klar\u0131n\u0131 bir kez daha g\u00f6zler \u00f6n\u00fcne serdi.<\/p>\n\n\n\n<p><strong>Se\u00e7er: &#8220;Bir arada olmaya devam ettik\u00e7e kad\u0131n g\u00fcc\u00fcn\u00fc t\u00fcm T\u00fcrkiye&#8217;ye yaymaya devam edece\u011fiz&#8221;<\/strong><\/p>\n\n\n\n<p>Mersinden Kad\u0131n Kooperatifi Y\u00f6netim Kurulu Ba\u015fkan\u0131 Meral Se\u00e7er; s\u00f6zde de\u011fil, \u00f6zde icraatlar\u0131 ile B\u00fcy\u00fck\u015fehir&#8217;in hayat\u0131n her alan\u0131nda kad\u0131nlar\u0131n g\u00f6r\u00fcn\u00fcrl\u00fc\u011f\u00fcn\u00fc art\u0131rd\u0131\u011f\u0131n\u0131, bunu say\u0131sal verilerle g\u00f6rmekten dolay\u0131 da olduk\u00e7a mutlu ve umutlu oldu\u011funu dile getirdi. Se\u00e7er,&nbsp;<strong>&#8220;Mersin&#8217;i T\u00fcrkiye&#8217;nin k\u00fc\u00e7\u00fck bir \u00f6zeti gibi kabul edersek, burada olan g\u00fcc\u00fcn t\u00fcm T\u00fcrkiye&#8217;de de oldu\u011funu d\u00fc\u015f\u00fcnebiliriz. Umudum; bu say\u0131lar\u0131n artmas\u0131. En \u00f6nemlisi ise, kad\u0131nlar\u0131n ekonomik, sosyal, k\u00fclt\u00fcrel her alanda var olma iste\u011finin fazla olmas\u0131 ve STK&#8217;lar\u0131n bu konuda \u00e7ok g\u00fc\u00e7l\u00fc olmas\u0131. Bizim do\u011fdu\u011fumuz topraklar Anadolu topraklar\u0131. Kad\u0131nlar bu co\u011frafyada \u00e7ok g\u00fc\u00e7l\u00fc. Bizler bir arada oldu\u011fumuz ve olmaya devam etti\u011fimiz m\u00fcddet\u00e7e de bu g\u00fczel \u00f6rnekleri t\u00fcm T\u00fcrkiye&#8217;ye yayaca\u011f\u0131m\u0131z\u0131 d\u00fc\u015f\u00fcn\u00fcyorum<\/strong>.&nbsp;<strong>T\u00fcm emek\u00e7i kad\u0131nlar\u0131n&nbsp;<em>&#8216;D\u00fcnya Kad\u0131nlar G\u00fcn\u00fc&#8217;<\/em>&nbsp;kutlu olsun&#8221;&nbsp;<\/strong>ifadelerine yer verdi.<\/p>\n\n\n\n<p><strong>Dokucu: &#8220;Sadece 8 Mart&#8217;ta de\u011fil y\u0131l boyunca kad\u0131n\u0131 \u00f6nceleyen \u00e7al\u0131\u015fmalar yap\u0131yoruz&#8221;<\/strong><\/p>\n\n\n\n<p><strong>&#8216;8 Mart D\u00fcnya Emek\u00e7i Kad\u0131nlar G\u00fcn\u00fc&#8217;<\/strong>&nbsp;kapsam\u0131nda Mersin&#8217;de faaliyet g\u00f6steren t\u00fcm kad\u0131n STK ve dernek temsilcileri ile bir araya gelerek, etkinlik d\u00fczenlediklerini belirten B\u00fcy\u00fck\u015fehir Belediyesi Kad\u0131n ve Aile Hizmetleri Dairesi Ba\u015fkan\u0131 \u015eerife Haso\u011flu Dokucu ise,&nbsp;<strong>&#8220;Etkinli\u011fimizde, \u00fcretici kad\u0131n stantlar\u0131 yer ald\u0131. Bizim yerel topluluklar\u0131m\u0131zdan olu\u015fan ritim gruplar\u0131m\u0131z konser verdi ve \u015fark\u0131lar s\u00f6yledik. Bilgilendirmeler yap\u0131ld\u0131, m\u00fczikler \u00e7al\u0131nd\u0131, seminerimizi dinledik. Biz, Kad\u0131n ve Aile Hizmetleri Dairesi olarak ortak bir kat\u0131l\u0131mc\u0131 anlay\u0131\u015fla STK&#8217;larla devaml\u0131 \u00e7al\u0131\u015ft\u0131\u011f\u0131m\u0131z i\u00e7in hemen hemen her g\u00fcn kentin bir noktas\u0131nda etkinlikler d\u00fczenliyoruz. Dolay\u0131s\u0131yla bu canl\u0131l\u0131\u011f\u0131 biz her zaman ya\u015f\u0131yoruz ama 8 Mart&#8217;ta bunu daha yo\u011fun ya\u015famak i\u00e7in bir araya geldik. Kad\u0131n ve \u00e7ocuk etkinliklerimiz birbirini destekleyen bir \u015fekilde devam ediyor&#8221;<\/strong>&nbsp;dedi. Sal\u0131 g\u00fcnleri Yo\u011furt Pazar\u0131&#8217;nda, Cumartesi g\u00fcnleri Tarsus K\u00fclt\u00fcr Park&#8217;ta, Pazar g\u00fcnleri \u00d6t\u00fcken Park&#8217;ta, zaman zaman Erdemli ve Silifke&#8217;de, Mut Ta\u015fhan&#8217;da her g\u00fcn, Ayd\u0131nc\u0131k&#8217;ta ise k\u0131sa s\u00fcrede yeniden ba\u015flayacaklar\u0131n\u0131 s\u00f6zlerine ekleyen Dokucu,&nbsp;<strong>&#8220;Hemen hemen her g\u00fcn kentin bir noktas\u0131nda bu etkinliklerimiz mutlaka oluyor&#8221;<\/strong>&nbsp;ifadelerini kulland\u0131.<\/p>\n\n\n\n<p><strong>Sahilin her yan\u0131n\u0131 kad\u0131n ne\u015fesi ve enerjisi sard\u0131<\/strong><\/p>\n\n\n\n<p>Etkinli\u011fe Adana&#8217;dan kat\u0131lan \u015eebnem Seydialio\u011flu,&nbsp;<strong>&#8220;\u00c7ok ho\u015fuma gitti, \u00e7ok memnun kald\u0131m. Vahap Ba\u015fkan\u0131 y\u0131llard\u0131r g\u00f6r\u00fcyoruz. Daha \u00f6nce de kad\u0131nlar\u0131n toprakla bulu\u015ftu\u011fu bir etkinlik yapm\u0131\u015ft\u0131. O da \u00e7ok ho\u015fuma gitmi\u015fti&#8221;&nbsp;<\/strong>dedi.<\/p>\n\n\n\n<p>Vatanda\u015flardan Hatice Y\u0131lmaz ise,<strong>&nbsp;&#8220;B\u00f6yle s\u00fcper bir havada kad\u0131nlar i\u00e7in etkinlik d\u00fczenlenmesi \u00e7ok g\u00fczeldi. Biz her zaman Ba\u015fkan\u0131m\u0131zla beraberiz. Ben 23 senedir Mersin&#8217;deyim ve Ba\u015fkan\u0131m\u0131zla birlikte \u00e7ok b\u00fcy\u00fck de\u011fi\u015fimler var. Ba\u015fkan\u0131m\u0131z kad\u0131nlara hep destek veriyor. Sabah sporuna s\u00fcrekli kat\u0131l\u0131yorum. Hocalar\u0131m\u0131z e\u015fli\u011finde spor yap\u0131yoruz. Daha g\u00fc\u00e7l\u00fc hissediyorum. Arkam\u0131zda birilerinin oldu\u011funu bilmek g\u00fczel&#8221;<\/strong>&nbsp;\u015feklinde konu\u015ftu.<\/p>\n\n\n\n<p>Etkinli\u011fe annesi ile birlikte kat\u0131lan Sultan Kazan,&nbsp;<strong>&#8220;Bize b\u00fct\u00fcn hayat\u0131 kad\u0131nlar \u00f6\u011fretiyor. Belediyemiz \u00e7ok g\u00fczel bir etkinlik yapm\u0131\u015f, bunun i\u00e7in Ba\u015fkan\u0131m\u0131za te\u015fekk\u00fcr ederiz&#8221;<\/strong>&nbsp;diye konu\u015ftu.<\/p>\n\n\n\n<p>B\u00fcy\u00fck\u015fehir&#8217;in t\u00fcm etkinlikleri ka\u00e7\u0131rmadan takip etti\u011fini s\u00f6yleyen Saadet Sever, de&nbsp;<strong>&#8220;Ba\u015fkan\u0131m\u0131z Vahap Se\u00e7er kad\u0131nlar\u0131 \u00e7ok d\u00fc\u015f\u00fcn\u00fcyor ve onlar i\u00e7in elinden ne gelirse yap\u0131yor. Kad\u0131nlarla bir arada olmaktan \u00e7ok mutlu ve memnunum. B\u00fct\u00fcn emek\u00e7i kad\u0131nlarla gurur duyuyorum. Emek\u00e7i kad\u0131nlar\u0131n \u00fcretim yapmalar\u0131 ve bunlardan gelir elde etmelerinden \u00e7ok memnunum. Hepsinin \u00e7ok sa\u011fl\u0131kl\u0131, g\u00fcvenli ve kolay ula\u015f\u0131labilir oldu\u011funu d\u00fc\u015f\u00fcn\u00fcyorum&#8221;&nbsp;<\/strong>ifadelerine yer verdi.<\/p>\n\n\n\n<p>\u00dcretici kad\u0131n stantlar\u0131nda sat\u0131\u015f yapan M\u00fcge Erdin&nbsp;<strong>&#8220;S\u0131k s\u0131k \u00fcretici stantlar\u0131nda yer al\u0131yorum ve bundan b\u00fcy\u00fck mutluluk duyuyorum. Ba\u015fkan\u0131m\u0131z kad\u0131nlara b\u00fcy\u00fck bir \u00f6ncelik tan\u0131yor ve ben daha \u00f6nce b\u00f6yle bir \u015fey duymad\u0131m. Kad\u0131nlarla beraber olmaktan mutluluk duyuyoruz ve birbirimize g\u00fc\u00e7 veriyoruz&#8221;&nbsp;<\/strong>dedi.<\/p>\n","protected":false},"excerpt":{"rendered":"<p>Mersin B\u00fcy\u00fck\u015fehir Belediyesi; kad\u0131nlar\u0131n e\u015fitlik, adalet, hak ve hukuk m\u00fccadelesini anlatmak ve fark\u0131ndal\u0131k yaratmak amac\u0131yla d\u00fcnyan\u0131n pek \u00e7ok \u00fclkesinde kutlanan&nbsp;&#8216;8 Mart D\u00fcnya Emek\u00e7i Kad\u0131nlar G\u00fcn\u00fc&#8217;&nbsp;dolay\u0131s\u0131yla dopdolu bir etkinlik takvimi d\u00fczenledi. Kad\u0131n ve Aile Hizmetleri Dairesi Ba\u015fkanl\u0131\u011f\u0131 koordinesinde&nbsp;&#8216;Kad\u0131n\u0131n Her \u0130\u015fe Hakk\u0131 Var, Her \u0130\u015fte Eme\u011fi Var&#8217;&nbsp;slogan\u0131yla Galatasaray Meydan\u0131&#8217;nda ger\u00e7ekle\u015ftirilen etkinliklerde B\u00fcy\u00fck\u015fehir, \u00fcretici kad\u0131n stantlar\u0131ndan at\u00f6lyelere konserden [&hellip;]<\/p>\n","protected":false},"author":2,"featured_media":40521,"comment_status":"closed","ping_status":"closed","sticky":false,"template":"","format":"standard","meta":{"footnotes":""},"categories":[34,1,3,5],"tags":[],"class_list":["post-40520","post","type-post","status-publish","format-standard","has-post-thumbnail","hentry","category-flas-haber","category-genel","category-manset","category-mersin"],"views":11,"_links":{"self":[{"href":"https:\/\/mersinkadingazetesi.com\/index.php?rest_route=\/wp\/v2\/posts\/40520"}],"collection":[{"href":"https:\/\/mersinkadingazetesi.com\/index.php?rest_route=\/wp\/v2\/posts"}],"about":[{"href":"https:\/\/mersinkadingazetesi.com\/index.php?rest_route=\/wp\/v2\/types\/post"}],"author":[{"embeddable":true,"href":"https:\/\/mersinkadingazetesi.com\/index.php?rest_route=\/wp\/v2\/users\/2"}],"replies":[{"embeddable":true,"href":"https:\/\/mersinkadingazetesi.com\/index.php?rest_route=%2Fwp%2Fv2%2Fcomments&post=40520"}],"version-history":[{"count":1,"href":"https:\/\/mersinkadingazetesi.com\/index.php?rest_route=\/wp\/v2\/posts\/40520\/revisions"}],"predecessor-version":[{"id":40522,"href":"https:\/\/mersinkadingazetesi.com\/index.php?rest_route=\/wp\/v2\/posts\/40520\/revisions\/40522"}],"wp:featuredmedia":[{"embeddable":true,"href":"https:\/\/mersinkadingazetesi.com\/index.php?rest_route=\/wp\/v2\/media\/40521"}],"wp:attachment":[{"href":"https:\/\/mersinkadingazetesi.com\/index.php?rest_route=%2Fwp%2Fv2%2Fmedia&parent=40520"}],"wp:term":[{"taxonomy":"category","embeddable":true,"href":"https:\/\/mersinkadingazetesi.com\/index.php?rest_route=%2Fwp%2Fv2%2Fcategories&post=40520"},{"taxonomy":"post_tag","embeddable":true,"href":"https:\/\/mersinkadingazetesi.com\/index.php?rest_route=%2Fwp%2Fv2%2Ftags&post=40520"}],"curies":[{"name":"wp","href":"https:\/\/api.w.org\/{rel}","templated":true}]}}