{"id":40523,"date":"2025-03-09T15:03:43","date_gmt":"2025-03-09T12:03:43","guid":{"rendered":"https:\/\/mersinkadingazetesi.com\/?p=40523"},"modified":"2025-03-09T15:03:43","modified_gmt":"2025-03-09T12:03:43","slug":"baskan-yildiz-toroslara-kadin-eli-degiyor","status":"publish","type":"post","link":"https:\/\/mersinkadingazetesi.com\/?p=40523","title":{"rendered":"BA\u015eKAN YILDIZ: TOROSLAR&#8217;A KADIN EL\u0130 DE\u011e\u0130YOR"},"content":{"rendered":"\n<p>Toroslar Belediyesi ile Toroslar Kent Konseyinin d\u00fczenledi\u011fi D\u00fcnya Emek\u00e7i Kad\u0131nlar G\u00fcn\u00fc Fark\u0131ndal\u0131k etkinli\u011fi y\u00fczlerce kad\u0131n\u0131 bir araya getirdi. Kad\u0131nlar geri d\u00f6n\u00fc\u015f\u00fcmden resme, m\u00fczikten k\u0131yafet tasar\u0131m\u0131na kadar bir\u00e7ok alanda \u00fcr\u00fcnleriyle, emekleriyle etkinli\u011fe renk katt\u0131.<\/p>\n\n\n\n<p>D\u00fcnya Emek\u00e7i Kad\u0131nlar G\u00fcn\u00fc Fark\u0131ndal\u0131k etkinli\u011fi Yunus Emre K\u00fclt\u00fcr Merkezinde yap\u0131ld\u0131. Etkinli\u011fin a\u00e7\u0131l\u0131\u015f\u0131nda konu\u015fan Toroslar Kent Konseyi Ba\u015fkan\u0131 Sevgi Alt\u0131n\u00f6z \u00c7etin, &#8220;Bir tekstil hikayesi ad\u0131n\u0131 verdi\u011fimiz bu \u00f6zel g\u00fcnde istedik ki, kutlamadan ziyade amac\u0131m\u0131z fark\u0131ndal\u0131k yaratmak ve kad\u0131n\u0131n m\u00fccadelesine e\u015flik etmek olsun dedik. Nitekim Toroslar Kent Konseyi Kad\u0131n Meclisi, Engelli Meclisi ve Gen\u00e7lik Meclisi olarak kollektif bir \u00e7al\u0131\u015fmayla ve farkl\u0131 tecr\u00fcbeleri bir araya gelmesiyle bu etkinli\u011fi haz\u0131rlad\u0131k&#8221; dedi.<\/p>\n\n\n\n<p><strong>&#8220;TOROSLAR&#8217;IN KAD\u0130M K\u00dcLT\u00dcR\u00dc YA\u015eATILIYOR&#8221;<\/strong><\/p>\n\n\n\n<p>Toroslar Belediyesi Ba\u015fkan Yard\u0131mc\u0131s\u0131 H\u00fclya Ayhan da, 1857 y\u0131l\u0131nda Amerika Birle\u015fik Devletlerin haklar\u0131 i\u00e7in m\u00fccadele eden 129 kad\u0131n i\u015f\u00e7inin vah\u015fice katledilmesinin ard\u0131ndan 8 Mart&#8217;\u0131n D\u00fcnya Emek\u00e7i Kad\u0131nlar G\u00fcn\u00fc olarak ilan edildi\u011fini hat\u0131rlatt\u0131.<\/p>\n\n\n\n<p>Ayhan, &#8220;Bu s\u00fcre\u00e7ten sonra t\u00fcm bu m\u00fccadeleyi devam ettiren, bir dolu bedeller \u00f6deyen y\u00fczlerce kad\u0131n ad\u0131na bu m\u00fccadeleyi b\u0131rakmad\u0131k. Bunun kan\u0131t\u0131 burada bu kadar kad\u0131n\u0131n bug\u00fcn buraya gelmesiyle ispatlam\u0131\u015f olduk. T\u00fcm bedel \u00f6deyen kad\u0131nlara burada sayg\u0131yla selaml\u0131yorum. Toroslar Kent Konseyi Ba\u015fkan\u0131 Sevgi Ba\u015fkan\u0131ma \u00e7ok te\u015fekk\u00fcr ediyorum. Toroslar&#8217;\u0131n kadim k\u00fclt\u00fcr\u00fc dokuma kilim, k\u0131l \u00e7ad\u0131rlar bunlar. Toroslar&#8217;\u0131n kadim k\u00fclt\u00fcr\u00fc ve buradan da buray\u0131 tespit edip buradan ba\u015flamas\u0131 \u00e7ok g\u00fczel olmu\u015f, ellerine sa\u011fl\u0131k&#8221; ifadelerini kulland\u0131.<\/p>\n\n\n\n<p><strong>&#8220;KADINLAR HAK ETT\u0130KLER\u0130 YERDE DE\u011e\u0130LLER&#8221;<\/strong><\/p>\n\n\n\n<p>Toroslar Belediye Ba\u015fkan\u0131 Abdurrahman Y\u0131ld\u0131z da s\u00f6zlerine, &#8220;Laf olsun diye s\u00f6ylemiyorum, hakikaten kad\u0131nlar olmasayd\u0131 herhalde d\u00fcnya d\u00f6nmekten vazge\u00e7erdi.&nbsp; E\u011fer d\u00fcnya d\u00f6n\u00fcyorsa kad\u0131n\u0131n y\u00fcz\u00fc suyu h\u00fcrmetine, onun al\u0131n terine, onun eme\u011finin hat\u0131r\u0131na d\u00f6n\u00fcyor&#8221; diye ba\u015flad\u0131.<\/p>\n\n\n\n<p><strong>&#8220;DEVLET, KADINA Y\u00d6NEL\u0130K SU\u00c7LARDA HAF\u0130FLET\u0130C\u0130 SEBEP ARAMAMALI&#8221;<\/strong><\/p>\n\n\n\n<p>T\u00fcrkiye&#8217;de kad\u0131n\u0131n sosyal, ekonomik ve siyasal anlamda hak etti\u011fi yerde olmad\u0131\u011f\u0131na i\u015faret eden Ba\u015fkan Y\u0131ld\u0131z, &#8220;Biz \u00f6zellikle erkek siyaset\u00e7iler, ama bir b\u00fct\u00fcn olarak \u00fclkeyi y\u00f6netenler, hep bir hamaset i\u00e7erisindeyiz. Maalesef hamasetten kurtulup hi\u00e7bir mevzuya ili\u015fkin hi\u00e7bir konuya ili\u015fkin ger\u00e7ek konular\u0131 ger\u00e7ekleri konu\u015fabilmeyi becerebilmi\u015f de\u011filiz. D\u00fcnyada kad\u0131na se\u00e7me ve se\u00e7ilme hakk\u0131n\u0131 veren ve en eski \u00fclkelerden biriyiz ama hala neredeyse her g\u00fcn 4 tane kad\u0131n\u0131n \u00f6ld\u00fcr\u00fclmesine engel olam\u0131yoruz. \u00d6ld\u00fcrenleri cezaland\u0131ram\u0131yoruz. Yapt\u0131\u011f\u0131m\u0131z yasalar\u0131 uygulayam\u0131yoruz. Art\u0131k hamasetten kurtulmam\u0131z laz\u0131m. Ya\u015fam\u0131n di\u011fer alanlar\u0131nda oldu\u011fu gibi kad\u0131n meselesinden de hamasetten kurtulmak laz\u0131m.&nbsp; Erkeklere sesleniyorum, \u00f6ncelikle kendimizi check etmemiz laz\u0131m. Yani sokakta kad\u0131n haklar\u0131n\u0131 savunup ama evinde ayaklar\u0131n\u0131 uzatan olmamam\u0131z laz\u0131m. Yani \u00f6ncelikle ger\u00e7ekten kendimizi d\u00fczeltmemiz laz\u0131m sonra bu sistemi de\u011fi\u015ftirmemiz laz\u0131m.&nbsp; Art\u0131k devletin kad\u0131na ve \u00e7ocuklara, \u00f6zellikle kad\u0131nlara kar\u015f\u0131 i\u015flenmi\u015f su\u00e7lara kar\u015f\u0131 hafifletici \u015feylerden vazge\u00e7mesi laz\u0131m. Kravat tak\u0131p h\u00e2kimin kar\u015f\u0131s\u0131na \u00e7\u0131kan katilin, tecav\u00fczc\u00fcn\u00fcn, tacizcinin iyilik beklememesi gerekti\u011fini d\u00fc\u015f\u00fcn\u00fcyorum. Cezas\u0131nda indirim yap\u0131lmamas\u0131 gerekir. Bunun art\u0131k kamuoyunda bilinmesi, idrak edilmesi gerekti\u011fini d\u00fc\u015f\u00fcn\u00fcyorum&#8221; ifadelerini kulland\u0131.<\/p>\n\n\n\n<p><strong>&#8220;TOROSLAR KADIN BELED\u0130YES\u0130 OLACAK&#8221;<\/strong><\/p>\n\n\n\n<p>Se\u00e7imle i\u015f ba\u015f\u0131na geldikleri g\u00fcnden bug\u00fcne kadar ge\u00e7en 1 y\u0131ll\u0131k s\u00fcrede i\u015fe ald\u0131klar\u0131 personelin y\u00fczde 70&#8217;inin kad\u0131n oldu\u011funu ifade eden Ba\u015fkan Y\u0131ld\u0131z,&nbsp; &#8220;Ge\u00e7en \u015f\u00f6yle bir \u015fey ya\u015fad\u0131m. Bir gen\u00e7 kad\u0131n arkada\u015f\u0131m\u0131z geldi belediyeye, dedi ben otob\u00fcs \u015fof\u00f6r\u00fcy\u00fcm. S\u0131navda da dikkatli bir \u015fof\u00f6r oldu\u011fu s\u00f6ylendi. Ama dediler biz onu Toroslarda \u00e7al\u0131\u015ft\u0131rabilir miyiz? Dedim, e\u011fer kad\u0131n ben bu i\u015fi yapabiliyorum diyorsa neden \u00e7al\u0131\u015ft\u0131rmayal\u0131m. Ve arkada\u015f\u0131m\u0131z\u0131 i\u015fe ald\u0131k. \u00c7ok yak\u0131n bir zamanda personellerimizin ta\u015f\u0131nd\u0131\u011f\u0131 otob\u00fcs\u00fc bu kad\u0131n arkada\u015f\u0131m\u0131z kullanacak. Kad\u0131nlar kurslara ba\u015flay\u0131p bir m\u00fcddet sonra greyderlerimizi, silindirlerini, dozerlerimizi kad\u0131n arkada\u015flar kullanmaya ba\u015flayacak. Sadece sahada olan de\u011fil, bizim idarecilerimizin de kad\u0131n olmas\u0131 laz\u0131m. Yani Toroslar&#8217;a kad\u0131n elinin de\u011fmesi laz\u0131m. Geldi\u011fimizde ilk yapt\u0131\u011f\u0131m\u0131z i\u015flerden birisiydi kad\u0131n ve aile hizmetleri M\u00fcd\u00fcrl\u00fc\u011f\u00fc&#8217;n\u00fc kurmak. Daha \u00f6nce \u015eeflik d\u00fczeyindeydi. Ve bununla 30 tane m\u00fcd\u00fcrl\u00fc\u011f\u00fcm\u00fcz\u00fcn 14 tanesini kad\u0131n arkada\u015flar\u0131m\u0131za teslim ettik. Sahada en kritik i\u015f yapan m\u00fcd\u00fcrl\u00fcklerimizin 14 tanesi kad\u0131nlardan olu\u015fuyor. Yani Toroslar&#8217;daki m\u00fcd\u00fcrl\u00fcklerimizin y\u00fczde 50&#8217;si kad\u0131nlardan olu\u015fuyor&#8221; dedi.<\/p>\n\n\n\n<p>Etkinlikte, Toroslar Kent Konseyinin d\u00fczenledi\u011fi kurslarda geri d\u00f6n\u00fc\u015f\u00fcm malzemelerinden tekstil \u00fcr\u00fcnleri yapan kad\u0131nlar\u0131n el eme\u011fi g\u00f6z nuru eserleri sergilendi.<\/p>\n\n\n\n<p>Ressam Nazan Kundak&#8217;\u0131n &#8220;Kad\u0131n&#8221; Temal\u0131 Resim Sergisi, Yazar Lay\u0131khan \u00d6zder&#8217;in kitap imza masas\u0131, Mersin B\u00fcy\u00fck\u015fehir Belediyesi ve Mersin Kent Konseyi Sivil Toplumun Sesi \u00c7ok Sesli Korosu ile ta\u00e7lanan etkinlikte, ressam ve moda tasar\u0131mc\u0131s\u0131 Nazan Kundak&#8217;\u0131n &#8220;Etknik Kuma\u015f&#8221; Defilesi ise ge\u00e7mi\u015fin k\u00fclt\u00fcrel miras\u0131n\u0131 g\u00fcn\u00fcm\u00fcze ta\u015f\u0131d\u0131. Etnik kuma\u015flardan yap\u0131lan elbiseler b\u00fcy\u00fck be\u011feni toplad\u0131. 8 Mart Fark\u0131ndal\u0131k etkinli\u011fi, plaket ve ak\u00fcl\u00fc tekerlekli sandalye takdimi ile son buldu.<\/p>\n","protected":false},"excerpt":{"rendered":"<p>Toroslar Belediyesi ile Toroslar Kent Konseyinin d\u00fczenledi\u011fi D\u00fcnya Emek\u00e7i Kad\u0131nlar G\u00fcn\u00fc Fark\u0131ndal\u0131k etkinli\u011fi y\u00fczlerce kad\u0131n\u0131 bir araya getirdi. Kad\u0131nlar geri d\u00f6n\u00fc\u015f\u00fcmden resme, m\u00fczikten k\u0131yafet tasar\u0131m\u0131na kadar bir\u00e7ok alanda \u00fcr\u00fcnleriyle, emekleriyle etkinli\u011fe renk katt\u0131. D\u00fcnya Emek\u00e7i Kad\u0131nlar G\u00fcn\u00fc Fark\u0131ndal\u0131k etkinli\u011fi Yunus Emre K\u00fclt\u00fcr Merkezinde yap\u0131ld\u0131. Etkinli\u011fin a\u00e7\u0131l\u0131\u015f\u0131nda konu\u015fan Toroslar Kent Konseyi Ba\u015fkan\u0131 Sevgi Alt\u0131n\u00f6z \u00c7etin, &#8220;Bir [&hellip;]<\/p>\n","protected":false},"author":2,"featured_media":40524,"comment_status":"closed","ping_status":"closed","sticky":false,"template":"","format":"standard","meta":{"footnotes":""},"categories":[3],"tags":[],"class_list":["post-40523","post","type-post","status-publish","format-standard","has-post-thumbnail","hentry","category-manset"],"views":4,"_links":{"self":[{"href":"https:\/\/mersinkadingazetesi.com\/index.php?rest_route=\/wp\/v2\/posts\/40523"}],"collection":[{"href":"https:\/\/mersinkadingazetesi.com\/index.php?rest_route=\/wp\/v2\/posts"}],"about":[{"href":"https:\/\/mersinkadingazetesi.com\/index.php?rest_route=\/wp\/v2\/types\/post"}],"author":[{"embeddable":true,"href":"https:\/\/mersinkadingazetesi.com\/index.php?rest_route=\/wp\/v2\/users\/2"}],"replies":[{"embeddable":true,"href":"https:\/\/mersinkadingazetesi.com\/index.php?rest_route=%2Fwp%2Fv2%2Fcomments&post=40523"}],"version-history":[{"count":1,"href":"https:\/\/mersinkadingazetesi.com\/index.php?rest_route=\/wp\/v2\/posts\/40523\/revisions"}],"predecessor-version":[{"id":40525,"href":"https:\/\/mersinkadingazetesi.com\/index.php?rest_route=\/wp\/v2\/posts\/40523\/revisions\/40525"}],"wp:featuredmedia":[{"embeddable":true,"href":"https:\/\/mersinkadingazetesi.com\/index.php?rest_route=\/wp\/v2\/media\/40524"}],"wp:attachment":[{"href":"https:\/\/mersinkadingazetesi.com\/index.php?rest_route=%2Fwp%2Fv2%2Fmedia&parent=40523"}],"wp:term":[{"taxonomy":"category","embeddable":true,"href":"https:\/\/mersinkadingazetesi.com\/index.php?rest_route=%2Fwp%2Fv2%2Fcategories&post=40523"},{"taxonomy":"post_tag","embeddable":true,"href":"https:\/\/mersinkadingazetesi.com\/index.php?rest_route=%2Fwp%2Fv2%2Ftags&post=40523"}],"curies":[{"name":"wp","href":"https:\/\/api.w.org\/{rel}","templated":true}]}}