{"id":40526,"date":"2025-03-09T15:04:57","date_gmt":"2025-03-09T12:04:57","guid":{"rendered":"https:\/\/mersinkadingazetesi.com\/?p=40526"},"modified":"2025-03-09T15:04:57","modified_gmt":"2025-03-09T12:04:57","slug":"baskan-tuncer-mezitliye-bir-kadin-uretici-pazari-ve-kadin-aile-atolyesi-daha-kazandirdi","status":"publish","type":"post","link":"https:\/\/mersinkadingazetesi.com\/?p=40526","title":{"rendered":"BA\u015eKAN TUNCER MEZ\u0130TL\u0130&#8217;YE B\u0130R KADIN \u00dcRET\u0130C\u0130 PAZARI VE KADIN A\u0130LE AT\u00d6LYES\u0130 DAHA KAZANDIRDI"},"content":{"rendered":"\n<p>Mezitli Belediyesi, 8 Mart D\u00fcnya Kad\u0131nlar G\u00fcn\u00fc&#8217;n\u00fc \u00e7e\u015fitli etkinlikler ve a\u00e7\u0131l\u0131\u015flarla kutlad\u0131. Kad\u0131nlar\u0131n her alanda kendini geli\u015ftirebilmesi i\u00e7in Yenimahalle&#8217;de Kad\u0131n ve Aile At\u00f6lyesi&#8217;nin a\u00e7\u0131l\u0131\u015f\u0131 ger\u00e7ekle\u015ftirildi. Ard\u0131ndan Kuzucubelen Mahallesi&#8217;nde Kad\u0131n \u00dcretici Pazar\u0131 hizmete a\u00e7\u0131ld\u0131. 8 Mart Park\u0131&#8217;nda d\u00fczenlenen etkinliklerle kad\u0131nlar g\u00fcn\u00fc co\u015fkuyla kutland\u0131.<\/p>\n\n\n\n<p>YEN\u0130MAHALLE&#8217;YE KADIN A\u0130LE AT\u00d6LYES\u0130 KAZANDIRILDI<\/p>\n\n\n\n<p>Kutlamalar, Yenimahalle Kad\u0131n Aile At\u00f6lyesi&#8217;nin a\u00e7\u0131l\u0131\u015f\u0131yla ba\u015flad\u0131. Belediye Ba\u015fkan\u0131 Ahmet Serkan Tuncer ve \u00e7ok say\u0131da vatanda\u015f\u0131n kat\u0131ld\u0131\u011f\u0131 Kad\u0131n Aile At\u00f6lyesi&#8217;nde, kad\u0131nlara y\u00f6nelik \u00fccretsiz kurslar sunulacak. Ba\u015fkan Tuncer, kad\u0131nlar\u0131n sosyal hayata kat\u0131l\u0131m\u0131n\u0131 art\u0131rmak ve \u00fcretimlerini destekleyecek projelerin devam edece\u011fini belirterek, kad\u0131nlar\u0131n her alanda g\u00fc\u00e7l\u00fc bir \u015fekilde var olmalar\u0131n\u0131n \u00f6nemine de\u011findi.<\/p>\n\n\n\n<p>BA\u015eKAN TUNCER S\u00d6Z\u00dcN\u00dc TUTTU<\/p>\n\n\n\n<p>Ba\u015fkan Tuncer&#8217;in, Kuzucubelen Mahallesi&#8217;ni ziyaretinde kad\u0131nlardan gelen \u00fcretici pazar\u0131 talebi, 8 Mart D\u00fcnya Kad\u0131nlar G\u00fcn\u00fc&#8217;ne kadar yerine getirildi. Mezitli Belediyesi, mahallede bir \u00fcretici pazar\u0131 kurarak, kad\u0131nlar\u0131n kendi \u00fcr\u00fcnlerini satmalar\u0131na olanak sa\u011flad\u0131.<\/p>\n\n\n\n<p>8 MART PARKI&#8217;NDA 8 MART DOYASIYA KUTLANDI<\/p>\n\n\n\n<p>Kutlamalar, 8 Mart Park\u0131&#8217;nda d\u00fczenlenen &#8220;Hayat\u0131n \u0130\u00e7inden Kad\u0131n&#8221; sergisiyle devam etti. G\u00fcn\u00fcn sonunda, Avukat Berna Bozda\u011f, kad\u0131n haklar\u0131 \u00fczerine bir sunum yapt\u0131. Ayr\u0131ca, gen\u00e7ler kad\u0131nlara \u00e7i\u00e7ek da\u011f\u0131tarak, bu \u00f6zel g\u00fcn\u00fc daha da anlaml\u0131 k\u0131ld\u0131.<\/p>\n\n\n\n<p>BA\u015eKAN TUNCER, &#8221; MEZITLI&#8217;DE KADINLAR HER DA\u0130M DAHA G\u00dc\u00c7L\u00dc VE \u00d6ZG\u00dcR OLACAK&#8221;<\/p>\n\n\n\n<p>Ba\u015fkan Tuncer, kad\u0131nlar\u0131n toplumsal hayatta daha fazla s\u00f6z sahibi olmalar\u0131n\u0131n \u00f6nemine vurgu yaparak, &#8220;Kad\u0131nlar, sadece bug\u00fcn de\u011fil her zaman gelece\u011fi \u015fekillendiren g\u00fc\u00e7t\u00fcr. Bizler, Mezitli&#8217;yi kad\u0131nlar\u0131n daha g\u00fc\u00e7l\u00fc, mutlu ve \u00f6zg\u00fcr oldu\u011fu bir yer haline getirmek i\u00e7in \u00e7al\u0131\u015fmalar\u0131m\u0131z\u0131 s\u00fcrd\u00fcrece\u011fiz&#8221; dedi.<\/p>\n","protected":false},"excerpt":{"rendered":"<p>Mezitli Belediyesi, 8 Mart D\u00fcnya Kad\u0131nlar G\u00fcn\u00fc&#8217;n\u00fc \u00e7e\u015fitli etkinlikler ve a\u00e7\u0131l\u0131\u015flarla kutlad\u0131. Kad\u0131nlar\u0131n her alanda kendini geli\u015ftirebilmesi i\u00e7in Yenimahalle&#8217;de Kad\u0131n ve Aile At\u00f6lyesi&#8217;nin a\u00e7\u0131l\u0131\u015f\u0131 ger\u00e7ekle\u015ftirildi. Ard\u0131ndan Kuzucubelen Mahallesi&#8217;nde Kad\u0131n \u00dcretici Pazar\u0131 hizmete a\u00e7\u0131ld\u0131. 8 Mart Park\u0131&#8217;nda d\u00fczenlenen etkinliklerle kad\u0131nlar g\u00fcn\u00fc co\u015fkuyla kutland\u0131. YEN\u0130MAHALLE&#8217;YE KADIN A\u0130LE AT\u00d6LYES\u0130 KAZANDIRILDI Kutlamalar, Yenimahalle Kad\u0131n Aile At\u00f6lyesi&#8217;nin a\u00e7\u0131l\u0131\u015f\u0131yla ba\u015flad\u0131. Belediye [&hellip;]<\/p>\n","protected":false},"author":2,"featured_media":40527,"comment_status":"closed","ping_status":"closed","sticky":false,"template":"","format":"standard","meta":{"footnotes":""},"categories":[3],"tags":[],"class_list":["post-40526","post","type-post","status-publish","format-standard","has-post-thumbnail","hentry","category-manset"],"views":7,"_links":{"self":[{"href":"https:\/\/mersinkadingazetesi.com\/index.php?rest_route=\/wp\/v2\/posts\/40526"}],"collection":[{"href":"https:\/\/mersinkadingazetesi.com\/index.php?rest_route=\/wp\/v2\/posts"}],"about":[{"href":"https:\/\/mersinkadingazetesi.com\/index.php?rest_route=\/wp\/v2\/types\/post"}],"author":[{"embeddable":true,"href":"https:\/\/mersinkadingazetesi.com\/index.php?rest_route=\/wp\/v2\/users\/2"}],"replies":[{"embeddable":true,"href":"https:\/\/mersinkadingazetesi.com\/index.php?rest_route=%2Fwp%2Fv2%2Fcomments&post=40526"}],"version-history":[{"count":1,"href":"https:\/\/mersinkadingazetesi.com\/index.php?rest_route=\/wp\/v2\/posts\/40526\/revisions"}],"predecessor-version":[{"id":40528,"href":"https:\/\/mersinkadingazetesi.com\/index.php?rest_route=\/wp\/v2\/posts\/40526\/revisions\/40528"}],"wp:featuredmedia":[{"embeddable":true,"href":"https:\/\/mersinkadingazetesi.com\/index.php?rest_route=\/wp\/v2\/media\/40527"}],"wp:attachment":[{"href":"https:\/\/mersinkadingazetesi.com\/index.php?rest_route=%2Fwp%2Fv2%2Fmedia&parent=40526"}],"wp:term":[{"taxonomy":"category","embeddable":true,"href":"https:\/\/mersinkadingazetesi.com\/index.php?rest_route=%2Fwp%2Fv2%2Fcategories&post=40526"},{"taxonomy":"post_tag","embeddable":true,"href":"https:\/\/mersinkadingazetesi.com\/index.php?rest_route=%2Fwp%2Fv2%2Ftags&post=40526"}],"curies":[{"name":"wp","href":"https:\/\/api.w.org\/{rel}","templated":true}]}}