{"id":40529,"date":"2025-03-10T09:11:07","date_gmt":"2025-03-10T06:11:07","guid":{"rendered":"https:\/\/mersinkadingazetesi.com\/?p=40529"},"modified":"2025-03-10T09:11:08","modified_gmt":"2025-03-10T06:11:08","slug":"secer-imamoglunun-yanindayiz","status":"publish","type":"post","link":"https:\/\/mersinkadingazetesi.com\/?p=40529","title":{"rendered":"SE\u00c7ER: &#8220;\u0130MAMO\u011eLU&#8217;NUN YANINDAYIZ&#8221;"},"content":{"rendered":"\n<p>Mersin B\u00fcy\u00fck\u015fehir Belediye Ba\u015fkan\u0131 Vahap Se\u00e7er, \u0130stanbul B\u00fcy\u00fck\u015fehir Belediye Ba\u015fkan\u0131 Ekrem \u0130mamo\u011flu&#8217;nun&nbsp;<strong>&#8216;Cumhuriyet Halk Partisi (CHP) Cumhurba\u015fkanl\u0131\u011f\u0131 Adayl\u0131\u011f\u0131 \u00d6n Se\u00e7im Bulu\u015fmas\u0131&#8217;<\/strong>&nbsp;kapsam\u0131nda d\u00fczenledi\u011fi&nbsp;<strong>&#8220;Adana Bulu\u015fmas\u0131&#8221;<\/strong>na kat\u0131ld\u0131. Bulu\u015fmaya; Mersin B\u00fcy\u00fck\u015fehir Belediye Ba\u015fkan\u0131 Vahap Se\u00e7er&#8217;in yan\u0131 s\u0131ra Adana B\u00fcy\u00fck\u015fehir Belediye Ba\u015fkan\u0131 Zeydan Karalar, il ve il\u00e7elerden belediye ba\u015fkanlar\u0131,&nbsp;CHP Parti Meclisi \u00fcyeleri, Genel Ba\u015fkan Yard\u0131mc\u0131lar\u0131, il ba\u015fkanlar\u0131 ile Adana ve \u00e7evre illerden gelen \u00e7ok say\u0131da partili kat\u0131l\u0131m sa\u011flad\u0131.<\/p>\n\n\n\n<p>\u0130mamo\u011flu, Cumhurba\u015fkanl\u0131\u011f\u0131 adayl\u0131\u011f\u0131 kapsam\u0131nda ger\u00e7ekle\u015ftirdi\u011fi Adana Bulu\u015fmas\u0131&#8217;nda yo\u011fun ilgi ile kar\u015f\u0131land\u0131. Bulu\u015fma, Adana&#8217;n\u0131n&nbsp;\u00c7ukurova \u0130l\u00e7esi, Yurt Mahallesi ASK\u0130 Atat\u00fcrk Kapal\u0131 Spor Salonu&#8217;nda ger\u00e7ekle\u015fti. Ba\u015fkan Se\u00e7er, bulu\u015fma \u00f6ncesinde \u0130stanbul B\u00fcy\u00fck\u015fehir Belediye Ba\u015fkan\u0131 Ekrem \u0130mamo\u011flu&#8217;nu \u00c7ukurova Uluslararas\u0131 Havaliman\u0131&#8217;na kar\u015f\u0131lad\u0131. Adana Bulu\u015fmas\u0131, sayg\u0131 duru\u015fu ve \u0130stiklal Mar\u015f\u0131&#8217;n\u0131n okunmas\u0131yla ba\u015flad\u0131.<\/p>\n\n\n\n<p><strong>Ba\u015fkan Se\u00e7er: &#8220;\u0130ktidar, bizden korkuyor&#8221;<\/strong><\/p>\n\n\n\n<p>Bulu\u015fmada konu\u015fan Ba\u015fkan Se\u00e7er, salonun enerjisinin kendisini mutlu etti\u011fini s\u00f6yledi. Cumhuriyet tarihinin en bunal\u0131ml\u0131 ve en buhranl\u0131 d\u00f6nemlerinden ge\u00e7ildi\u011fini kaydeden Ba\u015fkan Se\u00e7er,&nbsp;<strong>&#8220;Yoksulluk her eve ve her soka\u011fa girmi\u015f durumda. Cumhuriyet tarihinin en derin yoksullu\u011fu ya\u015fan\u0131yor. Yara b\u00fcy\u00fck ve diki\u015f tutmuyor. Devletin kurumlar\u0131n\u0131 y\u00f6netemeyen, bu kurumlar\u0131n \u00e7ivisini \u00e7\u0131kartan bu iktidar\u0131n, \u00fclkeyi i\u00e7inde bulundu\u011fu ekonomik buhrandan ve krizden kurtarmas\u0131 m\u00fcmk\u00fcn de\u011fil. Bu nedenle iktidar bizden, milletvekillerinden, Say\u0131n Genel Ba\u015fkan&#8217;dan, parlamento grubundan, belediye ba\u015fkanlar\u0131ndan korkuyor ve \u00e7ekiniyor. O da biliyor ki iktidar yerelden ba\u015flar&#8221;&nbsp;<\/strong>dedi.<\/p>\n\n\n\n<p><strong>&#8220;Sokakta CHP var, halk bize g\u00fcveniyor&#8221;<\/strong><\/p>\n\n\n\n<p>Yerelde g\u00f6rev yapan belediye ba\u015fkanlar\u0131n\u0131n \u00e7al\u0131\u015fmas\u0131 ve halk\u0131n g\u00f6nl\u00fcne girmesi durumunda iktidar\u0131n ka\u00e7\u0131n\u0131lmaz olarak de\u011fi\u015fece\u011fini s\u00f6zlerine ekleyen Se\u00e7er,&nbsp;<strong>&#8220;Zaten halk b\u0131km\u0131\u015f, halk alternatif ar\u0131yor.&nbsp;<em>&#8216;Ben b\u0131kt\u0131m y\u0131llarca oy verdim, yolun sonu g\u00f6r\u00fcld\u00fc&#8217;<\/em>&nbsp;diyor. Bize bak\u0131yor, izliyor ve bizden g\u00fcven bekliyor. Anketlerde karars\u0131zlar\u0131n y\u00fcksek \u00e7\u0131kt\u0131\u011f\u0131na bakmay\u0131n, sokakta CHP var. Halk bize g\u00fcveniyor. Umudumuz y\u00fcksek \u00e7\u00fcnk\u00fc bu halka yanl\u0131\u015f yapamay\u0131z. Halk bizden umut bekliyor&#8221;&nbsp;<\/strong>diye konu\u015ftu.<\/p>\n\n\n\n<p><strong>&#8220;Cumhurba\u015fkan\u0131m\u0131z CHP&#8217;li bir cumhurba\u015fkan\u0131 olacak&#8221;<\/strong><\/p>\n\n\n\n<p>\u0130nsanlar\u0131n, Cumhuriyet tarihinde hi\u00e7 olmad\u0131k gerek\u00e7elerle cezaevine g\u00f6nderildi\u011fine dikkat \u00e7eken Se\u00e7er,&nbsp;<strong>&#8220;Daha dikkatli olaca\u011f\u0131z. Her \u015feyden \u00f6nemlisi bir olaca\u011f\u0131z, birlik olaca\u011f\u0131z. Hepimize g\u00f6rev d\u00fc\u015f\u00fcyor.&nbsp;<em>&#8216;Sen, ben, o&#8217;<\/em>&nbsp;yok. Y\u00fcr\u00fcd\u00fc\u011f\u00fcm\u00fcz bu yolda ilk genel se\u00e7imlerde Cumhurba\u015fkan\u0131m\u0131z, Cumhuriyet Halk Partili bir Cumhurba\u015fkan\u0131 olacak. Partimiz iktidar olacak. Bunu hep birlikte sa\u011flayabiliriz. Bunu birle\u015ferek yapabiliriz. Biz g\u00fc\u00e7l\u00fcy\u00fcz, kadrolar\u0131m\u0131z birikimli, liyakatli ve belediye ba\u015fkanlar\u0131m\u0131z halkta kar\u015f\u0131l\u0131\u011f\u0131 olan belediye ba\u015fkanlar\u0131. Onun i\u00e7in Cumhuriyet Halk Partisi 31 Mart&#8217;ta T\u00fcrkiye&#8217;de tarih yazd\u0131&#8221;<\/strong>&nbsp;ifadelerini kulland\u0131.<\/p>\n\n\n\n<p><strong>&#8220;Suriye&#8217;deki mezhep\u00e7i ve etnik\u00e7i katliamlara seyirci kalmay\u0131n&#8221;<\/strong><\/p>\n\n\n\n<p>Se\u00e7er; T\u00fcrkiye&#8217;nin hassas bir konumda oldu\u011funu ve Suriye ba\u015fta olmak \u00fczere b\u00f6lgede ya\u015fanan geli\u015fmelerden etkilendi\u011fini s\u00f6yleyerek,&nbsp;<strong>&#8220;B\u00f6lgemiz hassas bir b\u00f6lge. Suriye&#8217;de esen r\u00fczg\u00e2r bizi de etkiler. Suriye&#8217;nin bat\u0131s\u0131nda hi\u00e7 arzu etmedi\u011fimiz geli\u015fmeler oluyor. Biz mezhepsel ve etnik kimlik olarak sivillere sald\u0131r\u0131lar\u0131 kabul edemeyiz. Telin ediyoruz. Telin etmekle kalm\u0131yoruz, o b\u00f6lgede uzun s\u00fcredir tesiri olan devletimiz, devletimizin y\u00fcr\u00fctme kurumu olan h\u00fck\u00fcmete \u00e7a\u011fr\u0131da bulunmak istiyoruz;&nbsp;<em>&#8216;Olaya m\u00fcdahale edin, oradaki ola\u011fan\u00fcst\u00fc geli\u015fmeler ve \u00fcz\u00fcc\u00fc hadiseler, b\u00f6lgemizi etkilemesin.<\/em>&#8216; Uluslararas\u0131 topluma, Avrupa&#8217;ya ve d\u00fcnyaya sesleniyoruz;&nbsp;<em>&#8216;Suriye&#8217;deki mezhep\u00e7i ve etnik\u00e7i katliamlara seyirci kalmay\u0131n, m\u00fcdahale edin. S\u00f6zde de\u011fil \u00f6zde bar\u0131\u015fsever olun&#8217;<\/em>&nbsp;&#8221;&nbsp;<\/strong>diye belirtti.<\/p>\n\n\n\n<p><strong>&#8220;\u0130mamo\u011flu&#8217;nun yan\u0131nday\u0131z&#8221;<\/strong><\/p>\n\n\n\n<p>Konu\u015fmas\u0131n\u0131&nbsp;<strong>&#8220;M\u00fccadele arkada\u015f\u0131m\u0131z, g\u00f6revda\u015f\u0131m\u0131z \u0130mamo\u011flu&#8217;nun yan\u0131nda olaca\u011f\u0131z&#8221;<\/strong>&nbsp;diyerek s\u00fcrd\u00fcren Se\u00e7er,&nbsp;<strong>&#8220;2019&#8217;dan bu yana T\u00fcrkiye&#8217;de CHP&#8217;li belediyeler umut olduktan sonra hep beraber \u00e7al\u0131\u015ft\u0131k ve emek ettik. Bunun kar\u015f\u0131l\u0131\u011f\u0131n\u0131 halk\u0131m\u0131z bize 31 Mart&#8217;ta verdi, destek oldu. Onlara lay\u0131k olmak i\u00e7in bug\u00fcne kadar nas\u0131l \u00e7al\u0131\u015ft\u0131ysak bundan sonra da \u00e7al\u0131\u015faca\u011f\u0131z. Yan\u0131nday\u0131z Ekrem Ba\u015fkan\u0131m. Bu yolu beraber y\u00fcr\u00fcyece\u011fiz. Umutlar\u0131 ye\u015fertelim, beraber y\u00fcr\u00fcyelim, beraber ba\u015faral\u0131m. Biz kazanal\u0131m, T\u00fcrkiye kazans\u0131n, milletimiz kazans\u0131n&#8221;&nbsp;<\/strong>dedi.<\/p>\n\n\n\n<p><strong>Ba\u015fkan \u0130mamo\u011flu: &#8220;Tarihin en \u00f6nemli kav\u015faklar\u0131nda her zaman CHP&#8217;nin imzas\u0131 vard\u0131r&#8221;<\/strong><\/p>\n\n\n\n<p>\u0130stanbul B\u00fcy\u00fck\u015fehir Belediye Ba\u015fkan\u0131 Ekrem \u0130mamo\u011flu, Adana Bulu\u015fmas\u0131&#8217;nda yapt\u0131\u011f\u0131 konu\u015fmas\u0131nda, kurulu\u015fun ve kurtulu\u015fun partisi CHP&#8217;den ald\u0131klar\u0131 g\u00fc\u00e7le hep birlikte ba\u015faracaklar\u0131n\u0131 vurgulayarak,&nbsp;<strong>&#8220;Tarihin en \u00f6nemli kav\u015faklar\u0131nda her zaman CHP&#8217;nin imzas\u0131 vard\u0131r. Mustafa Kemal Atat\u00fcrk&#8217;ten ald\u0131\u011f\u0131 g\u00fc\u00e7 ve ilhamla her zaman yol g\u00f6stericisi olan CHP, yine tarihin \u00f6nemli bir kav\u015fa\u011f\u0131nda muazzam bir g\u00f6rev \u00fcstleniyor&#8221;&nbsp;<\/strong>dedi.Milletin, yaln\u0131zca ayr\u0131cal\u0131kl\u0131 bir z\u00fcmrenin \u00e7\u0131kar\u0131n\u0131 \u00f6nemseyen mevcut iktidar y\u00fcz\u00fcnden peri\u015fan halde oldu\u011funu kaydeden \u0130mamo\u011flu,&nbsp;<strong>&#8220;Zenginle\u015fmenin yolu fakirin \u00fcst\u00fcne basmaktan ge\u00e7iyor. Ekonomi freni patlam\u0131\u015f kamyon gibi u\u00e7urumdan a\u015fa\u011f\u0131ya s\u00fcr\u00fckleniyor. Vatanda\u015flar\u0131m\u0131z ayr\u0131\u015ft\u0131r\u0131l\u0131yor. E\u011fitim, sa\u011fl\u0131k ve adalet sistemi parampar\u00e7a. Bu durumdan \u00e7\u0131k\u0131\u015f\u0131n yolu ise yine CHP&#8217;dir&#8221;&nbsp;<\/strong>diye konu\u015ftu.<\/p>\n\n\n\n<p><strong>&#8220;Demokrasi, refah isteyen herkesle b\u00fct\u00fcnle\u015fece\u011fiz&#8221;<\/strong><\/p>\n\n\n\n<p>Bu gidi\u015fata dur demek zorunda olduklar\u0131n\u0131 kaydeden \u0130mamo\u011flu,bu yoldan asla vazge\u00e7meyece\u011finin alt\u0131n\u0131 \u00e7izdi.Birle\u015fmi\u015f ve b\u00fct\u00fcnle\u015fmi\u015f, bu \u00fclkeyi kurucu de\u011ferlerine d\u00f6nd\u00fcrme kararl\u0131l\u0131\u011f\u0131 g\u00f6steren CHP&#8217;nin \u00f6n\u00fcnde kimsenin duramayaca\u011f\u0131n\u0131 da kaydeden \u0130mamo\u011flu,&nbsp;<strong>&#8220;&#8216;<em>Sen hi\u00e7 korkmuyor musun?&#8217;<\/em>&nbsp;diye soruyorlar. Ekrem \u0130mamo\u011flu Yaradan&#8217;dan ba\u015fka kimseden korkar m\u0131, korkmaz! Biz milletimize s\u0131rt\u0131m\u0131z\u0131 verip do\u011fru yolda vatan ve millet u\u011fruna yola koyuluruz. O bir avu\u00e7 insana milletin zalimli\u011fe teslim olmad\u0131\u011f\u0131n\u0131 g\u00f6sterece\u011fiz. Bu bozuk d\u00fczeni y\u0131k\u0131p ge\u00e7ece\u011fiz&#8221;&nbsp;<\/strong>diye belirtti. \u0130mamo\u011flu, g\u00fc\u00e7ler ayr\u0131l\u0131\u011f\u0131n\u0131 savunan ve daha g\u00fc\u00e7l\u00fc parlamento diyen herkesle bulu\u015facaklar\u0131n\u0131 da ifade ederek,&nbsp;<strong>&#8220;\u00d6nce hep beraber bizler, CHP&#8217;liler birlik ve beraberli\u011fimizi g\u00f6sterece\u011fiz. \u0130nsanlar bize bakt\u0131klar\u0131nda kararl\u0131, \u00f6rg\u00fctl\u00fc, vatanda\u015f\u0131n\u0131n derdini dinleyen halini g\u00f6recek. Sonra demokrasi, refah isteyen herkesle b\u00fct\u00fcnle\u015fece\u011fiz&#8221;&nbsp;<\/strong>dedi.<\/p>\n\n\n\n<p><strong>&#8220;Cumhuriyet Halk Partisi Ba\u015faracak, T\u00fcrkiye Kazanacak&#8221;<\/strong><\/p>\n\n\n\n<p>\u0130mamo\u011flu, CHP&#8217;nin iktidara gelece\u011fine dair g\u00fc\u00e7l\u00fc bir mesaj vererek,&nbsp;<strong>&#8220;Slogan\u0131m\u0131z&nbsp;<em>&#8216;Cumhuriyet Halk Partisi ba\u015faracak, T\u00fcrkiye kazanacak&#8217;<\/em>&nbsp;olacak. Herkese bunu anlataca\u011f\u0131z&#8221;<\/strong>&nbsp;s\u00f6zlerine yer verdi. \u0130ktidar\u0131n, siyasi rakiplerine y\u00f6nelik alg\u0131 operasyonlar\u0131 y\u00fcr\u00fctt\u00fc\u011f\u00fcn\u00fc \u00f6ne s\u00fcren \u0130mamo\u011flu, bu t\u00fcr giri\u015fimlerin kendisini korkutmayaca\u011f\u0131n\u0131 s\u00f6zlerine ekleyerek,&nbsp;<strong>&#8220;Aralar\u0131nda tan\u0131d\u0131\u011f\u0131m da var tan\u0131mad\u0131\u011f\u0131m da. Bir grup insan\u0131n mal varl\u0131klar\u0131na, banka hesaplar\u0131na el koyuyorlar. Bir kez daha alg\u0131 operasyonunun pe\u015finde ko\u015fuyorlar. Ak\u0131llar\u0131nca beni korkutacaklar! Bu haktan ve hukuktan nasibini almam\u0131\u015flar\u0131n ben bug\u00fcne kadar hi\u00e7bir sald\u0131r\u0131s\u0131ndan bir milim geri ad\u0131m atmam\u0131\u015f, sa\u00e7\u0131m\u0131n teli bile titrememi\u015f ben mi sizden korkaca\u011f\u0131m? Kumpaslarla, entrikalarla, fitneyle kurduklar\u0131 oyunlar\u0131 ba\u015flar\u0131na y\u0131kaca\u011f\u0131m&#8221;&nbsp;<\/strong>diye konu\u015ftu.<\/p>\n\n\n\n<p>\u0130mamo\u011flu, h\u00fck\u00fcmetin y\u0131ld\u0131rma politikalar\u0131na kar\u015f\u0131 boyun e\u011fmeyeceklerini vurgulayarak,<strong>&nbsp;&#8220;Sana yenilmeyece\u011fiz. Ne yapsan\u0131z nafile, o sand\u0131k gelecek ve millet seni evine g\u00f6nderecek. Bu kadar net&#8221;&nbsp;<\/strong>diye konu\u015ftu.Konu\u015fmas\u0131n\u0131n sonunda erken se\u00e7im talebini yineleyen \u0130mamo\u011flu, &#8220;<strong>Cesaretiniz varsa \u00e7\u0131k\u0131n kar\u015f\u0131m\u0131za, milletin iradesi karar versin. Kural\u0131m sand\u0131\u011f\u0131, bakal\u0131m millet ne diyor. Hodri meydan&#8221;&nbsp;&nbsp;<\/strong>s\u00f6zleriyle konu\u015fmas\u0131n\u0131 sonland\u0131rd\u0131.<\/p>\n\n\n\n<p><strong>Ba\u015fkan Karalar: &#8220;Sadece \u0130zmir&#8217;in da\u011flar\u0131nda de\u011fil, T\u00fcrkiye&#8217;nin b\u00fct\u00fcn da\u011flar\u0131nda \u00e7i\u00e7ek a\u00e7t\u0131raca\u011f\u0131z&#8221;<\/strong><\/p>\n\n\n\n<p>Adana B\u00fcy\u00fck\u015fehir Belediye Ba\u015fkan\u0131 Zeydan Karalar; adalet, demokrasi ve hukukun \u00fcst\u00fcnl\u00fc\u011f\u00fcne vurgu yaparak, \u00fclkenin tekrar ayd\u0131nl\u0131\u011fa kavu\u015fturulmas\u0131 gerekti\u011fini belirterek,&nbsp;<strong>&#8220;Bu salon adalete susam\u0131\u015f insanlar\u0131n hayk\u0131rd\u0131\u011f\u0131 bir salon. Bu salon art\u0131k demokrasi istiyor, adaletsizlik istemiyor. Bu salon&nbsp;<em>&#8216;T\u00fcrkiye&#8217;yi tekrar Hukuk&#8217;a, adalete ve bar\u0131\u015fa kavu\u015fturaca\u011f\u0131z&#8217;<\/em>&nbsp;diye hayk\u0131r\u0131yor&#8221;<\/strong>&nbsp;dedi. Adana&#8217;n\u0131n tarih boyunca kritik rol \u00fcstlenen bir \u015fehir oldu\u011funu ifade eden Karalar, kentin bug\u00fcn de \u00f6nemli bir sorumluluk \u00fcstlenece\u011fini s\u00f6zlerine ekleyerek,&nbsp;<strong>&#8220;Bu yolda Adanal\u0131 karde\u015flerim Cumhurba\u015fkanl\u0131\u011f\u0131 Se\u00e7imi&#8217;nde destek ve kat\u0131l\u0131m\u0131n\u0131 en y\u00fcksek derecede verecek illerimizin \u00f6n\u00fcnde gelecektir. Bahar\u0131n eli kula\u011f\u0131nda. 11 B\u00fcy\u00fck\u015fehir Belediye Ba\u015fkanl\u0131\u011f\u0131&#8217;n\u0131 ald\u0131\u011f\u0131m\u0131zda<\/strong>;&nbsp;<strong><em>&#8216;Bahar gelecek&#8217;<\/em>&nbsp;dedik de\u011fil mi? \u015eimdi de diyoruz ki;&nbsp;<em>&#8216;En yak\u0131n zamanda yap\u0131lacak Cumhurba\u015fkanl\u0131\u011f\u0131 Se\u00e7imi&#8217;nde Ekrem Ba\u015fkan&#8217;\u0131 Cumhurba\u015fkan\u0131 yaparak, sadece \u0130zmir&#8217;in da\u011flar\u0131nda de\u011fil, T\u00fcrkiye&#8217;nin b\u00fct\u00fcn da\u011flar\u0131nda \u00e7i\u00e7ek a\u00e7t\u0131raca\u011f\u0131z'&#8221;<\/em><\/strong>&nbsp;ifadelerine yer verdi.<\/p>\n\n\n\n<p>Programda ayr\u0131ca; CHP Mersin \u0130l Ba\u015fkan\u0131 Koral \u00d6m\u00fcr, CHP Adana \u0130l Ba\u015fkan\u0131 An\u0131l Tanburo\u011flu, CHP Gaziantep \u0130l Ba\u015fkan\u0131 Reis Reiso\u011flu, CHP Kahramanmara\u015f \u0130l Ba\u015fkan\u0131 \u00dcnal Ate\u015f, CHP Kilis \u0130l Ba\u015fkan\u0131 Ahmet Hangillio\u011fu, CHP Osmaniye \u0130l Ba\u015fkan\u0131 Mutlu Yavuzer ile CHP Adana \u0130l Gen\u00e7lik Kollar\u0131 Ba\u015fkan\u0131 Ahmet Tan\u0131k, CHP Adana \u0130l Kad\u0131n Kollar\u0131 Ba\u015fkan\u0131 \u00d6zg\u00fcrtan \u00c7\u0131\u011f da yurtta\u015flar\u0131 selamlad\u0131.<strong><\/strong><\/p>\n","protected":false},"excerpt":{"rendered":"<p>Mersin B\u00fcy\u00fck\u015fehir Belediye Ba\u015fkan\u0131 Vahap Se\u00e7er, \u0130stanbul B\u00fcy\u00fck\u015fehir Belediye Ba\u015fkan\u0131 Ekrem \u0130mamo\u011flu&#8217;nun&nbsp;&#8216;Cumhuriyet Halk Partisi (CHP) Cumhurba\u015fkanl\u0131\u011f\u0131 Adayl\u0131\u011f\u0131 \u00d6n Se\u00e7im Bulu\u015fmas\u0131&#8217;&nbsp;kapsam\u0131nda d\u00fczenledi\u011fi&nbsp;&#8220;Adana Bulu\u015fmas\u0131&#8221;na kat\u0131ld\u0131. Bulu\u015fmaya; Mersin B\u00fcy\u00fck\u015fehir Belediye Ba\u015fkan\u0131 Vahap Se\u00e7er&#8217;in yan\u0131 s\u0131ra Adana B\u00fcy\u00fck\u015fehir Belediye Ba\u015fkan\u0131 Zeydan Karalar, il ve il\u00e7elerden belediye ba\u015fkanlar\u0131,&nbsp;CHP Parti Meclisi \u00fcyeleri, Genel Ba\u015fkan Yard\u0131mc\u0131lar\u0131, il ba\u015fkanlar\u0131 ile Adana ve \u00e7evre [&hellip;]<\/p>\n","protected":false},"author":2,"featured_media":40530,"comment_status":"closed","ping_status":"closed","sticky":false,"template":"","format":"standard","meta":{"footnotes":""},"categories":[3],"tags":[],"class_list":["post-40529","post","type-post","status-publish","format-standard","has-post-thumbnail","hentry","category-manset"],"views":3,"_links":{"self":[{"href":"https:\/\/mersinkadingazetesi.com\/index.php?rest_route=\/wp\/v2\/posts\/40529"}],"collection":[{"href":"https:\/\/mersinkadingazetesi.com\/index.php?rest_route=\/wp\/v2\/posts"}],"about":[{"href":"https:\/\/mersinkadingazetesi.com\/index.php?rest_route=\/wp\/v2\/types\/post"}],"author":[{"embeddable":true,"href":"https:\/\/mersinkadingazetesi.com\/index.php?rest_route=\/wp\/v2\/users\/2"}],"replies":[{"embeddable":true,"href":"https:\/\/mersinkadingazetesi.com\/index.php?rest_route=%2Fwp%2Fv2%2Fcomments&post=40529"}],"version-history":[{"count":1,"href":"https:\/\/mersinkadingazetesi.com\/index.php?rest_route=\/wp\/v2\/posts\/40529\/revisions"}],"predecessor-version":[{"id":40531,"href":"https:\/\/mersinkadingazetesi.com\/index.php?rest_route=\/wp\/v2\/posts\/40529\/revisions\/40531"}],"wp:featuredmedia":[{"embeddable":true,"href":"https:\/\/mersinkadingazetesi.com\/index.php?rest_route=\/wp\/v2\/media\/40530"}],"wp:attachment":[{"href":"https:\/\/mersinkadingazetesi.com\/index.php?rest_route=%2Fwp%2Fv2%2Fmedia&parent=40529"}],"wp:term":[{"taxonomy":"category","embeddable":true,"href":"https:\/\/mersinkadingazetesi.com\/index.php?rest_route=%2Fwp%2Fv2%2Fcategories&post=40529"},{"taxonomy":"post_tag","embeddable":true,"href":"https:\/\/mersinkadingazetesi.com\/index.php?rest_route=%2Fwp%2Fv2%2Ftags&post=40529"}],"curies":[{"name":"wp","href":"https:\/\/api.w.org\/{rel}","templated":true}]}}