{"id":40535,"date":"2025-03-10T09:13:56","date_gmt":"2025-03-10T06:13:56","guid":{"rendered":"https:\/\/mersinkadingazetesi.com\/?p=40535"},"modified":"2025-03-10T09:13:56","modified_gmt":"2025-03-10T06:13:56","slug":"ogrenci-ve-ogretmenlerimizin-hazirladigi-ve-ramazanin-ruhunu-yansitan-birbirinden-renkli-etkinlikler-izleyenleri-gecmise-goturdu","status":"publish","type":"post","link":"https:\/\/mersinkadingazetesi.com\/?p=40535","title":{"rendered":"\u00d6\u011eRENC\u0130 VE \u00d6\u011eRETMENLER\u0130M\u0130Z\u0130N HAZIRLADI\u011eI VE RAMAZANIN RUHUNU YANSITAN B\u0130RB\u0130R\u0130NDEN RENKL\u0130 ETK\u0130NL\u0130KLER \u0130ZLEYENLER\u0130 GE\u00c7M\u0130\u015eE G\u00d6T\u00dcRD\u00dc\u00a0"},"content":{"rendered":"\n<p>M\u00fcd\u00fcrl\u00fc\u011f\u00fcm\u00fcz\u00fcn b\u00fcnyesinde, Ramazan ay\u0131n\u0131n manevi atmosferini ve zengin k\u00fclt\u00fcrel miras\u0131n\u0131 vatanda\u015flar\u0131m\u0131zla bulu\u015fturmak amac\u0131yla d\u00fczenlenen etkinlikler, Saya Park Al\u0131\u015fveri\u015f Merkezi&#8217;nde b\u00fcy\u00fck bir co\u015fkuyla ba\u015flad\u0131. Okullar\u0131m\u0131z\u0131n \u00f6\u011frenci ve \u00f6\u011fretmenlerinin emekleriyle haz\u0131rlanan bu \u00f6zel etkinlik, Ramazan&#8217;\u0131n ruhunu yans\u0131tan birbirinden renkli ve anlaml\u0131 g\u00f6sterilere sahne oldu.<\/p>\n\n\n\n<p>Etkinlikler, \u015eehit Erol Ol\u00e7ok \u0130mam Hatip Ortaokulunun davul ve manileriyle ba\u015flad\u0131. Ard\u0131ndan, Nevit Kodall\u0131 G\u00fczel Sanatlar Anadolu Lisesinin Musik\u00ee ve \u0130lah\u00ee Korosu dinleyicilere unutulmaz anlar ya\u015fatt\u0131. Abdulkadir Per\u015fembe Vakf\u0131 \u0130mam Hatip Ortaokulunun sahneledi\u011fi Hacivat ve Karag\u00f6z G\u00f6lge Oyunu, hem \u00e7ocuklar\u0131 hem de yeti\u015fkinleri e\u011flendirdi. Mezitli Anadolu \u0130mam Hatip Lisesinin \u0130lah\u00ee Korosu ve Mezitli Mevlana \u0130mam Hatip Ortaokulunun ebru sanat\u0131 uygulamas\u0131 ise izleyenlerin be\u011fenisini ald\u0131.<\/p>\n\n\n\n<p>&#8220;Ramazan Deyince, Sessizce Aram\u0131zdan Ayr\u0131lan Ramazan Gelenekleri, Ramazan&#8217;\u0131n G\u00fcld\u00fcrenleri, Ramazan&#8217;\u0131n Olmazsa Olmazlar\u0131&#8221; temalar\u0131yla haz\u0131rlanan Ramazan nameleri sergisinin a\u00e7\u0131l\u0131\u015f\u0131 da yap\u0131ld\u0131, sergi b\u00fcy\u00fck ilgi g\u00f6rd\u00fc. Ge\u00e7mi\u015ften g\u00fcn\u00fcm\u00fcze Ramazan geleneklerinin izlerini ta\u015f\u0131yan sergi, ziyaret\u00e7ilere nostaljik bir yolculuk ya\u015fatt\u0131.<\/p>\n\n\n\n<p>Etkinli\u011fin a\u00e7\u0131l\u0131\u015f\u0131nda konu\u015fan \u0130l Mill\u00ee E\u011fitim M\u00fcd\u00fcr\u00fc Fazilet Durmu\u015f, Ramazan&#8217;\u0131n payla\u015fma, dayan\u0131\u015fma ve manevi de\u011ferleri ya\u015fatma ay\u0131 oldu\u011funa vurgu yaparak \u015funlar\u0131 s\u00f6yledi: &#8220;Bu m\u00fcbarek ayda, \u00f6\u011frencilerimizin ve \u00f6\u011fretmenlerimizin haz\u0131rlad\u0131\u011f\u0131 bu anlaml\u0131 etkinliklerle Ramazan&#8217;\u0131n g\u00fczelliklerini hep birlikte ya\u015f\u0131yoruz. Amac\u0131m\u0131z, gen\u00e7lerimize ve \u00e7ocuklar\u0131m\u0131za Ramazan&#8217;\u0131n ruhunu en iyi \u015fekilde aktarmak, k\u00fclt\u00fcrel de\u011ferlerimizi ya\u015fatmak ve gelecek nesillere aktarmakt\u0131r. Bu t\u00fcr etkinlikler, \u00f6\u011frencilerimizin sosyal ve k\u00fclt\u00fcrel geli\u015fimlerine katk\u0131 sa\u011flarken toplumumuzda birlik ve beraberlik duygular\u0131n\u0131 da g\u00fc\u00e7lendirmektedir. Eme\u011fi ge\u00e7en t\u00fcm \u00f6\u011frenci, \u00f6\u011fretmen ve idarecilerimize te\u015fekk\u00fcr ediyorum.&#8221;<\/p>\n\n\n\n<p>Etkinli\u011fe \u0130l Mill\u00ee E\u011fitim M\u00fcd\u00fcr\u00fc Fazilet Durmu\u015f, Merkez il\u00e7eler \u0130l\u00e7e Mill\u00ee E\u011fitim M\u00fcd\u00fcrleri, \u0130l Mill\u00ee E\u011fitim \u015eube M\u00fcd\u00fcr\u00fc \u00d6nder Sar\u0131, \u00e7ok say\u0131da \u00f6\u011fretmen, \u00f6\u011frenci ve vatanda\u015f kat\u0131ld\u0131.<\/p>\n\n\n\n<p><a href=\"https:\/\/mersin.meb.gov.tr\/meb_iys_dosyalar\/2025_03\/08181724_whatsappimage20250308at18.00.12.jpg\" target=\"_blank\" rel=\"noreferrer noopener\"><\/a><\/p>\n","protected":false},"excerpt":{"rendered":"<p>M\u00fcd\u00fcrl\u00fc\u011f\u00fcm\u00fcz\u00fcn b\u00fcnyesinde, Ramazan ay\u0131n\u0131n manevi atmosferini ve zengin k\u00fclt\u00fcrel miras\u0131n\u0131 vatanda\u015flar\u0131m\u0131zla bulu\u015fturmak amac\u0131yla d\u00fczenlenen etkinlikler, Saya Park Al\u0131\u015fveri\u015f Merkezi&#8217;nde b\u00fcy\u00fck bir co\u015fkuyla ba\u015flad\u0131. Okullar\u0131m\u0131z\u0131n \u00f6\u011frenci ve \u00f6\u011fretmenlerinin emekleriyle haz\u0131rlanan bu \u00f6zel etkinlik, Ramazan&#8217;\u0131n ruhunu yans\u0131tan birbirinden renkli ve anlaml\u0131 g\u00f6sterilere sahne oldu. Etkinlikler, \u015eehit Erol Ol\u00e7ok \u0130mam Hatip Ortaokulunun davul ve manileriyle ba\u015flad\u0131. Ard\u0131ndan, Nevit [&hellip;]<\/p>\n","protected":false},"author":2,"featured_media":40536,"comment_status":"closed","ping_status":"closed","sticky":false,"template":"","format":"standard","meta":{"footnotes":""},"categories":[3],"tags":[],"class_list":["post-40535","post","type-post","status-publish","format-standard","has-post-thumbnail","hentry","category-manset"],"views":5,"_links":{"self":[{"href":"https:\/\/mersinkadingazetesi.com\/index.php?rest_route=\/wp\/v2\/posts\/40535"}],"collection":[{"href":"https:\/\/mersinkadingazetesi.com\/index.php?rest_route=\/wp\/v2\/posts"}],"about":[{"href":"https:\/\/mersinkadingazetesi.com\/index.php?rest_route=\/wp\/v2\/types\/post"}],"author":[{"embeddable":true,"href":"https:\/\/mersinkadingazetesi.com\/index.php?rest_route=\/wp\/v2\/users\/2"}],"replies":[{"embeddable":true,"href":"https:\/\/mersinkadingazetesi.com\/index.php?rest_route=%2Fwp%2Fv2%2Fcomments&post=40535"}],"version-history":[{"count":1,"href":"https:\/\/mersinkadingazetesi.com\/index.php?rest_route=\/wp\/v2\/posts\/40535\/revisions"}],"predecessor-version":[{"id":40537,"href":"https:\/\/mersinkadingazetesi.com\/index.php?rest_route=\/wp\/v2\/posts\/40535\/revisions\/40537"}],"wp:featuredmedia":[{"embeddable":true,"href":"https:\/\/mersinkadingazetesi.com\/index.php?rest_route=\/wp\/v2\/media\/40536"}],"wp:attachment":[{"href":"https:\/\/mersinkadingazetesi.com\/index.php?rest_route=%2Fwp%2Fv2%2Fmedia&parent=40535"}],"wp:term":[{"taxonomy":"category","embeddable":true,"href":"https:\/\/mersinkadingazetesi.com\/index.php?rest_route=%2Fwp%2Fv2%2Fcategories&post=40535"},{"taxonomy":"post_tag","embeddable":true,"href":"https:\/\/mersinkadingazetesi.com\/index.php?rest_route=%2Fwp%2Fv2%2Ftags&post=40535"}],"curies":[{"name":"wp","href":"https:\/\/api.w.org\/{rel}","templated":true}]}}