{"id":40538,"date":"2025-03-10T09:15:39","date_gmt":"2025-03-10T06:15:39","guid":{"rendered":"https:\/\/mersinkadingazetesi.com\/?p=40538"},"modified":"2025-03-10T09:15:40","modified_gmt":"2025-03-10T06:15:40","slug":"ozel-cocuklarimizdan-cok-ozel-bir-basari","status":"publish","type":"post","link":"https:\/\/mersinkadingazetesi.com\/?p=40538","title":{"rendered":"\u00d6ZEL \u00c7OCUKLARIMIZDAN \u00c7OK \u00d6ZEL B\u0130R BA\u015eARI\u00a0"},"content":{"rendered":"\n<p>\u00d6zel \u00c7ocuklar Basketbol T\u00fcrkiye \u015eampiyonas\u0131 T\u00fcrkiye&nbsp;<a href=\"http:\/\/2.si\/\" target=\"_blank\" rel=\"noreferrer noopener\">2.si<\/a>&nbsp;Ertu\u011frul Gazi Ortaokulu.<\/p>\n\n\n\n<p>Gen\u00e7lik ve Spor Bakanl\u0131\u011f\u0131 taraf\u0131ndan Okul Sporlar\u0131 kapsam\u0131nda organize edilen etkinliklerde \u0130limizden iki okulumuz \u00fc\u00e7 farkl\u0131 kategoride yer ald\u0131.<\/p>\n\n\n\n<p>2024-2025 E\u011fitim \u00d6\u011fretim Y\u0131l\u0131&nbsp; &nbsp;\u00d6zel Sporcular Okul Sporlar\u0131 T\u00fcrkiye 1.&#8217;li\u011fi m\u00fcsabakalar\u0131 4 bran\u015fta (3&#215;3 Basketbol-Futsal- Masa Tenisi) 6-11 Mart 2025 tarihlerinde \u0130limizde yap\u0131lmaktad\u0131r. \u0130limiz ad\u0131na Erdemli \u00d6zel E\u011fitim Okulu 2. kademe \u00f6\u011frencisi sporcular\u0131m\u0131z 3&#215;3 basketbol ve futsal bran\u015flar\u0131nda m\u00fcsabakalara kat\u0131lm\u0131\u015ft\u0131r. 3&#215;3 Y\u0131ld\u0131z Erkekler Kategorisinde m\u00fcsabakalara kat\u0131lan Ertu\u011frul Gazi Ortaokulu T\u00fcrkiye&nbsp;<a href=\"http:\/\/2.si\/\" target=\"_blank\" rel=\"noreferrer noopener\">2.si<\/a>&nbsp;olarak b\u00fcy\u00fck bir ba\u015far\u0131ya imza atm\u0131\u015ft\u0131r.<\/p>\n\n\n\n<p>M\u00fcsabakalara kat\u0131lan \u00f6\u011frencilerimizi ve bu m\u00fcsabakalarda g\u00f6rev alan Beden E\u011fitimi \u00f6\u011fretmenlerimizi tebrik ediyoruz. Ayr\u0131ca T\u00fcrkiye 2.&#8217;si olarak g\u00f6\u011fs\u00fcm\u00fcz\u00fc kabartan, bu b\u00fcy\u00fck ba\u015far\u0131y\u0131 ilimize kazand\u0131ran Ertu\u011frul Gazi Ortaokulunun ba\u015far\u0131l\u0131 sporcular\u0131n\u0131 ve \u00f6\u011fretmenlerini bu g\u00fczel ba\u015far\u0131dan dolay\u0131 kutluyoruz.<\/p>\n\n\n\n<p><a href=\"https:\/\/mersin.meb.gov.tr\/meb_iys_dosyalar\/2025_03\/09165036_whatsappimage20250309at14.14.03.jpg\" target=\"_blank\" rel=\"noreferrer noopener\"><\/a><\/p>\n","protected":false},"excerpt":{"rendered":"<p>\u00d6zel \u00c7ocuklar Basketbol T\u00fcrkiye \u015eampiyonas\u0131 T\u00fcrkiye&nbsp;2.si&nbsp;Ertu\u011frul Gazi Ortaokulu. Gen\u00e7lik ve Spor Bakanl\u0131\u011f\u0131 taraf\u0131ndan Okul Sporlar\u0131 kapsam\u0131nda organize edilen etkinliklerde \u0130limizden iki okulumuz \u00fc\u00e7 farkl\u0131 kategoride yer ald\u0131. 2024-2025 E\u011fitim \u00d6\u011fretim Y\u0131l\u0131&nbsp; &nbsp;\u00d6zel Sporcular Okul Sporlar\u0131 T\u00fcrkiye 1.&#8217;li\u011fi m\u00fcsabakalar\u0131 4 bran\u015fta (3&#215;3 Basketbol-Futsal- Masa Tenisi) 6-11 Mart 2025 tarihlerinde \u0130limizde yap\u0131lmaktad\u0131r. \u0130limiz ad\u0131na Erdemli \u00d6zel E\u011fitim [&hellip;]<\/p>\n","protected":false},"author":2,"featured_media":40539,"comment_status":"closed","ping_status":"closed","sticky":false,"template":"","format":"standard","meta":{"footnotes":""},"categories":[3,10],"tags":[],"class_list":["post-40538","post","type-post","status-publish","format-standard","has-post-thumbnail","hentry","category-manset","category-spor"],"views":9,"_links":{"self":[{"href":"https:\/\/mersinkadingazetesi.com\/index.php?rest_route=\/wp\/v2\/posts\/40538"}],"collection":[{"href":"https:\/\/mersinkadingazetesi.com\/index.php?rest_route=\/wp\/v2\/posts"}],"about":[{"href":"https:\/\/mersinkadingazetesi.com\/index.php?rest_route=\/wp\/v2\/types\/post"}],"author":[{"embeddable":true,"href":"https:\/\/mersinkadingazetesi.com\/index.php?rest_route=\/wp\/v2\/users\/2"}],"replies":[{"embeddable":true,"href":"https:\/\/mersinkadingazetesi.com\/index.php?rest_route=%2Fwp%2Fv2%2Fcomments&post=40538"}],"version-history":[{"count":1,"href":"https:\/\/mersinkadingazetesi.com\/index.php?rest_route=\/wp\/v2\/posts\/40538\/revisions"}],"predecessor-version":[{"id":40540,"href":"https:\/\/mersinkadingazetesi.com\/index.php?rest_route=\/wp\/v2\/posts\/40538\/revisions\/40540"}],"wp:featuredmedia":[{"embeddable":true,"href":"https:\/\/mersinkadingazetesi.com\/index.php?rest_route=\/wp\/v2\/media\/40539"}],"wp:attachment":[{"href":"https:\/\/mersinkadingazetesi.com\/index.php?rest_route=%2Fwp%2Fv2%2Fmedia&parent=40538"}],"wp:term":[{"taxonomy":"category","embeddable":true,"href":"https:\/\/mersinkadingazetesi.com\/index.php?rest_route=%2Fwp%2Fv2%2Fcategories&post=40538"},{"taxonomy":"post_tag","embeddable":true,"href":"https:\/\/mersinkadingazetesi.com\/index.php?rest_route=%2Fwp%2Fv2%2Ftags&post=40538"}],"curies":[{"name":"wp","href":"https:\/\/api.w.org\/{rel}","templated":true}]}}