{"id":40541,"date":"2025-03-10T09:16:34","date_gmt":"2025-03-10T06:16:34","guid":{"rendered":"https:\/\/mersinkadingazetesi.com\/?p=40541"},"modified":"2025-03-10T09:16:34","modified_gmt":"2025-03-10T06:16:34","slug":"ekmen-kultur-ve-turizm-bakani-sayin-ersoy-milletvekillerini-aydinlatma-sorumlulugundan-kacinmistir","status":"publish","type":"post","link":"https:\/\/mersinkadingazetesi.com\/?p=40541","title":{"rendered":"Ekmen: K\u00fclt\u00fcr ve Turizm Bakan\u0131 Say\u0131n Ersoy, milletvekillerini ayd\u0131nlatma sorumlulu\u011fundan ka\u00e7\u0131nm\u0131\u015ft\u0131r\u00a0"},"content":{"rendered":"\n<figure class=\"wp-block-table\"><table class=\"has-fixed-layout\"><tbody><tr><td><strong>DEVA Partisi Genel Ba\u015fkan Yard\u0131mc\u0131s\u0131 ve Mersin Milletvekili Mehmet Emin Ekmen, T\u00fcrkiye B\u00fcy\u00fck Millet Meclisi Genel Kurulunda s\u00f6z alarak, K\u00fclt\u00fcr ve Turizm Bakan\u0131 Mehmet Nuri Ersoy hakk\u0131nda konu\u015ftu. Bolu\u2019da ya\u015fanan otel yang\u0131n\u0131 sonras\u0131 Mecliste kurulan Kartalkaya Yang\u0131n\u0131n\u0131 Ara\u015ft\u0131rma Komisyonuna Bakan Ersoy\u2019un kat\u0131lmamas\u0131n\u0131 ele\u015ftiren Ekmen, \u201cSay\u0131n Bakan, komisyona kat\u0131lmayarak sorumluluktan ka\u00e7maktad\u0131r\u201d dedi.<\/strong><strong>&nbsp;<\/strong>TBMM Genel Kurulunda konu\u015fan DEVA Partisi Genel Ba\u015fkan Yard\u0131mc\u0131s\u0131 ve Mersin Milletvekili Mehmet Emin Ekmen, K\u00fclt\u00fcr ve Turizm Bakan\u0131 Mehmet Nuri Ersoy\u2019un Kartalkaya Yang\u0131n\u0131n\u0131 Ara\u015ft\u0131rma Komisyonuna kat\u0131lmamas\u0131n\u0131 ele\u015ftirdi.<strong>&nbsp;<\/strong><strong>K\u00fclt\u00fcr ve Turizm Bakan\u0131 y\u00fck\u00fcml\u00fcl\u00fcklerinden ka\u00e7\u0131nm\u0131\u015ft\u0131r<\/strong>Ekmen, \u201cT\u00fcrkiye B\u00fcy\u00fck Millet Meclisi, T\u00fcrkiye tipi ba\u015fkanl\u0131k sistemine ra\u011fmen \u00f6nemini koruyan bir yer. Say\u0131n bakanlar da bu \u00f6nemden olsa gerek, burada yemin ederek g\u00f6revlerine ba\u015fl\u0131yorlar. Ancak bu hafta K\u00fclt\u00fcr ve Turizm Bakan\u0131 Say\u0131n Mehmet Nuri Ersoy Kartalkaya Yang\u0131n\u0131n\u0131 Ara\u015ft\u0131rma Komisyonuna kat\u0131lma, gerekli sorulara cevap verme ve milletvekillerini ayd\u0131nlatma y\u00fck\u00fcml\u00fcl\u00fc\u011f\u00fcnden ka\u00e7\u0131nm\u0131\u015ft\u0131r\u201d dedi.<strong>&nbsp;<\/strong><strong>Yap\u0131lan, T\u00fcrkiye B\u00fcy\u00fck Millet Meclisine kar\u015f\u0131 bir sayg\u0131s\u0131zl\u0131kt\u0131r<\/strong>Ekmen, \u201cSay\u0131n Bakan\u2019\u0131n yapt\u0131\u011f\u0131 T\u00fcrkiye B\u00fcy\u00fck Millet Meclisine yap\u0131lm\u0131\u015f bir sayg\u0131s\u0131zl\u0131kt\u0131r. Ba\u015fkanl\u0131\u011f\u0131n, Ba\u015fkanl\u0131k Divanlar\u0131n\u0131n ve ba\u015fta AK Parti olmak \u00fczere, b\u00fct\u00fcn Meclis gruplar\u0131n\u0131n bu tutumun de\u011fi\u015fmesi konusunda Say\u0131n Bakan\u2019a tazyikte bulunmas\u0131 gerekir. Say\u0131n Bakan Meclise gelmiyorsa dahi bu ara\u015ft\u0131rma komisyonuna kat\u0131larak bu s\u00fcre\u00e7teki iddialar\u0131; ba\u015fta yang\u0131nda hayat\u0131n\u0131 kaybedenlerin ailelerini, daha sonras\u0131nda bu olay nedeniyle b\u00fcy\u00fck zarar g\u00f6ren turizm sekt\u00f6r\u00fcn\u00fcn b\u00fct\u00fcn payda\u015flar\u0131n\u0131 ikna edecek \u015fekilde bilgilendirmelidir\u201d ifadelerini kulland\u0131.<\/td><\/tr><\/tbody><\/table><\/figure>\n","protected":false},"excerpt":{"rendered":"<p>DEVA Partisi Genel Ba\u015fkan Yard\u0131mc\u0131s\u0131 ve Mersin Milletvekili Mehmet Emin Ekmen, T\u00fcrkiye B\u00fcy\u00fck Millet Meclisi Genel Kurulunda s\u00f6z alarak, K\u00fclt\u00fcr ve Turizm Bakan\u0131 Mehmet Nuri Ersoy hakk\u0131nda konu\u015ftu. Bolu\u2019da ya\u015fanan otel yang\u0131n\u0131 sonras\u0131 Mecliste kurulan Kartalkaya Yang\u0131n\u0131n\u0131 Ara\u015ft\u0131rma Komisyonuna Bakan Ersoy\u2019un kat\u0131lmamas\u0131n\u0131 ele\u015ftiren Ekmen, \u201cSay\u0131n Bakan, komisyona kat\u0131lmayarak sorumluluktan ka\u00e7maktad\u0131r\u201d dedi.&nbsp;TBMM Genel Kurulunda konu\u015fan DEVA [&hellip;]<\/p>\n","protected":false},"author":2,"featured_media":40506,"comment_status":"closed","ping_status":"closed","sticky":false,"template":"","format":"standard","meta":{"footnotes":""},"categories":[3],"tags":[],"class_list":["post-40541","post","type-post","status-publish","format-standard","has-post-thumbnail","hentry","category-manset"],"views":4,"_links":{"self":[{"href":"https:\/\/mersinkadingazetesi.com\/index.php?rest_route=\/wp\/v2\/posts\/40541"}],"collection":[{"href":"https:\/\/mersinkadingazetesi.com\/index.php?rest_route=\/wp\/v2\/posts"}],"about":[{"href":"https:\/\/mersinkadingazetesi.com\/index.php?rest_route=\/wp\/v2\/types\/post"}],"author":[{"embeddable":true,"href":"https:\/\/mersinkadingazetesi.com\/index.php?rest_route=\/wp\/v2\/users\/2"}],"replies":[{"embeddable":true,"href":"https:\/\/mersinkadingazetesi.com\/index.php?rest_route=%2Fwp%2Fv2%2Fcomments&post=40541"}],"version-history":[{"count":1,"href":"https:\/\/mersinkadingazetesi.com\/index.php?rest_route=\/wp\/v2\/posts\/40541\/revisions"}],"predecessor-version":[{"id":40542,"href":"https:\/\/mersinkadingazetesi.com\/index.php?rest_route=\/wp\/v2\/posts\/40541\/revisions\/40542"}],"wp:featuredmedia":[{"embeddable":true,"href":"https:\/\/mersinkadingazetesi.com\/index.php?rest_route=\/wp\/v2\/media\/40506"}],"wp:attachment":[{"href":"https:\/\/mersinkadingazetesi.com\/index.php?rest_route=%2Fwp%2Fv2%2Fmedia&parent=40541"}],"wp:term":[{"taxonomy":"category","embeddable":true,"href":"https:\/\/mersinkadingazetesi.com\/index.php?rest_route=%2Fwp%2Fv2%2Fcategories&post=40541"},{"taxonomy":"post_tag","embeddable":true,"href":"https:\/\/mersinkadingazetesi.com\/index.php?rest_route=%2Fwp%2Fv2%2Ftags&post=40541"}],"curies":[{"name":"wp","href":"https:\/\/api.w.org\/{rel}","templated":true}]}}