{"id":40543,"date":"2025-03-10T09:18:09","date_gmt":"2025-03-10T06:18:09","guid":{"rendered":"https:\/\/mersinkadingazetesi.com\/?p=40543"},"modified":"2025-03-10T09:18:09","modified_gmt":"2025-03-10T06:18:09","slug":"buyuksehir-belediyesinde-haftada-2-gun-piyano-dinletisi-sunuluyor","status":"publish","type":"post","link":"https:\/\/mersinkadingazetesi.com\/?p=40543","title":{"rendered":"B\u00dcY\u00dcK\u015eEH\u0130R BELED\u0130YES\u0130&#8217;NDE HAFTADA 2 G\u00dcN P\u0130YANO D\u0130NLET\u0130S\u0130 SUNULUYOR"},"content":{"rendered":"\n<p>Mersin B\u00fcy\u00fck\u015fehir Belediyesi Ana Hizmet Binas\u0131, piyano ezgileriyle dolup ta\u015f\u0131yor. Her hafta Sal\u0131 ve Per\u015fembe g\u00fcnleri hem gelen misafirlere, hem de personele keyifli bir dinleti sunuluyor. B\u00fcy\u00fck\u015fehir Belediyesi Kent Orkestras\u0131&#8217;nda g\u00f6rev yapan gen\u00e7 piyanist Cem G\u00f6rkem G\u00fcndo\u011fdu, haftada 2 kez birbirinden g\u00fczel eserlerle dinleyicilere unutulmaz anlar ya\u015fat\u0131yor.<\/p>\n\n\n\n<p>B\u00fcy\u00fck\u015fehir Belediyesi Ana Hizmet Binas\u0131&#8217;n\u0131n kap\u0131s\u0131 k\u00fclt\u00fcr ve sanat etkinliklerine a\u00e7\u0131lmaya devam ediyor. Otizm te\u015fhisli \u00f6zel bir birey olan Cem, yetene\u011fiyle izleyenleri hayran b\u0131rak\u0131yor. G\u00fcndo\u011fdu&#8217;nun piyano performans\u0131, ayn\u0131 zamanda toplumda \u00f6zel bireylerin ne denli ba\u015far\u0131l\u0131 olabilece\u011finin \u00f6rne\u011fini de sunuyor. Cem&#8217;in bu yetene\u011fi, otizmli bireylerin potansiyellerine dair fark\u0131ndal\u0131k yarat\u0131rken, m\u00fczi\u011fin iyile\u015ftirici g\u00fcc\u00fcn\u00fc de g\u00f6zler \u00f6n\u00fcne seriyor. Mersin&#8217;i sanat\u0131n da ba\u015fkenti yapma yolunda bir\u00e7ok destek sunan B\u00fcy\u00fck\u015fehir Belediyesi, bu t\u00fcr etkinliklerle hem sanat zenginli\u011fi yarat\u0131yor hem de \u00f6zel bireyleri g\u00f6r\u00fcn\u00fcr k\u0131l\u0131yor.<\/p>\n\n\n\n<p><strong>Matyar: &#8220;Personelimiz ve gelen misafirler bu dinletilerden \u00e7ok memnun kal\u0131yor&#8221;<\/strong><\/p>\n\n\n\n<p>B\u00fcy\u00fck\u015fehir Belediyesi K\u00fclt\u00fcr ve Sosyal \u0130\u015fler Dairesi K\u00fclt\u00fcr Hizmetleri ve Sanat Topluluklar\u0131 \u015eube M\u00fcd\u00fcr\u00fc Eylem Matyar,&nbsp;<strong>&#8220;G\u00f6rkem, 4 y\u0131ld\u0131r sanat topluluklar\u0131m\u0131zda yer al\u0131yor. \u00d6zel bir birey. K\u00fc\u00e7\u00fck ya\u015flardan beri piyano e\u011fitimi alm\u0131\u015f ve \u00e7ok g\u00fczel piyano \u00e7al\u0131yor. En b\u00fcy\u00fck hazz\u0131, en b\u00fcy\u00fck mutlulu\u011fu ve motivasyonu piyano. Biz de Ba\u015fkanl\u0131k Binas\u0131&#8217;nda piyanonun varl\u0131\u011f\u0131n\u0131 biliyorduk. Burada d\u00fczenli olarak G\u00f6rkem&#8217;in piyano \u00e7almas\u0131n\u0131 istedik. \u00c7al\u0131\u015fan personelimizin motivasyonunu art\u0131r\u0131yor ve gelen misafirler de \u00e7ok memnun&#8221;&nbsp;<\/strong>dedi.<\/p>\n\n\n\n<p><strong>G\u00fcndo\u011fdu: &#8220;Piyano \u00e7almay\u0131 \u00e7ok seviyorum&#8221;<\/strong><\/p>\n\n\n\n<p>Gen\u00e7 piyanist Cem G\u00f6rkem G\u00fcndo\u011fdu,<strong>&nbsp;&#8220;Piyano \u00e7almay\u0131 \u00e7ok seviyorum. Belediye&#8217;de piyano \u00e7almay\u0131 da \u00e7ok seviyorum. Herkes beni dinliyor. Ba\u015fkan\u0131m\u0131z Vahap Se\u00e7er&#8217;e te\u015fekk\u00fcr ediyorum&#8221;&nbsp;<\/strong>s\u00f6zlerine yer verdi.<\/p>\n\n\n\n<p><strong>Anne G\u00fcndo\u011fdu: &#8220;M\u00fczik, G\u00f6rkem&#8217;in hayat\u0131nda \u00f6nemli bir yer kapl\u0131yor&#8221;<\/strong><\/p>\n\n\n\n<p>Cem G\u00f6rkem G\u00fcndo\u011fdu&#8217;nun annesi Ferda G\u00fcndo\u011fdu, o\u011fluna 2,5 ya\u015f\u0131nda otizm te\u015fhisi kondu\u011funu ve e\u011fitim i\u00e7in uzun y\u0131llar emek verdiklerini anlatt\u0131. 10 ya\u015f\u0131nda piyanoyla tan\u0131\u015fmas\u0131yla o\u011flunun hayat\u0131nda m\u00fczi\u011fin \u00f6nemli bir yer kaplad\u0131\u011f\u0131n\u0131 ve kendini m\u00fczikle \u00e7ok iyi ifade etti\u011fini anlatan G\u00fcndo\u011fdu,&nbsp;<strong>&#8220;17 y\u0131ld\u0131r piyano \u00e7al\u0131yor ve \u00e7ok yetenekli. Hayat\u0131na \u00e7ok fazla \u015fey katt\u0131\u011f\u0131n\u0131 d\u00fc\u015f\u00fcn\u00fcyorum. Her Sal\u0131 ve Per\u015fembe g\u00fcn\u00fc, Belediye&#8217;nin Hizmet Binas\u0131&#8217;nda \u00e7al\u0131yor. Bu G\u00f6rkem i\u00e7in m\u00fcthi\u015f bir deneyim oluyor. Konu\u015fmas\u0131nda, hareketlerinde \u00e7ok fazla farkl\u0131l\u0131k g\u00f6r\u00fcyorum.<\/strong>&nbsp;<strong>Bu anlamda Ba\u015fkan\u0131m\u0131z Vahap Se\u00e7er&#8217;e hem k\u00fclt\u00fcr ve sanat ad\u0131na yapt\u0131\u011f\u0131 \u00e7al\u0131\u015fmalardan dolay\u0131, hem de \u00f6zel bireylere olan fark\u0131ndal\u0131\u011f\u0131 a\u00e7\u0131s\u0131ndan \u00e7ok te\u015fekk\u00fcr ederim. Ger\u00e7ekten \u00e7ok duyarl\u0131&#8221;&nbsp;<\/strong>diye konu\u015ftu.<\/p>\n","protected":false},"excerpt":{"rendered":"<p>Mersin B\u00fcy\u00fck\u015fehir Belediyesi Ana Hizmet Binas\u0131, piyano ezgileriyle dolup ta\u015f\u0131yor. Her hafta Sal\u0131 ve Per\u015fembe g\u00fcnleri hem gelen misafirlere, hem de personele keyifli bir dinleti sunuluyor. B\u00fcy\u00fck\u015fehir Belediyesi Kent Orkestras\u0131&#8217;nda g\u00f6rev yapan gen\u00e7 piyanist Cem G\u00f6rkem G\u00fcndo\u011fdu, haftada 2 kez birbirinden g\u00fczel eserlerle dinleyicilere unutulmaz anlar ya\u015fat\u0131yor. B\u00fcy\u00fck\u015fehir Belediyesi Ana Hizmet Binas\u0131&#8217;n\u0131n kap\u0131s\u0131 k\u00fclt\u00fcr ve [&hellip;]<\/p>\n","protected":false},"author":2,"featured_media":40544,"comment_status":"closed","ping_status":"closed","sticky":false,"template":"","format":"standard","meta":{"footnotes":""},"categories":[3],"tags":[],"class_list":["post-40543","post","type-post","status-publish","format-standard","has-post-thumbnail","hentry","category-manset"],"views":5,"_links":{"self":[{"href":"https:\/\/mersinkadingazetesi.com\/index.php?rest_route=\/wp\/v2\/posts\/40543"}],"collection":[{"href":"https:\/\/mersinkadingazetesi.com\/index.php?rest_route=\/wp\/v2\/posts"}],"about":[{"href":"https:\/\/mersinkadingazetesi.com\/index.php?rest_route=\/wp\/v2\/types\/post"}],"author":[{"embeddable":true,"href":"https:\/\/mersinkadingazetesi.com\/index.php?rest_route=\/wp\/v2\/users\/2"}],"replies":[{"embeddable":true,"href":"https:\/\/mersinkadingazetesi.com\/index.php?rest_route=%2Fwp%2Fv2%2Fcomments&post=40543"}],"version-history":[{"count":1,"href":"https:\/\/mersinkadingazetesi.com\/index.php?rest_route=\/wp\/v2\/posts\/40543\/revisions"}],"predecessor-version":[{"id":40545,"href":"https:\/\/mersinkadingazetesi.com\/index.php?rest_route=\/wp\/v2\/posts\/40543\/revisions\/40545"}],"wp:featuredmedia":[{"embeddable":true,"href":"https:\/\/mersinkadingazetesi.com\/index.php?rest_route=\/wp\/v2\/media\/40544"}],"wp:attachment":[{"href":"https:\/\/mersinkadingazetesi.com\/index.php?rest_route=%2Fwp%2Fv2%2Fmedia&parent=40543"}],"wp:term":[{"taxonomy":"category","embeddable":true,"href":"https:\/\/mersinkadingazetesi.com\/index.php?rest_route=%2Fwp%2Fv2%2Fcategories&post=40543"},{"taxonomy":"post_tag","embeddable":true,"href":"https:\/\/mersinkadingazetesi.com\/index.php?rest_route=%2Fwp%2Fv2%2Ftags&post=40543"}],"curies":[{"name":"wp","href":"https:\/\/api.w.org\/{rel}","templated":true}]}}