{"id":40549,"date":"2025-03-10T09:21:54","date_gmt":"2025-03-10T06:21:54","guid":{"rendered":"https:\/\/mersinkadingazetesi.com\/?p=40549"},"modified":"2025-03-10T09:21:55","modified_gmt":"2025-03-10T06:21:55","slug":"toros-esi-dudu-irem-toros-ile-birlikte-8-mart-dunya-kadinlar-gunu-kutlama-programina-katildi","status":"publish","type":"post","link":"https:\/\/mersinkadingazetesi.com\/?p=40549","title":{"rendered":"TOROS, E\u015e\u0130 DUDU \u0130REM TOROS \u0130LE B\u0130RL\u0130KTE 8 MART D\u00dcNYA KADINLAR G\u00dcN\u00dc KUTLAMA PROGRAMINA KATILDI"},"content":{"rendered":"\n<p>Vali Atilla Toros, e\u015fi Dudu \u0130rem Toros ile birlikte 8 Mart D\u00fcnya Kad\u0131nlar G\u00fcn\u00fc kutlama program\u0131na kat\u0131ld\u0131.<\/p>\n\n\n\n<p>Vali Atilla Toros konu\u015fmas\u0131nda, al\u0131n teriyle, eme\u011fiyle, sevgisiyle d\u00fcnyay\u0131 g\u00fczelle\u015ftiren t\u00fcm kad\u0131nlar\u0131m\u0131z\u0131n 8 Mart D\u00fcnya Kad\u0131nlar G\u00fcn\u00fc\u2019n\u00fc en i\u00e7ten dilekleri ile kutlad\u0131.<\/p>\n\n\n\n<p>Programda; Mut \u0130l\u00e7esi \u00c7ukurba\u011f Mahallesi sakinlerinden olu\u015fan \u015ealvarl\u0131 Kad\u0131nlar Korosu ve \u0130l Milli E\u011fitim M\u00fcd\u00fcrl\u00fc\u011f\u00fc \u00d6\u011fretmenler Korosu\u2019nun seslendirdi\u011fi \u015fark\u0131lar dinlendi, \u015fiirler okundu.<\/p>\n","protected":false},"excerpt":{"rendered":"<p>Vali Atilla Toros, e\u015fi Dudu \u0130rem Toros ile birlikte 8 Mart D\u00fcnya Kad\u0131nlar G\u00fcn\u00fc kutlama program\u0131na kat\u0131ld\u0131. Vali Atilla Toros konu\u015fmas\u0131nda, al\u0131n teriyle, eme\u011fiyle, sevgisiyle d\u00fcnyay\u0131 g\u00fczelle\u015ftiren t\u00fcm kad\u0131nlar\u0131m\u0131z\u0131n 8 Mart D\u00fcnya Kad\u0131nlar G\u00fcn\u00fc\u2019n\u00fc en i\u00e7ten dilekleri ile kutlad\u0131. Programda; Mut \u0130l\u00e7esi \u00c7ukurba\u011f Mahallesi sakinlerinden olu\u015fan \u015ealvarl\u0131 Kad\u0131nlar Korosu ve \u0130l Milli E\u011fitim M\u00fcd\u00fcrl\u00fc\u011f\u00fc \u00d6\u011fretmenler [&hellip;]<\/p>\n","protected":false},"author":2,"featured_media":40550,"comment_status":"closed","ping_status":"closed","sticky":false,"template":"","format":"standard","meta":{"footnotes":""},"categories":[3],"tags":[],"class_list":["post-40549","post","type-post","status-publish","format-standard","has-post-thumbnail","hentry","category-manset"],"views":5,"_links":{"self":[{"href":"https:\/\/mersinkadingazetesi.com\/index.php?rest_route=\/wp\/v2\/posts\/40549"}],"collection":[{"href":"https:\/\/mersinkadingazetesi.com\/index.php?rest_route=\/wp\/v2\/posts"}],"about":[{"href":"https:\/\/mersinkadingazetesi.com\/index.php?rest_route=\/wp\/v2\/types\/post"}],"author":[{"embeddable":true,"href":"https:\/\/mersinkadingazetesi.com\/index.php?rest_route=\/wp\/v2\/users\/2"}],"replies":[{"embeddable":true,"href":"https:\/\/mersinkadingazetesi.com\/index.php?rest_route=%2Fwp%2Fv2%2Fcomments&post=40549"}],"version-history":[{"count":1,"href":"https:\/\/mersinkadingazetesi.com\/index.php?rest_route=\/wp\/v2\/posts\/40549\/revisions"}],"predecessor-version":[{"id":40551,"href":"https:\/\/mersinkadingazetesi.com\/index.php?rest_route=\/wp\/v2\/posts\/40549\/revisions\/40551"}],"wp:featuredmedia":[{"embeddable":true,"href":"https:\/\/mersinkadingazetesi.com\/index.php?rest_route=\/wp\/v2\/media\/40550"}],"wp:attachment":[{"href":"https:\/\/mersinkadingazetesi.com\/index.php?rest_route=%2Fwp%2Fv2%2Fmedia&parent=40549"}],"wp:term":[{"taxonomy":"category","embeddable":true,"href":"https:\/\/mersinkadingazetesi.com\/index.php?rest_route=%2Fwp%2Fv2%2Fcategories&post=40549"},{"taxonomy":"post_tag","embeddable":true,"href":"https:\/\/mersinkadingazetesi.com\/index.php?rest_route=%2Fwp%2Fv2%2Ftags&post=40549"}],"curies":[{"name":"wp","href":"https:\/\/api.w.org\/{rel}","templated":true}]}}