{"id":40552,"date":"2025-03-10T09:23:31","date_gmt":"2025-03-10T06:23:31","guid":{"rendered":"https:\/\/mersinkadingazetesi.com\/?p=40552"},"modified":"2025-03-10T09:23:32","modified_gmt":"2025-03-10T06:23:32","slug":"vali-atilla-toros-esi-dudu-irem-toros-ile-birlikte-iftar-yemeginde-yoruk-cadirinda","status":"publish","type":"post","link":"https:\/\/mersinkadingazetesi.com\/?p=40552","title":{"rendered":"VAL\u0130 AT\u0130LLA TOROS, E\u015e\u0130 DUDU \u0130REM TOROS \u0130LE B\u0130RL\u0130KTE, \u0130FTAR YEME\u011e\u0130NDE Y\u00d6R\u00dcK \u00c7ADIRINDA"},"content":{"rendered":"\n<p>Valimiz Say\u0131n Atilla Toros, e\u015fi Dudu \u0130rem Toros Han\u0131mefendi ile birlikte, \u0130ftar yeme\u011finde Toroslar \u0130l\u00e7esi Ayvagedi\u011fi Mahallesi\u2019nde y\u00f6r\u00fck \u00e7ad\u0131r\u0131nda Aksay ailesinin misafir oldu.<\/p>\n\n\n\n<p>\u0130ftar yeme\u011fi sonras\u0131nda Aksay ailesi ile \u00e7ay e\u015fli\u011finde s\u0131cak bir sohbet ger\u00e7ekle\u015ftiren Vali Atilla Toros, misafirperverliklerinden dolay\u0131 Aksay ailesine te\u015fekk\u00fcr etti, hay\u0131rl\u0131 bereketli Ramazanlar diledi.<\/p>\n","protected":false},"excerpt":{"rendered":"<p>Valimiz Say\u0131n Atilla Toros, e\u015fi Dudu \u0130rem Toros Han\u0131mefendi ile birlikte, \u0130ftar yeme\u011finde Toroslar \u0130l\u00e7esi Ayvagedi\u011fi Mahallesi\u2019nde y\u00f6r\u00fck \u00e7ad\u0131r\u0131nda Aksay ailesinin misafir oldu. \u0130ftar yeme\u011fi sonras\u0131nda Aksay ailesi ile \u00e7ay e\u015fli\u011finde s\u0131cak bir sohbet ger\u00e7ekle\u015ftiren Vali Atilla Toros, misafirperverliklerinden dolay\u0131 Aksay ailesine te\u015fekk\u00fcr etti, hay\u0131rl\u0131 bereketli Ramazanlar diledi.<\/p>\n","protected":false},"author":2,"featured_media":40553,"comment_status":"closed","ping_status":"closed","sticky":false,"template":"","format":"standard","meta":{"footnotes":""},"categories":[3],"tags":[],"class_list":["post-40552","post","type-post","status-publish","format-standard","has-post-thumbnail","hentry","category-manset"],"views":3,"_links":{"self":[{"href":"https:\/\/mersinkadingazetesi.com\/index.php?rest_route=\/wp\/v2\/posts\/40552"}],"collection":[{"href":"https:\/\/mersinkadingazetesi.com\/index.php?rest_route=\/wp\/v2\/posts"}],"about":[{"href":"https:\/\/mersinkadingazetesi.com\/index.php?rest_route=\/wp\/v2\/types\/post"}],"author":[{"embeddable":true,"href":"https:\/\/mersinkadingazetesi.com\/index.php?rest_route=\/wp\/v2\/users\/2"}],"replies":[{"embeddable":true,"href":"https:\/\/mersinkadingazetesi.com\/index.php?rest_route=%2Fwp%2Fv2%2Fcomments&post=40552"}],"version-history":[{"count":1,"href":"https:\/\/mersinkadingazetesi.com\/index.php?rest_route=\/wp\/v2\/posts\/40552\/revisions"}],"predecessor-version":[{"id":40554,"href":"https:\/\/mersinkadingazetesi.com\/index.php?rest_route=\/wp\/v2\/posts\/40552\/revisions\/40554"}],"wp:featuredmedia":[{"embeddable":true,"href":"https:\/\/mersinkadingazetesi.com\/index.php?rest_route=\/wp\/v2\/media\/40553"}],"wp:attachment":[{"href":"https:\/\/mersinkadingazetesi.com\/index.php?rest_route=%2Fwp%2Fv2%2Fmedia&parent=40552"}],"wp:term":[{"taxonomy":"category","embeddable":true,"href":"https:\/\/mersinkadingazetesi.com\/index.php?rest_route=%2Fwp%2Fv2%2Fcategories&post=40552"},{"taxonomy":"post_tag","embeddable":true,"href":"https:\/\/mersinkadingazetesi.com\/index.php?rest_route=%2Fwp%2Fv2%2Ftags&post=40552"}],"curies":[{"name":"wp","href":"https:\/\/api.w.org\/{rel}","templated":true}]}}