{"id":40555,"date":"2025-03-10T09:58:00","date_gmt":"2025-03-10T06:58:00","guid":{"rendered":"https:\/\/mersinkadingazetesi.com\/?p=40555"},"modified":"2025-03-10T09:58:00","modified_gmt":"2025-03-10T06:58:00","slug":"secer-iyi-bir-yonetici-hak-hukuk-adalet-nedir-bilmeli","status":"publish","type":"post","link":"https:\/\/mersinkadingazetesi.com\/?p=40555","title":{"rendered":"SE\u00c7ER: &#8220;\u0130Y\u0130 B\u0130R Y\u00d6NET\u0130C\u0130;\u00a0&#8216;HAK, HUKUK, ADALET NED\u0130R?&#8217;\u00a0B\u0130LMEL\u0130&#8221;"},"content":{"rendered":"\n<p>Mersin B\u00fcy\u00fck\u015fehir Belediye Ba\u015fkan\u0131 Vahap Se\u00e7er, Mersin Minib\u00fcs\u00e7\u00fcler Esnaf Odas\u0131 taraf\u0131ndan d\u00fczenlenen iftar program\u0131nda, \u015fehir i\u00e7inde faaliyet g\u00f6steren minib\u00fcs kooperatiflerinin ba\u015fkanlar\u0131 ve y\u00f6netim kurulu \u00fcyeleri ile bir araya geldi.<\/p>\n\n\n\n<p><strong>Ba\u015fkan Se\u00e7er: &#8220;Minib\u00fcs\u00e7\u00fc esnaf\u0131n\u0131n derdiyle hemhal olan \u00e7ok az Ba\u015fkan vard\u0131r&#8221;<\/strong><\/p>\n\n\n\n<p>Ge\u00e7mi\u015f y\u0131llarda \u00f6zel halk otob\u00fcs ve minib\u00fcs kooperatiflerinin \u00e7e\u015fitli s\u0131k\u0131nt\u0131lar ya\u015fad\u0131\u011f\u0131n\u0131, ancak kendi y\u00f6netimi ile birlikte bu sorunlar\u0131n ortadan kalkt\u0131\u011f\u0131n\u0131 vurgulayan Se\u00e7er, kooperatiflerin b\u00fcy\u00fck rahatlama ya\u015fad\u0131\u011f\u0131na dikkat \u00e7ekti. 6 y\u0131ll\u0131k g\u00f6rev s\u00fcresi boyunca her kesimin sesine kulak verdiklerini vurgulayan Se\u00e7er,&nbsp;<strong>&#8220;Minib\u00fcs\u00e7\u00fc esnaf\u0131yla bu kadar ha\u015fir ne\u015fir olan, derdini dinleyen, kooperatif ba\u015fkan\u0131ndan, en sade \u00fcyesine kadar derdiyle hemhal olan \u00e7ok az Ba\u015fkan vard\u0131r, belki de yoktur. Hep b\u00f6yle ortamlarda belediye ba\u015fkanlar\u0131na deneyimlerimi aktar\u0131rken; &#8216;<em>Dernekler, odalar, sivil toplumla bunlarla diyalo\u011funuz iyi olsun, herkesle oturun, g\u00f6r\u00fc\u015f\u00fcn, toplant\u0131lar yap\u0131n&#8217;<\/em>&nbsp;derim.&nbsp;&nbsp;Ben minib\u00fcs\u00e7\u00fc, halk otob\u00fcs\u00e7\u00fc esnaf\u0131yla oturmu\u015f, 4-5 saat toplant\u0131 yapm\u0131\u015f biriyim. Her insan kendinin de\u011ferli g\u00f6r\u00fclmesini, muhatap al\u0131nmas\u0131n\u0131 ve diyalog kurulmas\u0131n\u0131 ister&#8221;<\/strong>&nbsp;\u015feklinde konu\u015ftu.<\/p>\n\n\n\n<p><strong>&#8220;Mersin&#8217;de art\u0131k kimse kendini ayr\u0131 g\u00f6rm\u00fcyor&#8221;<\/strong><\/p>\n\n\n\n<p>Y\u00f6netim anlay\u0131\u015f\u0131nda kimli\u011fin, rengin, etnisite kavramlar\u0131n\u0131n bir \u00f6nemi olmad\u0131\u011f\u0131n\u0131 ve bu kentte herkesin&nbsp;<strong><em>&#8216;Mersinli&#8217;<\/em><\/strong>&nbsp;kimli\u011fi alt\u0131nda karde\u015f\u00e7e ve bir arada ya\u015fad\u0131\u011f\u0131n\u0131 s\u00f6yleyen Se\u00e7er,&nbsp;<strong>&#8220;Bizim i\u00e7in kimli\u011finiz \u00f6nemli de\u011fildir. Hepiniz Mersinlisiniz. Hepimiz T\u00fcrkiye Cumhuriyeti kimli\u011fi ta\u015f\u0131yoruz. Mersin&#8217;de bu ayr\u0131mlar kalkm\u0131\u015ft\u0131r. Art\u0131k kimse kendini ayr\u0131 g\u00f6rm\u00fcyor. \u0130nsanlara bir \u00f6zg\u00fcven geldi. \u0130nsanlar; &#8216;<em>Benim Ba\u015fkan\u0131m, bizim Ba\u015fkan\u0131m\u0131z&#8217;&nbsp;<\/em>diyor. Bu da bizi onore ve mutlu ediyor, ho\u015fumuza gidiyor. \u0130nsanlar\u0131n etnik kimli\u011fi, mezhebi; onuru, \u015ferefi ve kimli\u011fidir; buna m\u00fcdahale etmek bizim hakk\u0131m\u0131z da haddimiz de de\u011fildir. Bunu kald\u0131raca\u011f\u0131z&#8221;<\/strong>&nbsp;ifadelerini kulland\u0131. Bu ayr\u0131mlar\u0131n herkesi yordu\u011funu da s\u00f6yleyerek s\u00f6zlerini s\u00fcrd\u00fcren Se\u00e7er,&nbsp;<strong>&#8220;Mersin T\u00fcrkiye gibi bir yer, herkes var burada. Do\u011fu&#8217;dan Bat\u0131&#8217;ya, Kuzey&#8217;den Orta Anadolu&#8217;ya herkes burada. Huzur i\u00e7eresindeyiz. \u0130nsanlar sokaklarda hi\u00e7 olmad\u0131\u011f\u0131 kadar huzurlu, mutlu ve g\u00fclerek geziyor&#8221;&nbsp;<\/strong>dedi.<\/p>\n\n\n\n<p><strong>&#8220;\u0130yi bir y\u00f6netici;&nbsp;<em>&#8216;Hak, hukuk, adalet nedir?&#8217;<\/em>&nbsp;bilmeli&#8221;<\/strong><\/p>\n\n\n\n<p>Parti ay\u0131rt etmeksizin bir olman\u0131n \u00f6nemine de\u011finen Se\u00e7er,&nbsp;<strong>&#8220;Biz biriz. Biz se\u00e7im sath-\u0131 mailine girdik mi g\u00f6z g\u00f6ze m\u00fccadele ederiz. Halk kimi istiyorsa, be\u011feniyorsa ve takdir ediyorsa ona oyunu versin. \u015eimdi se\u00e7im ge\u00e7ti. Se\u00e7im zaman\u0131;&nbsp;<em>&#8216;Bak\u0131n 5 y\u0131l g\u00f6rev yapt\u0131m, iyi bir g\u00f6rev yapt\u0131ysak, sizde iyi bir iz b\u0131rakt\u0131ysak ve bir g\u00f6n\u00fcl ba\u011f\u0131 kurmu\u015fsak bize destek olun. Yoksa hakk\u0131m\u0131z helal olsun, hi\u00e7bir problem yok&#8217;<\/em>&nbsp;dedik. Kimin paras\u0131n\u0131 kime veriyoruz? Yapt\u0131\u011f\u0131m yol, da\u011f\u0131tt\u0131\u011f\u0131m destekler, fakire fukaraya verdi\u011fim iftar; bunlar\u0131n vergilerini sizler \u00f6d\u00fcyorsunuz. Kaynak sizin, hepimizin. Biz burada arac\u0131y\u0131z ve \u00e7ok b\u00fcy\u00fck bir y\u00fck ta\u015f\u0131yoruz&#8221;<\/strong>&nbsp;dedi.&nbsp;&nbsp;\u0130yi bir y\u00f6neticinin hak, hukuk, adalet ve sorumluluklar\u0131n\u0131 bilmesi gerekti\u011finin de alt\u0131n\u0131 \u00e7izen Se\u00e7er, sorumluluklar\u0131n\u0131n da bilincinde olduklar\u0131n\u0131 ve bu konuda vatanda\u015flar\u0131n m\u00fcsterih olmas\u0131n\u0131 isteyerek s\u00f6zlerine ekledi.<\/p>\n\n\n\n<p><strong>&#8220;Toplu ta\u015f\u0131ma sosyal belediyecili\u011fin temelidir&#8221;<\/strong><\/p>\n\n\n\n<p>Konu\u015fmas\u0131n\u0131;&nbsp;<strong>&#8220;Toplu ta\u015f\u0131ma sosyal belediyecili\u011fin temelidir&#8221;<\/strong>&nbsp;diyerek s\u00fcrd\u00fcren Se\u00e7er,&nbsp;<strong>&#8220;Nas\u0131l sosyal politikalar uyguluyor, evde hastalara bak\u0131yor, 25 TL&#8217;ye Mahalle Mutfaklar\u0131nda yemek veriyor,&nbsp;&nbsp;E\u011fitim Merkezlerimizde 9 bin \u00f6\u011frenciyi s\u0131navlara haz\u0131rl\u0131yorsak, toplu ta\u015f\u0131ma da b\u00f6yle bir \u015fey. 2024 y\u0131l\u0131 i\u00e7erisinde bizim toplu ta\u015f\u0131maya verdi\u011fimiz destek 1 milyar 250 milyon TL. Dolayl\u0131 destektir; \u00e7ocuklar okula gitsin, aileler zorlanmas\u0131n.&nbsp;<em>&#8216;Benden ne isterseniz isteyin ama \u00f6\u011frenci fiyatlar\u0131na dokunamam&#8217;<\/em>&nbsp;diye, 5 y\u0131l \u00f6nce \u00f6\u011frencilere s\u00f6z vermi\u015ftim. 5 y\u0131l bitti, s\u00f6z\u00fcm\u00fczde durduk. Ayarlamalar yapt\u0131k ama yine di\u011fer illere g\u00f6re bizde \u00f6\u011frenci daha uygun. Hem ailelere dolayl\u0131 destek olsun diye bunu yap\u0131yorum hem de ben \u00e7ocuklar\u0131n okumas\u0131 taraftar\u0131y\u0131m. Biz petrol zengini olsak e\u011fitimden daha de\u011ferli de\u011fil&#8221;<\/strong>&nbsp;diye konu\u015ftu.<\/p>\n\n\n\n<p>Se\u00e7er, Mersin 33 Kart&#8217;\u0131n ula\u015f\u0131m\u0131 daha disiplinli bir hale getirece\u011fini kaydederek,&nbsp;<strong>&#8220;Kay\u0131t alt\u0131na girmi\u015f olacaks\u0131n\u0131z. Bir anlamda siz kazanm\u0131\u015f oluyorsunuz. \u00d6n\u00fcm\u00fczdeki s\u00fcre\u00e7te hem banka ile ili\u015fkilerde hem yeni araba al\u0131rken kolayl\u0131k sa\u011flayacak. Yolcudan \u00e7\u0131kan her paran\u0131n da sizin kesenize girdi\u011fini g\u00f6receksiniz&#8221;&nbsp;<\/strong>dedi.<\/p>\n\n\n\n<p><strong>&#8220;B\u00fct\u00e7emizin y\u00fczde 20&#8217;sini yol yap\u0131m\u0131na harc\u0131yoruz&#8221;<\/strong><\/p>\n\n\n\n<p>Se\u00e7er, kent genelinde yap\u0131lan yol ve ula\u015f\u0131m yat\u0131r\u0131mlar\u0131 hakk\u0131nda bilgi vererek, \u00f6n\u00fcm\u00fczdeki d\u00f6nemde hayata ge\u00e7irilecek projeleri anlatt\u0131. Mersin&#8217;de yol kalitesinin art\u0131r\u0131lmas\u0131na b\u00fcy\u00fck \u00f6nem verdiklerini belirterek, b\u00fct\u00e7elerinin \u00f6nemli bir k\u0131sm\u0131n\u0131 yol yap\u0131m ve yenileme \u00e7al\u0131\u015fmalar\u0131na ay\u0131rd\u0131klar\u0131n\u0131 ifade eden Se\u00e7er,&nbsp;<strong>&#8220;Eskiye bakt\u0131\u011f\u0131n\u0131zda \u00e7ok ciddi mukayese edebilirsiniz.&nbsp;&nbsp;Sizin i\u015finiz yollar, caddeler ve yeni bulvarlar. Ara\u00e7 sa\u011fl\u0131\u011f\u0131 a\u00e7\u0131s\u0131ndan yol kalitesinin iyi olmas\u0131 ve uygunlu\u011fu bunlar son derece \u00f6nemli. Biz b\u00fct\u00e7emizin y\u00fczde 20&#8217;sini yol yap\u0131m\u0131na harc\u0131yoruz&#8221;<\/strong>&nbsp;dedi.<\/p>\n\n\n\n<p><strong>&#8220;Bulvarlar\u0131m\u0131z belediyecilik standard\u0131 olarak T\u00fcrkiye&#8217;nin bir numaras\u0131&#8221;<\/strong><\/p>\n\n\n\n<p>Ana arterlerde ve bulvarlarda yap\u0131lan iyile\u015ftirmelerin, kent trafi\u011finde g\u00f6zle g\u00f6r\u00fcl\u00fcr bir fark yaratt\u0131\u011f\u0131n\u0131 vurgulayan Se\u00e7er,&nbsp;<strong>&#8220;<em>&#8216;Bulvarlar\u0131m\u0131z belediyecilik standard\u0131 olarak T\u00fcrkiye&#8217;nin bir numaras\u0131&#8217;<\/em>&nbsp;desem abart\u0131 olmaz. D-400&#8217;den giriyorsunuz; Liman&#8217;\u0131n \u00f6n\u00fcnde fark ediyorsunuz. Otoyoldan 34. Cadde&#8217;ye iniyorsunuz fark ediyorsunuz. 4. \u00c7evreyolu&#8217;na geliyorsunuz araba rahatl\u0131yor, orada da fark ediyorsunuz&#8221;<\/strong>&nbsp;diye konu\u015ftu.<\/p>\n\n\n\n<p>Mevcut projelerden bahseden Se\u00e7er, yap\u0131lan ve yap\u0131lacak olan \u00e7al\u0131\u015fmalar\u0131n trafi\u011fi \u00f6nemli \u00f6l\u00e7\u00fcde rahatlatt\u0131\u011f\u0131n\u0131, yeni a\u00e7\u0131lacak yollarla bu s\u00fcrecin devam edece\u011fini belirtti. Katl\u0131 kav\u015fak projelerine de de\u011finen Se\u00e7er, Hal Kav\u015fa\u011f\u0131&#8217;nda y\u00fcr\u00fct\u00fclen deplase \u00e7al\u0131\u015fmalar\u0131n\u0131n ard\u0131ndan in\u015faat s\u00fcrecine ba\u015flanaca\u011f\u0131n\u0131, kav\u015fa\u011f\u0131n 2026&#8217;n\u0131n ilk \u00e7eyre\u011finde tamamlanmas\u0131n\u0131n hedeflendi\u011fini s\u00f6yledi. Se\u00e7er, Akbelen Katl\u0131 Kav\u015fa\u011f\u0131&#8217;n\u0131n ise Karayollar\u0131 Genel M\u00fcd\u00fcrl\u00fc\u011f\u00fc taraf\u0131ndan ger\u00e7ekle\u015ftirilece\u011fini belirterek,&nbsp;<strong>&#8220;Akbelen Katl\u0131 Kav\u015fa\u011f\u0131 yap\u0131lacak. Karayollar\u0131 yapacak ancak takipteyiz. Siyasetten dile getirmiyoruz ama konu\u015fuyoruz. Siyasetten de kullanm\u0131yoruz, kavga etmek istemiyoruz, yeter ki yap\u0131ls\u0131n diyoruz&#8221;<\/strong>&nbsp;ifadelerine yer verdi. Kuyuluk ve Saya Park b\u00f6lgelerinde de katl\u0131 kav\u015fak projelerinin kesinle\u015fti\u011fini aktaran Se\u00e7er,&nbsp;<strong>&#8220;Saya Park&#8217;ta ge\u00e7ici olarak ak\u0131ll\u0131 kav\u015fak uygulamas\u0131 yapt\u0131k ve bu d\u00fczenleme y\u00fczde 38 oran\u0131nda bir rahatlama sa\u011flad\u0131&#8221;<\/strong>&nbsp;dedi.<\/p>\n\n\n\n<p><strong>&#8220;Trafi\u011fi rahatlatacak bir\u00e7ok yeni uygulamam\u0131z var&#8221;<\/strong><\/p>\n\n\n\n<p>Ula\u015f\u0131m Master Plan\u0131&#8217;n\u0131n tamamlanarak onayland\u0131\u011f\u0131n\u0131 a\u00e7\u0131klayan Se\u00e7er, \u015fehir genelinde bir\u00e7ok kav\u015fakta de\u011fi\u015fiklikler yap\u0131laca\u011f\u0131n\u0131, d\u00f6ner kav\u015faklar\u0131n kald\u0131r\u0131laca\u011f\u0131n\u0131 ve sinyalizasyon sisteminin ortadan kalkaca\u011f\u0131n\u0131 belirtti. Trafik sorununun sadece altyap\u0131 \u00e7al\u0131\u015fmalar\u0131yla de\u011fil, bilin\u00e7li kullan\u0131m ile de \u00e7\u00f6z\u00fclebilece\u011fine dikkat \u00e7eken Se\u00e7er,&nbsp;<strong>&#8220;Trafi\u011fi rahatlatacak bir\u00e7ok yeni uygulamam\u0131z var.&nbsp;&nbsp;Bilin\u00e7siz kullan\u0131m\u0131nda \u00f6n\u00fcne ge\u00e7ersek, ald\u0131\u011f\u0131m\u0131z \u00f6nlemlerin trafi\u011fi rahatlatacak \u00f6nlemler olaca\u011f\u0131n\u0131 d\u00fc\u015f\u00fcn\u00fcyoruz&#8221;<\/strong>&nbsp;ifadelerini kulland\u0131. Toplant\u0131n\u0131n sonunda minib\u00fcs\u00e7\u00fclerle olan ileti\u015fimin \u00f6nemine vurgu yapan Se\u00e7er, Ramazan Ay\u0131 sonras\u0131nda t\u00fcm kooperatifleri kapsayan geni\u015f \u00e7apl\u0131 bir toplant\u0131 d\u00fczenlemeyi planlad\u0131klar\u0131n\u0131 s\u00f6yledi. Se\u00e7er s\u00f6zlerini, bu t\u00fcr bulu\u015fmalar\u0131n sekt\u00f6r temsilcileriyle g\u00fc\u00e7l\u00fc bir ileti\u015fim kurmaya katk\u0131 sa\u011flayaca\u011f\u0131n\u0131 ifade ederek sonland\u0131rd\u0131.<\/p>\n\n\n\n<p><strong>Kartal: &#8220;Bizim bug\u00fcnlere gelmemizde \u00e7ok b\u00fcy\u00fck emekleriniz var&#8221;<\/strong><\/p>\n\n\n\n<p>Mersin Minib\u00fcs\u00e7\u00fcler Esnaf Odas\u0131 Ba\u015fkan Vekili Mehmet Kartal, iftar yeme\u011finde aralar\u0131nda oldu\u011fu i\u00e7in Ba\u015fkan Se\u00e7er&#8217;e te\u015fekk\u00fcr etti. Minib\u00fcs\u00e7\u00fc esnaf\u0131n\u0131n koronavir\u00fcs d\u00f6nemi ve sonras\u0131nda \u00e7ekti\u011fi s\u0131k\u0131nt\u0131lara de\u011finen Kartal, Mersin B\u00fcy\u00fck\u015fehir Belediyesi ve Ba\u015fkan Se\u00e7er&#8217;in bu s\u00fcre\u00e7te verdi\u011fi deste\u011fin \u00f6nemli oldu\u011funu ifade ederek,&nbsp;<strong>&#8220;Bizlere destek \u00e7\u0131kt\u0131n\u0131z, yard\u0131mc\u0131 oldunuz, dinlediniz. Bizlerin bug\u00fcne gelmesinde \u00e7ok b\u00fcy\u00fck emekleriniz var. Yoksa bizim esnaf\u0131m\u0131z tamamen arabalar\u0131n\u0131 evlerinin \u00f6n\u00fcne \u00e7ekmi\u015fti. Minib\u00fcs esnaf\u0131 denilen bir esnaf tarihe g\u00f6m\u00fclecekti ama biz bug\u00fcnlere kadar sizlerin sayesinde geldik. Te\u015fekk\u00fcr ediyorum&#8221;<\/strong>&nbsp;dedi. Mersin B\u00fcy\u00fck\u015fehir Belediyesi&#8217;nin 33 Kent Kart uygulamas\u0131n\u0131n, minib\u00fcslere entegre edilmesi noktas\u0131nda da gerekeni yapacaklar\u0131n\u0131 s\u00f6zlerine ekleyen Kartal,<strong>&nbsp;&#8220;Ne yapmam\u0131z gerekiyorsa biz de ona uyumlu yapaca\u011f\u0131z. Yeni konforlu ara\u00e7larla g\u00fczergahlar\u0131m\u0131zda belediye otob\u00fcslerimizle birlikte uyumlu bir \u015fekilde hep birlikte \u00e7al\u0131\u015faca\u011f\u0131z&#8221;<\/strong>&nbsp;diye belirtti.<\/p>\n","protected":false},"excerpt":{"rendered":"<p>Mersin B\u00fcy\u00fck\u015fehir Belediye Ba\u015fkan\u0131 Vahap Se\u00e7er, Mersin Minib\u00fcs\u00e7\u00fcler Esnaf Odas\u0131 taraf\u0131ndan d\u00fczenlenen iftar program\u0131nda, \u015fehir i\u00e7inde faaliyet g\u00f6steren minib\u00fcs kooperatiflerinin ba\u015fkanlar\u0131 ve y\u00f6netim kurulu \u00fcyeleri ile bir araya geldi. Ba\u015fkan Se\u00e7er: &#8220;Minib\u00fcs\u00e7\u00fc esnaf\u0131n\u0131n derdiyle hemhal olan \u00e7ok az Ba\u015fkan vard\u0131r&#8221; Ge\u00e7mi\u015f y\u0131llarda \u00f6zel halk otob\u00fcs ve minib\u00fcs kooperatiflerinin \u00e7e\u015fitli s\u0131k\u0131nt\u0131lar ya\u015fad\u0131\u011f\u0131n\u0131, ancak kendi y\u00f6netimi ile [&hellip;]<\/p>\n","protected":false},"author":2,"featured_media":40556,"comment_status":"closed","ping_status":"closed","sticky":false,"template":"","format":"standard","meta":{"footnotes":""},"categories":[3],"tags":[],"class_list":["post-40555","post","type-post","status-publish","format-standard","has-post-thumbnail","hentry","category-manset"],"views":4,"_links":{"self":[{"href":"https:\/\/mersinkadingazetesi.com\/index.php?rest_route=\/wp\/v2\/posts\/40555"}],"collection":[{"href":"https:\/\/mersinkadingazetesi.com\/index.php?rest_route=\/wp\/v2\/posts"}],"about":[{"href":"https:\/\/mersinkadingazetesi.com\/index.php?rest_route=\/wp\/v2\/types\/post"}],"author":[{"embeddable":true,"href":"https:\/\/mersinkadingazetesi.com\/index.php?rest_route=\/wp\/v2\/users\/2"}],"replies":[{"embeddable":true,"href":"https:\/\/mersinkadingazetesi.com\/index.php?rest_route=%2Fwp%2Fv2%2Fcomments&post=40555"}],"version-history":[{"count":1,"href":"https:\/\/mersinkadingazetesi.com\/index.php?rest_route=\/wp\/v2\/posts\/40555\/revisions"}],"predecessor-version":[{"id":40557,"href":"https:\/\/mersinkadingazetesi.com\/index.php?rest_route=\/wp\/v2\/posts\/40555\/revisions\/40557"}],"wp:featuredmedia":[{"embeddable":true,"href":"https:\/\/mersinkadingazetesi.com\/index.php?rest_route=\/wp\/v2\/media\/40556"}],"wp:attachment":[{"href":"https:\/\/mersinkadingazetesi.com\/index.php?rest_route=%2Fwp%2Fv2%2Fmedia&parent=40555"}],"wp:term":[{"taxonomy":"category","embeddable":true,"href":"https:\/\/mersinkadingazetesi.com\/index.php?rest_route=%2Fwp%2Fv2%2Fcategories&post=40555"},{"taxonomy":"post_tag","embeddable":true,"href":"https:\/\/mersinkadingazetesi.com\/index.php?rest_route=%2Fwp%2Fv2%2Ftags&post=40555"}],"curies":[{"name":"wp","href":"https:\/\/api.w.org\/{rel}","templated":true}]}}