{"id":40570,"date":"2025-03-10T12:42:44","date_gmt":"2025-03-10T09:42:44","guid":{"rendered":"https:\/\/mersinkadingazetesi.com\/?p=40570"},"modified":"2025-03-10T12:42:45","modified_gmt":"2025-03-10T09:42:45","slug":"akdenizde-ramazan-ayinin-manevi-huzuru-paylasiliyor","status":"publish","type":"post","link":"https:\/\/mersinkadingazetesi.com\/?p=40570","title":{"rendered":"AKDEN\u0130Z\u2019DE RAMAZAN AYININ MANEV\u0130 HUZURU PAYLA\u015eILIYOR"},"content":{"rendered":"\n<p>&nbsp;&nbsp;&nbsp;&nbsp; Akdeniz Kaymakaml\u0131\u011f\u0131, Adana Vak\u0131flar B\u00f6lge M\u00fcd\u00fcrl\u00fc\u011f\u00fc ve Akdeniz Belediyesi i\u015fbirli\u011fiyle Akdeniz il\u00e7esinde kurulan iftar \u00e7ad\u0131rlar\u0131nda Ramazan ay\u0131n\u0131n manevi atmosferi, vatanda\u015flar\u0131n yo\u011fun kat\u0131l\u0131m\u0131yla ya\u015fan\u0131yor.<\/p>\n\n\n\n<p><strong>&nbsp;&nbsp;&nbsp;&nbsp; <\/strong>Mesudiye Mahallesi\u2019nde kurulan iftar \u00e7ad\u0131r\u0131nda ilk hafta binlerce ki\u015fi birlikte iftar acarken; her ya\u015ftan insan\u0131n kat\u0131l\u0131m\u0131 ile Ramazan ay\u0131n\u0131n birlik ve beraberlik iklimi de olu\u015ftu. Bu birlik ve beraberlik iklimini Ramazan ay\u0131 boyunca di\u011fer mahallelerde de yasatmay\u0131 ama\u00e7lad\u0131klar\u0131n\u0131 dile getiren Akdeniz Kaymakam\u0131 ve Belediye Ba\u015fkan V. Zeyit \u015eener, bu hafta sonunda da Yanpar ve Dikilita\u015f Mahallelerinde kurduklar\u0131 g\u00f6n\u00fcl sofras\u0131nda vatanda\u015flarla bir araya geldiklerini s\u00f6yledi.<\/p>\n\n\n\n<p>&nbsp;&nbsp;&nbsp;&nbsp; Peygamber Efendimizin <em>\u201cBirlikte rahmet, ayr\u0131l\u0131kta azap vard\u0131r\u201d<\/em> hadisini hat\u0131rlatan Akdeniz Kaymakam\u0131 ve &nbsp;Belediye Ba\u015fkan V. Zeyit \u015eener, iftar sofralar\u0131n\u0131n sadece bir yemek organizasyonu olmad\u0131\u011f\u0131n\u0131, ayn\u0131 zamanda birlik ve beraberli\u011fi g\u00fc\u00e7lendiren \u00f6nemli bir bulu\u015fma noktas\u0131 oldu\u011funu vurgulad\u0131. Ba\u015fkan V. \u015eener, <em>\u201c\u0130ftar \u00e7ad\u0131rlar\u0131m\u0131zda ve kat\u0131ld\u0131\u011f\u0131m\u0131z iftar sofralar\u0131nda her kesimden, her ya\u015ftan vatanda\u015f\u0131m\u0131z bir araya geliyor ve birlikte iftar yap\u0131yor. Akdeniz il\u00e7emizde Ramazan ay\u0131n\u0131n manevi huzuru ya\u015fan\u0131yor. 12 ay\u0131n sultan\u0131 Ramazan ay\u0131 vesilesiyle karde\u015fli\u011fi ve dayan\u0131\u015fmay\u0131 te\u015fvik etmeli, bu ruhu ya\u015fatmal\u0131y\u0131z.\u201d<\/em> dedi.<\/p>\n\n\n\n<p>&nbsp;&nbsp;&nbsp;&nbsp; Ramazan ay\u0131 boyunca mahallelerde vatanda\u015flarla birlikte iftar yapmaya devam edece\u011fini dile getiren Akdeniz Kaymakam\u0131 ve Belediye Ba\u015fkan V. Zeyit \u015eener,&nbsp; bu dayan\u0131\u015fma ruhunun Ramazan ay\u0131 boyunca devam edece\u011fini belirtti.<\/p>\n","protected":false},"excerpt":{"rendered":"<p>&nbsp;&nbsp;&nbsp;&nbsp; Akdeniz Kaymakaml\u0131\u011f\u0131, Adana Vak\u0131flar B\u00f6lge M\u00fcd\u00fcrl\u00fc\u011f\u00fc ve Akdeniz Belediyesi i\u015fbirli\u011fiyle Akdeniz il\u00e7esinde kurulan iftar \u00e7ad\u0131rlar\u0131nda Ramazan ay\u0131n\u0131n manevi atmosferi, vatanda\u015flar\u0131n yo\u011fun kat\u0131l\u0131m\u0131yla ya\u015fan\u0131yor. &nbsp;&nbsp;&nbsp;&nbsp; Mesudiye Mahallesi\u2019nde kurulan iftar \u00e7ad\u0131r\u0131nda ilk hafta binlerce ki\u015fi birlikte iftar acarken; her ya\u015ftan insan\u0131n kat\u0131l\u0131m\u0131 ile Ramazan ay\u0131n\u0131n birlik ve beraberlik iklimi de olu\u015ftu. Bu birlik ve beraberlik iklimini [&hellip;]<\/p>\n","protected":false},"author":2,"featured_media":40571,"comment_status":"closed","ping_status":"closed","sticky":false,"template":"","format":"standard","meta":{"footnotes":""},"categories":[3],"tags":[],"class_list":["post-40570","post","type-post","status-publish","format-standard","has-post-thumbnail","hentry","category-manset"],"views":5,"_links":{"self":[{"href":"https:\/\/mersinkadingazetesi.com\/index.php?rest_route=\/wp\/v2\/posts\/40570"}],"collection":[{"href":"https:\/\/mersinkadingazetesi.com\/index.php?rest_route=\/wp\/v2\/posts"}],"about":[{"href":"https:\/\/mersinkadingazetesi.com\/index.php?rest_route=\/wp\/v2\/types\/post"}],"author":[{"embeddable":true,"href":"https:\/\/mersinkadingazetesi.com\/index.php?rest_route=\/wp\/v2\/users\/2"}],"replies":[{"embeddable":true,"href":"https:\/\/mersinkadingazetesi.com\/index.php?rest_route=%2Fwp%2Fv2%2Fcomments&post=40570"}],"version-history":[{"count":1,"href":"https:\/\/mersinkadingazetesi.com\/index.php?rest_route=\/wp\/v2\/posts\/40570\/revisions"}],"predecessor-version":[{"id":40572,"href":"https:\/\/mersinkadingazetesi.com\/index.php?rest_route=\/wp\/v2\/posts\/40570\/revisions\/40572"}],"wp:featuredmedia":[{"embeddable":true,"href":"https:\/\/mersinkadingazetesi.com\/index.php?rest_route=\/wp\/v2\/media\/40571"}],"wp:attachment":[{"href":"https:\/\/mersinkadingazetesi.com\/index.php?rest_route=%2Fwp%2Fv2%2Fmedia&parent=40570"}],"wp:term":[{"taxonomy":"category","embeddable":true,"href":"https:\/\/mersinkadingazetesi.com\/index.php?rest_route=%2Fwp%2Fv2%2Fcategories&post=40570"},{"taxonomy":"post_tag","embeddable":true,"href":"https:\/\/mersinkadingazetesi.com\/index.php?rest_route=%2Fwp%2Fv2%2Ftags&post=40570"}],"curies":[{"name":"wp","href":"https:\/\/api.w.org\/{rel}","templated":true}]}}