{"id":40573,"date":"2025-03-10T14:20:58","date_gmt":"2025-03-10T11:20:58","guid":{"rendered":"https:\/\/mersinkadingazetesi.com\/?p=40573"},"modified":"2025-03-10T14:20:58","modified_gmt":"2025-03-10T11:20:58","slug":"yenisehir-belediyesi-ve-meu-0-6-yas-saglik-gelisim-plani-modeli-olusturacak","status":"publish","type":"post","link":"https:\/\/mersinkadingazetesi.com\/?p=40573","title":{"rendered":"Yeni\u015fehir Belediyesi ve ME\u00dc \u201c0-6 Ya\u015f Sa\u011fl\u0131k Geli\u015fim Plan\u0131 Modeli\u201d olu\u015fturacak"},"content":{"rendered":"\n<p>Mersin Yeni\u015fehir Belediyesi ve Mersin \u00dcniversitesi i\u015f birli\u011fiyle Yeni\u015fehir\u2019de \u201c0-6 Ya\u015f Sa\u011fl\u0131k Geli\u015fim Plan\u0131 Modeli\u201d olu\u015fturulacak. Proje kapsam\u0131nda d\u00fczenlenecek panellerden ilki olan ve alan\u0131nda uzman bilim insanlar\u0131n konu\u015fmac\u0131 olarak kat\u0131ld\u0131\u011f\u0131 \u201cSa\u011fl\u0131kl\u0131 Anneler Sa\u011fl\u0131kl\u0131 Nesiller\u201d paneli yap\u0131ld\u0131.<\/p>\n\n\n\n<p>Mersin \u00dcniversitesi(ME\u00dc) ile birlikte 32 mahallenin tamam\u0131nda &#8220;Kent Sa\u011fl\u0131\u011f\u0131 Ara\u015ft\u0131rmas\u0131&#8221; y\u00fcr\u00fcterek, 8 farkl\u0131 ana ba\u015fl\u0131k alt\u0131nda Yeni\u015fehir\u2019in \u201cKent Sa\u011fl\u0131k Profili\u201dni haz\u0131rlayan Yeni\u015fehir Belediyesi, ME\u00dc ile yeni bir projeye imza att\u0131.&nbsp; Proje kapsam\u0131nda \u00e7ocuk sa\u011fl\u0131\u011f\u0131na y\u00f6nelik Yeni\u015fehir Kent \u00d6l\u00e7e\u011fi 0-6 Ya\u015f Sa\u011fl\u0131k Geli\u015fim Plan\u0131 Modeli olu\u015fturulacak.<\/p>\n\n\n\n<p><strong>Yeni\u015fehir Belediyesi e\u011fitimde oldu\u011fu gibi sa\u011fl\u0131k geli\u015fim modeli de olu\u015fturacak<\/strong><\/p>\n\n\n\n<p>E\u011fitim ve sa\u011fl\u0131k konusunda \u00f6nemli \u00e7al\u0131\u015fmalar y\u00fcr\u00fctt\u00fcklerini kaydeden Yeni\u015fehir Belediye Ba\u015fkan\u0131 Abdullah \u00d6zyi\u011fit, <strong>\u201c0- 6 ya\u015f aras\u0131 \u00e7ocuklara y\u00f6nelik ba\u015flatt\u0131\u011f\u0131m\u0131z ve modeli haline gelen e\u011fitim projemizin yan\u0131nda \u015fimdi de 0-6 ya\u015f i\u00e7in sa\u011fl\u0131k alan\u0131nda bir projeyi hayata ge\u00e7iriyoruz.\u201d <\/strong>dedi. Mersin \u00dcniversitesine ve projede g\u00f6n\u00fcll\u00fc olarak yer alan bilim insanlar\u0131na katk\u0131lar\u0131ndan dolay\u0131 te\u015fekk\u00fcr eden Ba\u015fkan \u00d6zyi\u011fit, proje ile ilgili \u015funlar\u0131 s\u00f6yledi: <strong>\u201cBu proje ile gebelikten ba\u015flayarak 0-6 ya\u015f aras\u0131nda \u00e7ocuklar\u0131 olan ailelerin \u00e7ocuklar\u0131n\u0131n sa\u011fl\u0131\u011f\u0131 ile ilgili izleyecekleri yolu ad\u0131m ad\u0131m alan\u0131nda uzman bilim insanlar\u0131yla ortaya koyaca\u011f\u0131z.&nbsp; Halka y\u00f6nelik 4, sa\u011fl\u0131k \u00e7al\u0131\u015fanlar\u0131na y\u00f6nelik 1 panel d\u00fczenleyece\u011fiz. \u0130lk panelimiz olan \u2018Sa\u011fl\u0131kl\u0131 Anneler Sa\u011fl\u0131kl\u0131 Nesiller Paneli\u2019mizi Cumartesi g\u00fcn\u00fc ger\u00e7ekle\u015ftirdik. Bilin\u00e7lendirme ve fark\u0131ndal\u0131k olu\u015fturma \u00e7al\u0131\u015fmalar\u0131 y\u00fcr\u00fctece\u011fiz. Yine aileler i\u00e7in bir kitap haz\u0131rlanacak ve da\u011f\u0131t\u0131m\u0131 yap\u0131lacak. Bu \u00f6l\u00e7e\u011fi uluslararas\u0131 yay\u0131na d\u00f6n\u00fc\u015ft\u00fcrmeyi ve D\u00fcnya Sa\u011fl\u0131k \u00d6rg\u00fct\u00fc\u2019n\u00fcn, 0-6 ya\u015f ya\u015fam kalitesi \u00f6l\u00e7e\u011fi olarak kullan\u0131lmas\u0131n\u0131 hedefliyoruz.\u201d<\/strong><\/p>\n\n\n\n<p><strong>7 bilim insan\u0131 anne ve \u00e7ocuk sa\u011fl\u0131\u011f\u0131n\u0131 anlatt\u0131<\/strong><\/p>\n\n\n\n<p>Proje kapsam\u0131nda yap\u0131lan ilk panel olan \u201cSa\u011fl\u0131kl\u0131 Anneler Sa\u011fl\u0131kl\u0131 Nesiller Paneli\u201d Yeni\u015fehir Belediyesi Atat\u00fcrk K\u00fclt\u00fcr Merkezinde d\u00fczenlendi.&nbsp; Moderat\u00f6rl\u00fc\u011f\u00fcn\u00fc Proje Koordinat\u00f6r\u00fc Prof. Dr. Derya Karpuz\u2019un yapt\u0131\u011f\u0131 panelde, anne ve bebek sa\u011fl\u0131\u011f\u0131na dair \u00f6nemli konular ele al\u0131nd\u0131. Do\u00e7. Dr. G\u00fclen G\u00fcler, anne-bebek ili\u015fkisini ve aileye uyum s\u00fcrecini de\u011ferlendirirken, Do\u00e7. Dr. H\u00fcseyin Durukan, gebelik s\u00fcrecinde annenin ve bebe\u011fin sa\u011fl\u0131\u011f\u0131yla ilgili dikkat edilmesi gereken noktalar\u0131 anlatt\u0131.<\/p>\n\n\n\n<p>Bebeklerin do\u011fum sonras\u0131 s\u00fcre\u00e7te ya\u015fad\u0131\u011f\u0131 geli\u015fimlere dikkat \u00e7eken Do\u00e7. Dr. Derya Duman, \u201cilk nefes ve ilk kalp at\u0131\u015flar\u0131m\u201d ba\u015fl\u0131kl\u0131 bir sunum yapt\u0131.&nbsp; Do\u00e7. Dr. Ay\u015fen Orman ise bebeklerin ilk 40 g\u00fcn\u00fcne dair bilinmesi gerekenleri aktard\u0131. Hamilelik d\u00f6neminde sa\u011fl\u0131kl\u0131 beslenmenin \u00f6nemine de\u011finen Uzman Dr. Fadime \u0130lten, anne adaylar\u0131n\u0131n do\u011fru beslenme al\u0131\u015fkanl\u0131klar\u0131 edinmesi gerekti\u011fini belirtti. Uzman Dr. Pelin G\u00fclen ise anne s\u00fct\u00fcn\u00fc art\u0131ran y\u00f6ntemler ve emzirme s\u00fcreci hakk\u0131nda bilgi verdi.<\/p>\n","protected":false},"excerpt":{"rendered":"<p>Mersin Yeni\u015fehir Belediyesi ve Mersin \u00dcniversitesi i\u015f birli\u011fiyle Yeni\u015fehir\u2019de \u201c0-6 Ya\u015f Sa\u011fl\u0131k Geli\u015fim Plan\u0131 Modeli\u201d olu\u015fturulacak. Proje kapsam\u0131nda d\u00fczenlenecek panellerden ilki olan ve alan\u0131nda uzman bilim insanlar\u0131n konu\u015fmac\u0131 olarak kat\u0131ld\u0131\u011f\u0131 \u201cSa\u011fl\u0131kl\u0131 Anneler Sa\u011fl\u0131kl\u0131 Nesiller\u201d paneli yap\u0131ld\u0131. Mersin \u00dcniversitesi(ME\u00dc) ile birlikte 32 mahallenin tamam\u0131nda &#8220;Kent Sa\u011fl\u0131\u011f\u0131 Ara\u015ft\u0131rmas\u0131&#8221; y\u00fcr\u00fcterek, 8 farkl\u0131 ana ba\u015fl\u0131k alt\u0131nda Yeni\u015fehir\u2019in \u201cKent Sa\u011fl\u0131k [&hellip;]<\/p>\n","protected":false},"author":2,"featured_media":40574,"comment_status":"closed","ping_status":"closed","sticky":false,"template":"","format":"standard","meta":{"footnotes":""},"categories":[3,9],"tags":[],"class_list":["post-40573","post","type-post","status-publish","format-standard","has-post-thumbnail","hentry","category-manset","category-saglik"],"views":5,"_links":{"self":[{"href":"https:\/\/mersinkadingazetesi.com\/index.php?rest_route=\/wp\/v2\/posts\/40573"}],"collection":[{"href":"https:\/\/mersinkadingazetesi.com\/index.php?rest_route=\/wp\/v2\/posts"}],"about":[{"href":"https:\/\/mersinkadingazetesi.com\/index.php?rest_route=\/wp\/v2\/types\/post"}],"author":[{"embeddable":true,"href":"https:\/\/mersinkadingazetesi.com\/index.php?rest_route=\/wp\/v2\/users\/2"}],"replies":[{"embeddable":true,"href":"https:\/\/mersinkadingazetesi.com\/index.php?rest_route=%2Fwp%2Fv2%2Fcomments&post=40573"}],"version-history":[{"count":1,"href":"https:\/\/mersinkadingazetesi.com\/index.php?rest_route=\/wp\/v2\/posts\/40573\/revisions"}],"predecessor-version":[{"id":40575,"href":"https:\/\/mersinkadingazetesi.com\/index.php?rest_route=\/wp\/v2\/posts\/40573\/revisions\/40575"}],"wp:featuredmedia":[{"embeddable":true,"href":"https:\/\/mersinkadingazetesi.com\/index.php?rest_route=\/wp\/v2\/media\/40574"}],"wp:attachment":[{"href":"https:\/\/mersinkadingazetesi.com\/index.php?rest_route=%2Fwp%2Fv2%2Fmedia&parent=40573"}],"wp:term":[{"taxonomy":"category","embeddable":true,"href":"https:\/\/mersinkadingazetesi.com\/index.php?rest_route=%2Fwp%2Fv2%2Fcategories&post=40573"},{"taxonomy":"post_tag","embeddable":true,"href":"https:\/\/mersinkadingazetesi.com\/index.php?rest_route=%2Fwp%2Fv2%2Ftags&post=40573"}],"curies":[{"name":"wp","href":"https:\/\/api.w.org\/{rel}","templated":true}]}}