{"id":40576,"date":"2025-03-10T14:22:12","date_gmt":"2025-03-10T11:22:12","guid":{"rendered":"https:\/\/mersinkadingazetesi.com\/?p=40576"},"modified":"2025-03-10T14:22:12","modified_gmt":"2025-03-10T11:22:12","slug":"deva-partili-ekmen-emeklinin-durumu-ortada-bayram-ikramiyeleri-artirilsin","status":"publish","type":"post","link":"https:\/\/mersinkadingazetesi.com\/?p=40576","title":{"rendered":"DEVA Partili Ekmen: \u201cEmeklinin durumu ortada, bayram ikramiyeleri art\u0131r\u0131ls\u0131n\u201d\u00a0"},"content":{"rendered":"\n<p><strong>DEVA Partisi Genel Ba\u015fkan Yard\u0131mc\u0131s\u0131 ve Mersin Milletvekili Mehmet Emin Ekmen, T\u00fcrkiye B\u00fcy\u00fck Millet Meclisi (TBMM) Genel Kurulunda emekli yoksullu\u011funa ve \u00e7al\u0131\u015fan emeklilere de\u011findi. Ekmen, &#8220;Emekli maa\u015flar\u0131ndaki sat\u0131n alma g\u00fcc\u00fcn\u00fcn ya\u015fad\u0131\u011f\u0131 kay\u0131p ortada&#8221; diyerek g\u00fcnden g\u00fcne artan emekli yoksullu\u011funa dikkat \u00e7ekti.<\/strong><\/p>\n\n\n\n<p>DEVA Partisi Genel Ba\u015fkan Yard\u0131mc\u0131s\u0131 ve Mersin Milletvekili Mehmet Emin Ekmen, emekli yoksullu\u011fu ve \u00e7al\u0131\u015fan emekliler hakk\u0131nda konu\u015ftu.<\/p>\n\n\n\n<p><strong>\u201cEmekliler in\u015faatlarda, pazarlarda, gece n\u00f6betlerinde \u00e7al\u0131\u015fmaya devam ediyor\u201d<\/strong><\/p>\n\n\n\n<p>Ge\u00e7ti\u011fimiz haftalarda Bursa&#8217;da bir mobilya fabrikas\u0131nda gece bek\u00e7isi olarak \u00e7al\u0131\u015fan 70 ya\u015f\u0131ndaki Yusuf \u00c7etin&#8217;in gece n\u00f6betinde hayat\u0131n\u0131 kaybetmesine de\u011finen Ekmen, &#8220;Bursa&#8217;da bir mobilya fabrikas\u0131nda gece bek\u00e7isi olarak \u00e7al\u0131\u015fan 70 ya\u015f\u0131ndaki Yusuf \u00c7etin gece n\u00f6betinde hayat\u0131n\u0131 kaybetti. Hayat\u0131n\u0131 kaybetme sebebini bilmiyoruz, bir i\u015f kazas\u0131na benzemiyor ancak benzer \u00f6rneklere hepimiz her g\u00fcn \u00e7evremizde rastlayabiliyoruz. SSK&#8217;den ya da kamudan emekli olan bir vatanda\u015f eline ge\u00e7en \u00fccret yeterli olmad\u0131\u011f\u0131 i\u00e7in maalesef in\u015faatlarda \u00e7al\u0131\u015f\u0131yor, pazarlarda \u00e7al\u0131\u015f\u0131yor, gece n\u00f6betlerinde \u00e7al\u0131\u015f\u0131yor. Oysa bu insanlar hayatlar\u0131 boyunca prim \u00f6deyerek bu \u00fclkeye hizmet ettiler ve emekli olduktan sonra da rahat bir nefes almak istediler. Bug\u00fcn emeklinin durumu ortada. Yusuf \u00c7etin&#8217;e Allah&#8217;tan rahmet diliyoruz&#8221; a\u00e7\u0131klamas\u0131nda bulundu.<\/p>\n\n\n\n<p><strong>B\u00fct\u00e7emiz, emeklilere paray\u0131 neden bulam\u0131yor?<\/strong><\/p>\n\n\n\n<p>Ekmen, &#8220;Emekli maa\u015flar\u0131ndaki sat\u0131n alma g\u00fcc\u00fcn\u00fcn ya\u015fad\u0131\u011f\u0131 kay\u0131p ortada. B\u00fct\u00e7enin y\u00fczde 15&#8217;ini faize ay\u0131r\u0131yoruz, garanti \u00f6demeli s\u00f6zle\u015fmelerin \u00f6demelerini devam ettiriyoruz, deprem b\u00f6lgesinde 3-5 kat maliyetle ve do\u011frudan teminle, 21\/b&#8217;yle ihalelere devam ediyoruz. B\u00fct\u00fcn bunlara para bulan b\u00fct\u00e7emiz bu emeklilere paray\u0131 neden bulam\u0131yor? Hi\u00e7 olmazsa bayram ikramiyesinde bir d\u00fczenleme yap\u0131ls\u0131n ve en az emekli maa\u015f\u0131 ba\u015fta olmak \u00fczere emeklilerimizin sat\u0131n alma g\u00fcc\u00fcn\u00fc art\u0131racak tedbirler al\u0131ns\u0131n&#8221; ifadeleriyle bayram ikramiyelerinin art\u0131r\u0131lmas\u0131 talebinde bulundu.<\/p>\n","protected":false},"excerpt":{"rendered":"<p>DEVA Partisi Genel Ba\u015fkan Yard\u0131mc\u0131s\u0131 ve Mersin Milletvekili Mehmet Emin Ekmen, T\u00fcrkiye B\u00fcy\u00fck Millet Meclisi (TBMM) Genel Kurulunda emekli yoksullu\u011funa ve \u00e7al\u0131\u015fan emeklilere de\u011findi. Ekmen, &#8220;Emekli maa\u015flar\u0131ndaki sat\u0131n alma g\u00fcc\u00fcn\u00fcn ya\u015fad\u0131\u011f\u0131 kay\u0131p ortada&#8221; diyerek g\u00fcnden g\u00fcne artan emekli yoksullu\u011funa dikkat \u00e7ekti. DEVA Partisi Genel Ba\u015fkan Yard\u0131mc\u0131s\u0131 ve Mersin Milletvekili Mehmet Emin Ekmen, emekli yoksullu\u011fu ve [&hellip;]<\/p>\n","protected":false},"author":2,"featured_media":40577,"comment_status":"closed","ping_status":"closed","sticky":false,"template":"","format":"standard","meta":{"footnotes":""},"categories":[8,3,6],"tags":[],"class_list":["post-40576","post","type-post","status-publish","format-standard","has-post-thumbnail","hentry","category-ekonomi","category-manset","category-siyaset-2"],"views":8,"_links":{"self":[{"href":"https:\/\/mersinkadingazetesi.com\/index.php?rest_route=\/wp\/v2\/posts\/40576"}],"collection":[{"href":"https:\/\/mersinkadingazetesi.com\/index.php?rest_route=\/wp\/v2\/posts"}],"about":[{"href":"https:\/\/mersinkadingazetesi.com\/index.php?rest_route=\/wp\/v2\/types\/post"}],"author":[{"embeddable":true,"href":"https:\/\/mersinkadingazetesi.com\/index.php?rest_route=\/wp\/v2\/users\/2"}],"replies":[{"embeddable":true,"href":"https:\/\/mersinkadingazetesi.com\/index.php?rest_route=%2Fwp%2Fv2%2Fcomments&post=40576"}],"version-history":[{"count":1,"href":"https:\/\/mersinkadingazetesi.com\/index.php?rest_route=\/wp\/v2\/posts\/40576\/revisions"}],"predecessor-version":[{"id":40578,"href":"https:\/\/mersinkadingazetesi.com\/index.php?rest_route=\/wp\/v2\/posts\/40576\/revisions\/40578"}],"wp:featuredmedia":[{"embeddable":true,"href":"https:\/\/mersinkadingazetesi.com\/index.php?rest_route=\/wp\/v2\/media\/40577"}],"wp:attachment":[{"href":"https:\/\/mersinkadingazetesi.com\/index.php?rest_route=%2Fwp%2Fv2%2Fmedia&parent=40576"}],"wp:term":[{"taxonomy":"category","embeddable":true,"href":"https:\/\/mersinkadingazetesi.com\/index.php?rest_route=%2Fwp%2Fv2%2Fcategories&post=40576"},{"taxonomy":"post_tag","embeddable":true,"href":"https:\/\/mersinkadingazetesi.com\/index.php?rest_route=%2Fwp%2Fv2%2Ftags&post=40576"}],"curies":[{"name":"wp","href":"https:\/\/api.w.org\/{rel}","templated":true}]}}