{"id":40579,"date":"2025-03-10T14:23:26","date_gmt":"2025-03-10T11:23:26","guid":{"rendered":"https:\/\/mersinkadingazetesi.com\/?p=40579"},"modified":"2025-03-10T14:23:26","modified_gmt":"2025-03-10T11:23:26","slug":"agac-budama-atiklari-meyve-sebze-atiklari-organik-gubre-oluyor","status":"publish","type":"post","link":"https:\/\/mersinkadingazetesi.com\/?p=40579","title":{"rendered":"A\u011eA\u00c7 BUDAMA ATIKLARI, MEYVE SEBZE ATIKLARI ORGAN\u0130K G\u00dcBRE OLUYOR"},"content":{"rendered":"\n<p>Toroslar Belediyesi, kompost g\u00fcbre \u00fcretim tesisinin kapasitesini yeni makinelerin de al\u0131nmas\u0131yla art\u0131rd\u0131. Tesis, budama faaliyetleri sonucu olu\u015fan dal, budak, yaprak at\u0131klar\u0131ndan ve semt pazarlar\u0131ndan olu\u015fan sebze ve meyve at\u0131klar\u0131ndan kompost g\u00fcbre \u00fcretiyor. Elde edilen organik g\u00fcbre hem Toroslar Belediyesinin park ve bah\u00e7elerinde kullan\u0131l\u0131yor hem \u00fcreticiye da\u011f\u0131t\u0131l\u0131yor. Toroslar Belediye Ba\u015fkan\u0131 Abdurrahman Y\u0131ld\u0131z, tesisin kimyasal g\u00fcbre yerine biyolojik g\u00fcbre kullan\u0131m\u0131n\u0131n yayg\u0131nla\u015fmas\u0131 a\u00e7\u0131s\u0131ndan \u00f6nemine dikkat \u00e7ekti.<\/p>\n\n\n\n<p>Toroslar Belediyesi \u0130klim De\u011fi\u015fikli\u011fi ve S\u0131f\u0131r At\u0131k M\u00fcd\u00fcrl\u00fc\u011f\u00fc b\u00fcnyesindeki kompost g\u00fcbre \u00fcretim tesisine yeni bir makine daha kazand\u0131r\u0131ld\u0131. Dal par\u00e7alama makinesinin de tesise entegre edilmesiyle tesisin \u00fcretim kapasitesi ayl\u0131k 50 tona \u00e7\u0131kt\u0131.<\/p>\n\n\n\n<p>Tesiste budama faaliyetleri sonucu olu\u015fan dal, budak, yaprak at\u0131klar\u0131 ve semt pazarlar\u0131nda olu\u015fan sebze ve meyve at\u0131klar\u0131 i\u015flenerek organik g\u00fcbreye d\u00f6n\u00fc\u015ft\u00fcr\u00fcl\u00fcyor. \u00dcretilen kompost g\u00fcbre Park Bah\u00e7eler M\u00fcd\u00fcrl\u00fc\u011f\u00fc peyzaj \u00e7al\u0131\u015fmalar\u0131nda, arazi \u0131slah \u00e7al\u0131\u015fmalar\u0131nda, \u00e7ift\u00e7ilere ve talep eden sivil toplum kurulu\u015flar\u0131na \u00fccretsiz olarak da\u011f\u0131t\u0131l\u0131yor.<\/p>\n\n\n\n<p>Toroslar Belediye Ba\u015fkan\u0131 Abdurrahman Y\u0131ld\u0131z, \u0130klim De\u011fi\u015fikli\u011fi ve S\u0131f\u0131r At\u0131k M\u00fcd\u00fcrl\u00fc\u011f\u00fc b\u00fcnyesindeki kompost g\u00fcbre \u00fcretim tesisinde \u00e7al\u0131\u015fmalar\u0131 inceledi, yeni makineler hakk\u0131nda bilgi ald\u0131.<\/p>\n\n\n\n<p>Ba\u015fkan Y\u0131ld\u0131z, &#8220;Bu tesis uzun zamand\u0131r Toroslar belediyesine hizmet vermesine ra\u011fmen, belli bir kapasitenin \u00fczerine \u00e7\u0131km\u0131yordu. Fakat yak\u0131n zamanda dal \u00f6\u011f\u00fctme makinas\u0131n\u0131 temin ettik ve kapasitesi artm\u0131\u015f bir \u015fekilde burada kompost g\u00fcbre \u00fcretilecek&#8221; dedi.<\/p>\n\n\n\n<p><strong>&#8220;\u00dcRET\u0130LEN G\u00dcBRE PARK BAH\u00c7ELERDE KULLANILACAK, \u00c7\u0130FT\u00c7\u0130LERE VER\u0130LECEK&#8221;<\/strong><\/p>\n\n\n\n<p>Kompost g\u00fcbre tesisinin \u015fu anda ayl\u0131k 30-40 ton civar\u0131nda bir \u00fcretim yapt\u0131\u011f\u0131n\u0131 kaydeden Ba\u015fkan Y\u0131ld\u0131z, &#8220;Bir m\u00fcddet sonra biraz daha artacak. Bunu kendi park bah\u00e7elerimizde kullanaca\u011f\u0131z hem de Toroslar&#8217;da \u00e7ift\u00e7ilik yapan hem\u015fehrilerimiz talep ettikleri zaman kendilerine bu organik g\u00fcbrelerden teslim edece\u011fiz. Ayn\u0131 zamanda yine seyyar bir dal \u00f6\u011f\u00fctme makinemiz var bunun da yak\u0131n zamanda faaliyete ge\u00e7irilmesi i\u00e7in \u00e7aba sarf ediyoruz. Yine k\u00f6ylerimizde dal at\u0131klar\u0131n\u0131n kompost hale getirilmesi i\u00e7in de bu seyyar makinemizde de gerekli \u00e7al\u0131\u015fmalar\u0131 yapaca\u011f\u0131z&#8221; ifadelerini kulland\u0131.<\/p>\n\n\n\n<p><strong>&#8220;K\u0130MYASAL G\u00dcBRE YER\u0130NE ORGAN\u0130K G\u00dcBRE&#8221;<\/strong><\/p>\n\n\n\n<p>\u0130klim krizinin etkilerinin hissedildi\u011fi bir d\u00f6nemde oldu\u011fumuza dikkat \u00e7eken Ba\u015fkan Y\u0131ld\u0131z, &#8220;E\u011fer \u00f6nlem almazsak bu iklim krizinin \u00f6n\u00fcne ge\u00e7mek m\u00fcmk\u00fcn olmayacak. Yani birincil ko\u015ful g\u00fcnl\u00fck ya\u015famlar\u0131m\u0131z\u0131 de\u011fi\u015ftirece\u011fiz, daha ekolojik bir hayat\u0131 kendimize d\u00fcstur edinece\u011fiz. T\u00fcketimlerimizde daha dikkatli olaca\u011f\u0131z ve daha tasarruflu ya\u015fayaca\u011f\u0131z. \u0130kincisi bu neviden yeni d\u00f6nemin bu \u00e7a\u011f\u0131n ihtiya\u00e7lar\u0131 olan \u00fcretimler konusunda kafam\u0131z\u0131 yoraca\u011f\u0131z. Yani kompost g\u00fcbreler \u00fcretece\u011fiz, kimyasal g\u00fcbrelerden vazge\u00e7ece\u011fiz. Bunun yerine biyolojik m\u00fccadele \u00f6zellikle tar\u0131m alan\u0131nda biyolojik m\u00fccadeleye h\u0131zla ge\u00e7memiz gerekecek. Yoksa dedi\u011fim gibi hem d\u00fcnya \u00e7ok ciddi bir \u015fekilde bundan zarar g\u00f6r\u00fcyor hem de insanl\u0131k ailesi olarak bizler \u00e7ok ciddi zarar g\u00f6r\u00fcyoruz. Dolay\u0131s\u0131yla ben Toroslar Belediyesi&#8217;nin ve bu i\u015fe g\u00f6n\u00fcl vermi\u015f arkada\u015flar\u0131m\u0131z\u0131n bu hizmetlerden dolay\u0131 kendilerine bir kez daha te\u015fekk\u00fcr ediyorum. Ger\u00e7ekten bu tarz i\u015flerin bir i\u015faret olmas\u0131 gerekti\u011fini d\u00fc\u015f\u00fcn\u00fcyorum. Ben de biliyorum sadece bir belediyenin g\u00fcc\u00fcyle b\u00fct\u00fcn ekolojik meselelerin \u00e7\u00f6z\u00fclmesi m\u00fcmk\u00fcn de\u011fil.&nbsp; Ben de biliyorum ki bu kimyasallardan sadece bir belediyenin g\u00fcc\u00fcyle kurtulmam\u0131z m\u00fcmk\u00fcn de\u011fil. Ama \u015funu da biliyorum ki elbirli\u011fi yapt\u0131\u011f\u0131m\u0131z zaman hepimiz bu meseleye kafa yordu\u011fumuz zaman hem kendi hayatlar\u0131m\u0131z\u0131 kurtaraca\u011f\u0131z hem bizden sonra gelen ku\u015faklar\u0131n ya\u015famlar\u0131n\u0131 daha katlan\u0131labilir, daha konforlu, daha kaliteli bir hayat olarak onlara teslim edece\u011fiz&#8221; ifadelerini kulland\u0131.<\/p>\n","protected":false},"excerpt":{"rendered":"<p>Toroslar Belediyesi, kompost g\u00fcbre \u00fcretim tesisinin kapasitesini yeni makinelerin de al\u0131nmas\u0131yla art\u0131rd\u0131. Tesis, budama faaliyetleri sonucu olu\u015fan dal, budak, yaprak at\u0131klar\u0131ndan ve semt pazarlar\u0131ndan olu\u015fan sebze ve meyve at\u0131klar\u0131ndan kompost g\u00fcbre \u00fcretiyor. Elde edilen organik g\u00fcbre hem Toroslar Belediyesinin park ve bah\u00e7elerinde kullan\u0131l\u0131yor hem \u00fcreticiye da\u011f\u0131t\u0131l\u0131yor. Toroslar Belediye Ba\u015fkan\u0131 Abdurrahman Y\u0131ld\u0131z, tesisin kimyasal g\u00fcbre yerine [&hellip;]<\/p>\n","protected":false},"author":2,"featured_media":40580,"comment_status":"closed","ping_status":"closed","sticky":false,"template":"","format":"standard","meta":{"footnotes":""},"categories":[3],"tags":[],"class_list":["post-40579","post","type-post","status-publish","format-standard","has-post-thumbnail","hentry","category-manset"],"views":6,"_links":{"self":[{"href":"https:\/\/mersinkadingazetesi.com\/index.php?rest_route=\/wp\/v2\/posts\/40579"}],"collection":[{"href":"https:\/\/mersinkadingazetesi.com\/index.php?rest_route=\/wp\/v2\/posts"}],"about":[{"href":"https:\/\/mersinkadingazetesi.com\/index.php?rest_route=\/wp\/v2\/types\/post"}],"author":[{"embeddable":true,"href":"https:\/\/mersinkadingazetesi.com\/index.php?rest_route=\/wp\/v2\/users\/2"}],"replies":[{"embeddable":true,"href":"https:\/\/mersinkadingazetesi.com\/index.php?rest_route=%2Fwp%2Fv2%2Fcomments&post=40579"}],"version-history":[{"count":1,"href":"https:\/\/mersinkadingazetesi.com\/index.php?rest_route=\/wp\/v2\/posts\/40579\/revisions"}],"predecessor-version":[{"id":40581,"href":"https:\/\/mersinkadingazetesi.com\/index.php?rest_route=\/wp\/v2\/posts\/40579\/revisions\/40581"}],"wp:featuredmedia":[{"embeddable":true,"href":"https:\/\/mersinkadingazetesi.com\/index.php?rest_route=\/wp\/v2\/media\/40580"}],"wp:attachment":[{"href":"https:\/\/mersinkadingazetesi.com\/index.php?rest_route=%2Fwp%2Fv2%2Fmedia&parent=40579"}],"wp:term":[{"taxonomy":"category","embeddable":true,"href":"https:\/\/mersinkadingazetesi.com\/index.php?rest_route=%2Fwp%2Fv2%2Fcategories&post=40579"},{"taxonomy":"post_tag","embeddable":true,"href":"https:\/\/mersinkadingazetesi.com\/index.php?rest_route=%2Fwp%2Fv2%2Ftags&post=40579"}],"curies":[{"name":"wp","href":"https:\/\/api.w.org\/{rel}","templated":true}]}}