{"id":40586,"date":"2025-03-10T21:46:50","date_gmt":"2025-03-10T18:46:50","guid":{"rendered":"https:\/\/mersinkadingazetesi.com\/?p=40586"},"modified":"2025-03-10T21:46:51","modified_gmt":"2025-03-10T18:46:51","slug":"meski-tarihin-en-buyuk-altyapi-yatirimlari-icin-harekete-gecti","status":"publish","type":"post","link":"https:\/\/mersinkadingazetesi.com\/?p=40586","title":{"rendered":"&#8220;MESK\u0130 TAR\u0130H\u0130N EN B\u00dcY\u00dcK ALTYAPI YATIRIMLARI \u0130\u00c7\u0130N HAREKETE GE\u00c7T\u0130&#8221;"},"content":{"rendered":"\n<p>Mersin B\u00fcy\u00fck\u015fehir Belediye Meclisi&#8217;nin 2025 Y\u0131l\u0131 Mart Ay\u0131 Ola\u011fan Toplant\u0131s\u0131&#8217;n\u0131n 1. Birle\u015fimi, Mersin B\u00fcy\u00fck\u015fehir Belediye Ba\u015fkan\u0131 Vahap Se\u00e7er ba\u015fkanl\u0131\u011f\u0131nda ger\u00e7ekle\u015ftirildi. Kongre ve Sergi Saray\u0131 \u00c7ok Ama\u00e7l\u0131 Salon&#8217;da ger\u00e7ekle\u015ftirilen Meclis Toplant\u0131s\u0131&#8217;nda komisyonlara havale edilen 25, birimlerden gelen 33 ve g\u00fcndem d\u0131\u015f\u0131 1 madde olmak \u00fczere toplam 59 madde g\u00f6r\u00fc\u015f\u00fcld\u00fc.<\/p>\n\n\n\n<p><strong>Ba\u015fkan Se\u00e7er: &#8220;Ramazan&#8217;da dayan\u0131\u015fmay\u0131 b\u00fcy\u00fct\u00fcyoruz&#8221;<\/strong><\/p>\n\n\n\n<p>Dayan\u0131\u015fma, payla\u015fma ve ho\u015fg\u00f6r\u00fcn\u00fcn simgesi olan Ramazan Ay\u0131&#8217;n\u0131 kutlayarak Meclis&#8217;i a\u00e7an Ba\u015fkan Se\u00e7er,&nbsp;<strong>&#8220;Bu m\u00fcbarek g\u00fcnler sadece sofram\u0131zda de\u011fil, g\u00f6n\u00fcllerimizi de bereketlendiren, birlik ve beraberli\u011fimizi peki\u015ftiren \u00f6zel zamanlard\u0131r. Ramazan ruhu kom\u015fusu a\u00e7ken tok yatmayanlar\u0131n, bir lokmay\u0131 b\u00f6l\u00fc\u015ferek \u00e7o\u011faltanlar\u0131n ruhudur. Bizler de Mersin&#8217;de kimsenin kendini yaln\u0131z hissetmeyece\u011fi, herkesin e\u015fit ve adil bir ya\u015fam s\u00fcrd\u00fc\u011f\u00fc bir kent in\u015fa etmek i\u00e7in \u00e7al\u0131\u015fmalar\u0131m\u0131z\u0131 devam ettiriyoruz ve Ramazan&#8217;da dayan\u0131\u015fmay\u0131 b\u00fcy\u00fct\u00fcyoruz. Bu kutsal ay\u0131n bereketini ihtiya\u00e7 sahiplerine ula\u015ft\u0131rmak i\u00e7in \u00e7al\u0131\u015fmalar\u0131m\u0131za s\u00fcrd\u00fcr\u00fcyoruz&#8221;&nbsp;<\/strong>diyerek, destek olmak isteyen vatanda\u015flar\u0131n ise&nbsp;<strong><em>&#8216;birizberaberiz.org&#8217;&nbsp;<\/em><\/strong>\u00fczerinden destek olabilece\u011fini vurgulad\u0131.<\/p>\n\n\n\n<p><strong>MESK\u0130&#8217;de&nbsp;<em>&#8216;\u00c7evre Dostu Dijital Fatura&#8217;<\/em>&nbsp;d\u00f6nemi<\/strong><\/p>\n\n\n\n<p>Mersin Su ve Kanalizasyon \u0130daresi Genel M\u00fcd\u00fcrl\u00fc\u011f\u00fc&#8217;n\u00fcn (MESK\u0130)&nbsp;<strong><em>&#8216;\u00c7evre Dostu Dijital Fatura&#8217;<\/em><\/strong>&nbsp;d\u00f6nemine girdi\u011fini duyuran Se\u00e7er,&nbsp;<strong>&#8220;Faturalar k\u00e2\u011f\u0131t, bu ka\u011f\u0131t israf\u0131 ve a\u011fa\u00e7 katliam\u0131 demek. Sadece MESK\u0130 faturalar\u0131n\u0131 de\u011fil, b\u00fct\u00fcn ihtiya\u00e7lar\u0131m\u0131z\u0131 dijital platform \u00fczerinden yapabiliriz. MESK\u0130 bu konudaki \u00e7al\u0131\u015fmalar\u0131n\u0131 belli bir noktaya getirdi ve t\u00fcm vatanda\u015flar\u0131m\u0131z\u0131n faturalar\u0131n\u0131 dijital ortamdan \u00f6demelerini istiyoruz. Bunun i\u00e7in bilgilerinizin g\u00fcncellenmesi gerekiyor; bu i\u015flemler Alo 185, web online i\u015flemler ve abone merkezlerinden vatanda\u015flar\u0131m\u0131z taraf\u0131ndan yap\u0131labiliyor&#8221;<\/strong>&nbsp;dedi.<\/p>\n\n\n\n<p><strong>&#8220;Vatanda\u015flardan evsel kat\u0131 at\u0131k bedellerinin \u00e7ok y\u00fcksek bulundu\u011funa dair bildirimler geldi&#8221;<\/strong><\/p>\n\n\n\n<p>Yurtta\u015flardan su faturalar\u0131ndaki evsel kat\u0131 at\u0131k bedellerine ili\u015fkin bildirimler ald\u0131klar\u0131n\u0131 aktaran Se\u00e7er,&nbsp;<strong>&#8220;Vatanda\u015flardan MESK\u0130 faturalar\u0131ndaki evsel kat\u0131 at\u0131k bedellerinin yeni uygulamalarla beraber \u00e7ok y\u00fcksek bulundu\u011funa dair bildirimler geldi. Bildi\u011finiz gibi evsel kat\u0131 at\u0131k bedeli MESK\u0130 taraf\u0131ndan toplan\u0131yor ama bu para MESK\u0130&#8217;nin de\u011fil, il\u00e7e belediyelerimiz ad\u0131na toplan\u0131yor ve il\u00e7e belediyelerimizin hesab\u0131na ge\u00e7iriliyor. Biz bunu yasa gere\u011fi yapmak zorunday\u0131z. Bize kalsa yapmay\u0131z \u00e7\u00fcnk\u00fc faturalar\u0131n\u0131z\u0131n y\u00fck\u00fcn\u00fc artt\u0131r\u0131yor. \u0130\u00e7inde bir de vergi y\u00fckleri, KDV&#8217;si \u00d6TV&#8217;si var&#8221;&nbsp;<\/strong>diye konu\u015ftu.<\/p>\n\n\n\n<p><strong>Se\u00e7er&#8217;den il\u00e7e belediyelerine evsel at\u0131k bedeli i\u00e7in i\u015f birli\u011fi \u00e7a\u011fr\u0131s\u0131<\/strong><\/p>\n\n\n\n<p>Vatanda\u015f\u0131n mesken bedeli, evsel at\u0131k, di\u011fer vergileri MESK\u0130&#8217;nin tahsilat\u0131 olarak g\u00f6rd\u00fc\u011f\u00fcn\u00fc s\u00f6yleyen Se\u00e7er, faturalarda tahsilat k\u0131s\u0131mlar\u0131n\u0131 ay\u0131rd\u0131klar\u0131n\u0131 ve vatanda\u015f\u0131n da bunu \u00f6\u011frenmeye ba\u015flad\u0131\u011f\u0131n\u0131 s\u00f6yledi. \u0130l\u00e7e belediyelerinin evsel kat\u0131 at\u0131k bedelleri i\u00e7in yapt\u0131klar\u0131 zamlar\u0131 tek tek s\u0131ralayan Se\u00e7er,&nbsp;<strong>&#8220;Son 2024 enflasyonunu y\u00fczde 45 kabul edersek; enflasyonun alt\u0131nda kalan art\u0131\u015f miktar\u0131 sadece 2 belediyede var. Onun d\u0131\u015f\u0131nda y\u00fczde 64&#8217;ten y\u00fczde 280&#8217;e varan art\u0131\u015flar var. Bu hem il\u00e7e belediyelerimizi hem de B\u00fcy\u00fck\u015fehir&#8217;i s\u0131k\u0131nt\u0131ya sokuyor. B\u00fcy\u00fck\u015fehir&#8217;in bundan bir kazanc\u0131 yok ama fatura bedelini y\u00fckseltiyor&#8221;<\/strong>&nbsp;dedi. \u0130l\u00e7e Belediye Ba\u015fkanlar\u0131n\u0131n evsel kat\u0131 at\u0131k bedellerini bir kez daha g\u00f6zden ge\u00e7irmelerini talep eden Se\u00e7er<strong>, &#8220;B\u00fcrokratlar\u0131m\u0131z\u0131n daha \u00f6nceki i\u015f birli\u011fi \u00e7a\u011fr\u0131lar\u0131n\u0131n, il\u00e7elerimiz de yeterince kar\u015f\u0131l\u0131k bulmad\u0131\u011f\u0131n\u0131 belirtmek istiyorum. Bizimle i\u015f birli\u011fi yap\u0131l\u0131rsa vatanda\u015f ad\u0131na do\u011fru bir i\u015f yapm\u0131\u015f oluruz&#8221;<\/strong>&nbsp;s\u00f6zlerine yer verdi.<\/p>\n\n\n\n<p><strong>&#8220;MESK\u0130 su fiyat\u0131na en son 2024 Ocak ay\u0131nda zam yapt\u0131&#8221;<\/strong><\/p>\n\n\n\n<p>MESK\u0130&#8217;nin su fiyatlar\u0131n\u0131 en son 2024 Ocak ay\u0131nda y\u00fczde 25 art\u0131rd\u0131\u011f\u0131n\u0131 s\u00f6yleyen Se\u00e7er, o g\u00fcnden bu yana elektrik ve akaryak\u0131t giderlerini olduk\u00e7a art\u0131\u011f\u0131na dikkat \u00e7ekerek,&nbsp;<strong>&#8220;Sadece b\u00fct\u00fcn sular idaresinin uygulad\u0131\u011f\u0131 bir y\u00f6ntemle enflasyon oran\u0131nda fiyat d\u00fczenlemesi yap\u0131yoruz. Biz 2024&#8217;\u00fcn Ocak ay\u0131ndan beri meydana gelen fark\u0131 yans\u0131tmad\u0131k, bundan sonra yans\u0131tmay\u0131 d\u00fc\u015f\u00fcnm\u00fcyoruz. Tabi ki buras\u0131 bir \u015firket, su bedellerin d\u0131\u015f\u0131nda bir geliri yok. Kar amac\u0131 g\u00fctm\u00fcyor. Hem yat\u0131r\u0131mlar\u0131m\u0131z\u0131 hem cari harcamalar\u0131m\u0131z\u0131 yapmak, kesintisiz, temiz suyu ula\u015ft\u0131rmak, at\u0131k suyu al\u0131p usul\u00fcne uygun bir \u015fekilde bertaraf etmek, nihai noktaya de\u015farj etmek gibi her \u015fey bu toplad\u0131\u011f\u0131m\u0131z paralar\u0131n i\u00e7erisinde&#8221;<\/strong>&nbsp;ifadelerini kulland\u0131.<\/p>\n\n\n\n<p><strong>&#8220;MESK\u0130 tarihin en b\u00fcy\u00fck altyap\u0131 yat\u0131r\u0131mlar\u0131 i\u00e7in harekete ge\u00e7ti&#8221;<\/strong><\/p>\n\n\n\n<p>MESK\u0130&#8217;nin Mersin&#8217;de tarihin en b\u00fcy\u00fck altyap\u0131 yat\u0131r\u0131mlar\u0131 i\u00e7in harekete ge\u00e7ti\u011fini s\u00f6yleyen Se\u00e7er,&nbsp;<strong>&#8220;Ba\u015flam\u0131\u015f, ihalesine \u00e7\u0131k\u0131lm\u0131\u015f, ihale a\u015famas\u0131nda olan, Cumhurba\u015fkanl\u0131\u011f\u0131 Yat\u0131r\u0131m Program\u0131&#8217;na al\u0131nm\u0131\u015f toplamda 8 milyar TL&#8217;lik bir yat\u0131r\u0131m var. Ayr\u0131ca 8 milyar TL&#8217;lik de Pamukluk Baraj\u0131 yat\u0131r\u0131m\u0131n\u0131 Devlet Su \u0130\u015fleri (DS\u0130) yap\u0131yor ama bizim bor\u00e7land\u0131\u011f\u0131m\u0131z\u0131 da bilmenizi istiyoruz. Uluslararas\u0131 \u0130mar ve Kalk\u0131nma Bankas\u0131&#8217;ndan (EBRD) gelecek olan 50 milyon Euro&#8217;luk hibeyi de Afet B\u00f6lgesi ya da Genel Hayata Etkili Afet B\u00f6lgesi ilan edilmedi\u011fimiz i\u00e7in alamad\u0131\u011f\u0131m\u0131z\u0131 bir kez daha sizlerin ve kamuoyunun huzurunda sunmak istiyoruz&#8221;<\/strong>&nbsp;diyerek, toplamda 16 milyar TL&#8217;lik direkt yat\u0131r\u0131m\u0131 da B\u00fcy\u00fck\u015fehir&#8217;in ba\u015flatt\u0131\u011f\u0131n\u0131 duyurdu.<\/p>\n\n\n\n<p>Anamur&#8217;un i\u00e7me suyu sorununu ortadan kald\u0131rmak i\u00e7in Otluca \u0130\u00e7me Suyu Projesi&#8217;nin hayata ge\u00e7irildi\u011fini s\u00f6yleyen Se\u00e7er,&nbsp;<strong>&#8220;Otluca \u0130\u00e7me Suyu Projesi 2012 y\u0131l\u0131ndan itibaren Cumhurba\u015fkanl\u0131\u011f\u0131 Yat\u0131r\u0131m Program\u0131&#8217;nda var. Anamur, MESK\u0130&#8217;ye 2014&#8217;ten sonra dahil oldu. Benden \u00f6nceki d\u00f6nemde de bir kredi temini olmam\u0131\u015f, biz de geldik \u00e7ok u\u011fra\u015ft\u0131k olmad\u0131. En son yat\u0131r\u0131mlara kredi ararken yurt d\u0131\u015f\u0131 kredilerinde deniz kirlili\u011fine \u00e7ok \u00f6nem verdikleri i\u00e7in sahile yak\u0131n b\u00f6lgelerdeki kanalizasyon altyap\u0131 ar\u0131tma projelerini destek veriyorlar. Mezitli, \u00c7aml\u0131yayla, Ayd\u0131nc\u0131k i\u00e7in 42 milyon Euro kredimiz var, \u015fantiyesi kuruldu, \u00e7al\u0131\u015fmalar yap\u0131l\u0131yor. Ancak biz Otluca&#8217;ya bir finansman bulamad\u0131k. Bunlara da finans bulmaya \u00e7al\u0131\u015f\u0131yoruz. En az Anamur&#8217;daki bir fert kadar ben de bu projeyi ger\u00e7ekle\u015ftirmek istiyorum&#8221;<\/strong>&nbsp;dedi.<strong><\/strong><\/p>\n\n\n\n<p><strong>&#8220;Mersin merkez ve Tarsus&#8217;ta su sorunumuz yok&#8221;<\/strong><\/p>\n\n\n\n<p>Mersin n\u00fcfusunun y\u00fczde 75&#8217;in bar\u0131nd\u0131ran merkez il\u00e7eler ve Tarsus&#8217;ta herhangi bir s\u0131k\u0131nt\u0131 g\u00f6r\u00fcnmemesine kar\u015f\u0131n; yaylalar, deniz kenarlar\u0131 ve y\u00fcksek yerlerde bu y\u0131l ya\u011f\u0131\u015flar\u0131n az olmas\u0131ndan kaynakl\u0131 su sorunu ya\u015fanmas\u0131ndan endi\u015fe etti\u011fini vurgulayan Se\u00e7er,&nbsp;<strong>&#8220;Bu y\u0131l ge\u00e7ti\u011fimiz y\u0131la g\u00f6re ya\u011f\u0131\u015f rejimi ile ilgili endi\u015felerim var. Merkezde su sorunu yok. \u0130ki tane baraj var birbirine ba\u011fl\u0131, birle\u015fik kap modelinde; Berdan ve Pamukluk Baraj\u0131. Do\u011fal olarak bizim ne Tarsus merkezde ne Mersin merkezde, n\u00fcfusun yakla\u015f\u0131k olarak y\u00fczde 75&#8217;ini olu\u015fturan ya\u015fam alanlar\u0131m\u0131zda b\u00f6yle bir sorun yok. Bizim sorunumuz yaylalarda, deniz kenarlarda ve y\u00fcksek noktalarda. MESK\u0130&#8217;nin bu konuda kontrols\u00fcz oldu\u011fu, i\u015fini yapmad\u0131\u011f\u0131, geri kald\u0131\u011f\u0131 herhangi bir konu yok. Nerede ne oldu\u011funu hemen g\u00f6relim ve ar\u0131zaya meydan vermeyelim diye milyonlar harcayarak SCADA sistemini kurduk&#8221;<\/strong>&nbsp;ifadelerini kulland\u0131.<\/p>\n\n\n\n<p><strong>&#8220;Sokak hayvanlar\u0131 konusunda T\u00fcrkiye&#8217;nin en iyi illerinden biriyiz&#8221;<\/strong><\/p>\n\n\n\n<p>Sokak hayvanlar\u0131na ili\u015fkin \u00e7al\u0131\u015fmalar\u0131n ne durumda oldu\u011funu soran Meclis \u00dcyesinin sorusu \u00fczerine Se\u00e7er, Mersin Valisi Atilla Toros&#8217;un koordinat\u00f6rl\u00fc\u011f\u00fcnde ger\u00e7ekle\u015fen bir toplant\u0131ya kat\u0131ld\u0131klar\u0131n\u0131 ve bu konuda il\u00e7e belediyelerinin de B\u00fcy\u00fck\u015fehir&#8217;in de olduk\u00e7a nizami bir \u00e7al\u0131\u015fma s\u00fcrd\u00fcrd\u00fc\u011f\u00fcn\u00fc ifade etti. Se\u00e7er, tahsis al\u0131nan alanlara hayvanlar i\u00e7in ya\u015fam alanlar\u0131 kuruldu\u011funu s\u00f6yleyerek,&nbsp;<strong>&#8220;Sokak hayvanlar\u0131 konusunda T\u00fcrkiye&#8217;nin en iyi illerinden biriyiz. \u0130l\u00e7e belediyelerimiz de g\u00f6revini yap\u0131yor. Sokak hayvanlar\u0131 i\u00e7in do\u011fal ya\u015fam alanlar\u0131 tahsis ediyoruz&#8221;<\/strong>&nbsp;dedi.<\/p>\n\n\n\n<p><strong>&#8220;Herkesin hakk\u0131n\u0131 savunmak kendi hakk\u0131m\u0131z\u0131 savunmak kadar kutsald\u0131r&#8221;<\/strong><\/p>\n\n\n\n<p>Mecliste g\u00fcndeme gelen Suriye&#8217;de ya\u015fanan olaylara ili\u015fkin de a\u00e7\u0131klamalar yapan Se\u00e7er,&nbsp;<strong>&#8220;Suriye&#8217;de katliam oluyor biz ele\u015ftiriyoruz da ba\u015fka yerde olunca alk\u0131\u015flam\u0131yoruz. Tarihimizde b\u00f6yle bir \u015fey yapt\u0131\u011f\u0131m\u0131z g\u00f6r\u00fclmemi\u015ftir.&nbsp;&nbsp;Hatay, Adana ve Mersin b\u00f6lgelerindeki vatanda\u015flar\u0131n, Lazkiye ve Tartus&#8217;ta ya\u015fayan Suriyelilerle akrabal\u0131k ba\u011flar\u0131 var. Bu bir realite. T\u00fcrkiye Cumhuriyeti devletinin orada bir etkisi var.&nbsp;&nbsp;\u0130ktidar oraya m\u00fcdahale edebilir. Ortada mezhep\u00e7i, etnik\u00e7i bir sald\u0131r\u0131 var. Sivil sald\u0131r\u0131 kabul edilebilir bir durum de\u011fildir. Bir tarafta kom\u015fular\u0131n bir tarafta kendi b\u00f6lgemizde i\u00e7 bar\u0131\u015f\u0131 sa\u011flamak i\u00e7in hepimiz gayret g\u00f6steriyoruz. Biz diyoruz ki; art\u0131k T\u00fcrkiye&#8217;de kavgay\u0131 g\u00fcr\u00fclt\u00fcy\u00fc b\u0131rakal\u0131m. B\u00f6lgemizde ve d\u00fcnyada bar\u0131\u015f istiyoruz ve talebimiz masum siviller katledilmesin, b\u00f6lgemizde sava\u015f ve ma\u011fduriyetler olmas\u0131n. Dili, rengi, \u0131rk\u0131 ne olursa olsun bir b\u00f6lgede ya\u015f\u0131yoruz. Herkesin hakk\u0131n\u0131 savunmak kendi hakk\u0131m\u0131z\u0131 savunmak kadar kutsald\u0131r&#8221;&nbsp;<\/strong>diye konu\u015ftu.<\/p>\n\n\n\n<p>Tarsus Belediyesi&#8217;ne ait olan 12 bin 991 metre kare alan\u0131n &#8216;Toplu Konut Projesi&#8217; i\u00e7in B\u00fcy\u00fck\u015fehir&#8217;e sat\u0131lmas\u0131na ili\u015fkin Mersin B\u00fcy\u00fck\u015fehir Belediye Ba\u015fkan\u0131&#8217;na imza yetkisi verilmesi ile ilgili madde hakk\u0131nda konu\u015fan Se\u00e7er,&nbsp;<strong>&#8220;Sosyal Konut Projemiz kapsam\u0131nda baz\u0131 \u00e7al\u0131\u015fmalar ba\u015flatt\u0131k. Bir tanesi de Tarsus&#8217;tu, uygun bir yeri vard\u0131. Bedeli kar\u015f\u0131l\u0131\u011f\u0131nda biz Tarsus Belediyesi&#8217;nden al\u0131p oraya toplu konut projesini hayata ge\u00e7irece\u011fiz. Bir belediyenin gayrimenkul\u00fc sat\u0131n al\u0131nabilir. Ben bir arazi alaca\u011f\u0131m belediyeden ama imza yetkisi istiyorum&#8221;<\/strong>&nbsp;dedi. Madde oybirli\u011fi ile ilgili komisyonlara havale edildi.<\/p>\n","protected":false},"excerpt":{"rendered":"<p>Mersin B\u00fcy\u00fck\u015fehir Belediye Meclisi&#8217;nin 2025 Y\u0131l\u0131 Mart Ay\u0131 Ola\u011fan Toplant\u0131s\u0131&#8217;n\u0131n 1. Birle\u015fimi, Mersin B\u00fcy\u00fck\u015fehir Belediye Ba\u015fkan\u0131 Vahap Se\u00e7er ba\u015fkanl\u0131\u011f\u0131nda ger\u00e7ekle\u015ftirildi. Kongre ve Sergi Saray\u0131 \u00c7ok Ama\u00e7l\u0131 Salon&#8217;da ger\u00e7ekle\u015ftirilen Meclis Toplant\u0131s\u0131&#8217;nda komisyonlara havale edilen 25, birimlerden gelen 33 ve g\u00fcndem d\u0131\u015f\u0131 1 madde olmak \u00fczere toplam 59 madde g\u00f6r\u00fc\u015f\u00fcld\u00fc. Ba\u015fkan Se\u00e7er: &#8220;Ramazan&#8217;da dayan\u0131\u015fmay\u0131 b\u00fcy\u00fct\u00fcyoruz&#8221; Dayan\u0131\u015fma, payla\u015fma [&hellip;]<\/p>\n","protected":false},"author":2,"featured_media":40587,"comment_status":"closed","ping_status":"closed","sticky":false,"template":"","format":"standard","meta":{"footnotes":""},"categories":[34,2,3,5],"tags":[],"class_list":["post-40586","post","type-post","status-publish","format-standard","has-post-thumbnail","hentry","category-flas-haber","category-gundem","category-manset","category-mersin"],"views":7,"_links":{"self":[{"href":"https:\/\/mersinkadingazetesi.com\/index.php?rest_route=\/wp\/v2\/posts\/40586"}],"collection":[{"href":"https:\/\/mersinkadingazetesi.com\/index.php?rest_route=\/wp\/v2\/posts"}],"about":[{"href":"https:\/\/mersinkadingazetesi.com\/index.php?rest_route=\/wp\/v2\/types\/post"}],"author":[{"embeddable":true,"href":"https:\/\/mersinkadingazetesi.com\/index.php?rest_route=\/wp\/v2\/users\/2"}],"replies":[{"embeddable":true,"href":"https:\/\/mersinkadingazetesi.com\/index.php?rest_route=%2Fwp%2Fv2%2Fcomments&post=40586"}],"version-history":[{"count":1,"href":"https:\/\/mersinkadingazetesi.com\/index.php?rest_route=\/wp\/v2\/posts\/40586\/revisions"}],"predecessor-version":[{"id":40588,"href":"https:\/\/mersinkadingazetesi.com\/index.php?rest_route=\/wp\/v2\/posts\/40586\/revisions\/40588"}],"wp:featuredmedia":[{"embeddable":true,"href":"https:\/\/mersinkadingazetesi.com\/index.php?rest_route=\/wp\/v2\/media\/40587"}],"wp:attachment":[{"href":"https:\/\/mersinkadingazetesi.com\/index.php?rest_route=%2Fwp%2Fv2%2Fmedia&parent=40586"}],"wp:term":[{"taxonomy":"category","embeddable":true,"href":"https:\/\/mersinkadingazetesi.com\/index.php?rest_route=%2Fwp%2Fv2%2Fcategories&post=40586"},{"taxonomy":"post_tag","embeddable":true,"href":"https:\/\/mersinkadingazetesi.com\/index.php?rest_route=%2Fwp%2Fv2%2Ftags&post=40586"}],"curies":[{"name":"wp","href":"https:\/\/api.w.org\/{rel}","templated":true}]}}