{"id":40592,"date":"2025-03-11T09:15:47","date_gmt":"2025-03-11T06:15:47","guid":{"rendered":"https:\/\/mersinkadingazetesi.com\/?p=40592"},"modified":"2025-03-11T09:15:48","modified_gmt":"2025-03-11T06:15:48","slug":"kariyer-merkezi-ogrencileri-gelecege-hazirliyor","status":"publish","type":"post","link":"https:\/\/mersinkadingazetesi.com\/?p=40592","title":{"rendered":"KAR\u0130YER MERKEZ\u0130, \u00d6\u011eRENC\u0130LER\u0130 GELECE\u011eE HAZIRLIYOR"},"content":{"rendered":"\n<p>Mersin B\u00fcy\u00fck\u015fehir Belediyesi Kariyer Merkezi, gen\u00e7lerin kariyer yolculu\u011funda yanlar\u0131nda olmaya devam ediyor. Hem \u00fcniversite hem de lise \u00f6\u011frencilerine y\u00f6nelik etkinlikler ger\u00e7ekle\u015ftiren Kariyer Merkezi, gen\u00e7lerin i\u015f d\u00fcnyas\u0131na haz\u0131rlanmalar\u0131na katk\u0131 sa\u011fl\u0131yor. Kariyer Merkezi; \u00fcniversitelerle i\u015f birli\u011fine b\u00fcy\u00fck \u00f6nem verirken, \u00f6\u011frencilerin ihtiya\u00e7lar\u0131na uygun projeler tasarlayarak, onlar\u0131n gelece\u011fe daha donan\u0131ml\u0131 ad\u0131m atmalar\u0131n\u0131 hedefliyor.<\/p>\n\n\n\n<p><strong>Kariyer Merkezi, \u00fcniversiteli gen\u00e7lere i\u015f d\u00fcnyas\u0131n\u0131 yak\u0131ndan tan\u0131ma f\u0131rsat\u0131 sunuyor<\/strong><\/p>\n\n\n\n<p>Mersin \u00dcniversitesi Uluslararas\u0131 \u0130li\u015fkiler Toplulu\u011fu ile bir araya gelen Kariyer Merkezi, \u00fcniversiteli gen\u00e7lere y\u00f6nelik ger\u00e7ekle\u015ftirilecek faaliyetleri de\u011ferlendirdi. Toplant\u0131da; \u00f6\u011frencilerin kariyer geli\u015fimine katk\u0131 sa\u011flayacak seminerler, mentorluk programlar\u0131, teknik geziler ve kariyer g\u00fcnleri gibi etkinlikler planland\u0131. \u0130\u015f birli\u011fi kapsam\u0131nda, \u00f6\u011frencilerin i\u015f d\u00fcnyas\u0131n\u0131 yak\u0131ndan tan\u0131malar\u0131 ve kariyer hedeflerini daha net belirlemeleri ama\u00e7lan\u0131yor.<\/p>\n\n\n\n<p>\u00dcniversiteli gen\u00e7lere y\u00f6nelik projelerini, \u00f6\u011frenci kul\u00fcpleriyle birlikte onlar\u0131n ihtiya\u00e7lar\u0131na g\u00f6re \u015fekillendiren Kariyer Merkezi, gen\u00e7lerin hem ki\u015fisel hem de mesleki geli\u015fimlerine katk\u0131 sa\u011flarken, i\u015f d\u00fcnyas\u0131na haz\u0131rlanmalar\u0131 i\u00e7in gerekli rehberlik ve dan\u0131\u015fmanl\u0131k hizmetleri de sunuyor.<\/p>\n\n\n\n<p><strong>Lise \u00f6\u011frencilerine do\u011fru meslek se\u00e7iminin \u00f6nemi anlat\u0131ld\u0131<\/strong><\/p>\n\n\n\n<p>Lise \u00f6\u011frencilerine y\u00f6nelik de \u00e7al\u0131\u015fmalar\u0131na devam eden Kariyer Merkezi, Bah\u00e7e\u015fehir Koleji&#8217;nde&nbsp;<strong><em>&#8216;Master 6 Program\u0131 Mesleki G\u00f6zlem Mod\u00fcl\u00fc&#8217;<\/em><\/strong>&nbsp;kapsam\u0131nda, Kariyer Merkezi Kariyer Dan\u0131\u015fman\u0131 Rukiye G\u00fcnay O\u011fuz taraf\u0131ndan&nbsp;<strong>&#8220;\u0130\u015f D\u00fcnyas\u0131n\u0131n Bekledi\u011fi Yetkinlikler&#8221;<\/strong>&nbsp;konulu bir e\u011fitim ger\u00e7ekle\u015ftirdi. Lise \u00f6\u011frencilerine y\u00f6nelik d\u00fczenlenen bu programlarda; do\u011fru meslek se\u00e7iminin \u00f6nemi, i\u015f g\u00fcc\u00fc piyasas\u0131n\u0131n dinamikleri, LinkedIn kullan\u0131m\u0131, yeni nesil i\u015f arama kanallar\u0131 ve i\u015f d\u00fcnyas\u0131n\u0131n bekledi\u011fi yetkinlik setleri gibi konular ele al\u0131nd\u0131. Bu e\u011fitimler sayesinde \u00f6\u011frenciler; hen\u00fcz lise s\u0131ralar\u0131nda i\u015f d\u00fcnyas\u0131n\u0131 tan\u0131ma f\u0131rsat\u0131 bulurken, gelecekteki kariyerleri i\u00e7in de erken ad\u0131m atma \u015fans\u0131 yakal\u0131yor.<\/p>\n\n\n\n<p><strong>\u00d6zada: &#8220;Gen\u00e7lerimizin, kariyer hedeflerine ula\u015fmalar\u0131na destek olaca\u011f\u0131z&#8221;<\/strong><\/p>\n\n\n\n<p>Mersin B\u00fcy\u00fck\u015fehir Belediyesi Kariyer Merkezi M\u00fcd\u00fcr\u00fc Serkan \u00d6zada,&nbsp;Kariyer Merkezi olarak gen\u00e7lerin kariyer yolculu\u011funda yanlar\u0131nda olmaya b\u00fcy\u00fck \u00f6nem verdiklerini belirterek,<strong>&nbsp;&#8220;\u00d6zellikle \u00fcniversite ve lise \u00f6\u011frencilerimiz, en \u00f6nemli hedef kitlelerimiz. Bu kapsamda, \u00f6n\u00fcm\u00fczdeki s\u00fcre\u00e7te hayata ge\u00e7ecek olan&nbsp;Kamp\u00fcs Mersin ve Garaj Mersin projelerimiz ile gen\u00e7lerimizin mesleki becerilerini geli\u015ftirmelerine ve i\u015f d\u00fcnyas\u0131na haz\u0131rlanmalar\u0131na katk\u0131 sa\u011flayacak, gen\u00e7lerin giri\u015fimcilik ekosistemine dahil olmalar\u0131n\u0131 ve inovatif fikirlerini hayata ge\u00e7irmelerine destek olaca\u011f\u0131z. Amac\u0131m\u0131z, gen\u00e7lerimizin \u00f6\u011frencilik s\u00fcrecinde i\u015f d\u00fcnyas\u0131n\u0131 tan\u0131malar\u0131 ve kendilerini gelece\u011fe haz\u0131rlamalar\u0131d\u0131r. Bu do\u011frultuda \u00fcniversitelerle i\u015f birli\u011fimizi g\u00fc\u00e7lendirerek, gen\u00e7lerimizin kariyer hedeflerine ula\u015fmalar\u0131na destek olmaya devam edece\u011fiz&#8221;&nbsp;<\/strong>ifadelerini kulland\u0131.<\/p>\n","protected":false},"excerpt":{"rendered":"<p>Mersin B\u00fcy\u00fck\u015fehir Belediyesi Kariyer Merkezi, gen\u00e7lerin kariyer yolculu\u011funda yanlar\u0131nda olmaya devam ediyor. Hem \u00fcniversite hem de lise \u00f6\u011frencilerine y\u00f6nelik etkinlikler ger\u00e7ekle\u015ftiren Kariyer Merkezi, gen\u00e7lerin i\u015f d\u00fcnyas\u0131na haz\u0131rlanmalar\u0131na katk\u0131 sa\u011fl\u0131yor. Kariyer Merkezi; \u00fcniversitelerle i\u015f birli\u011fine b\u00fcy\u00fck \u00f6nem verirken, \u00f6\u011frencilerin ihtiya\u00e7lar\u0131na uygun projeler tasarlayarak, onlar\u0131n gelece\u011fe daha donan\u0131ml\u0131 ad\u0131m atmalar\u0131n\u0131 hedefliyor. Kariyer Merkezi, \u00fcniversiteli gen\u00e7lere i\u015f d\u00fcnyas\u0131n\u0131 [&hellip;]<\/p>\n","protected":false},"author":2,"featured_media":40593,"comment_status":"closed","ping_status":"closed","sticky":false,"template":"","format":"standard","meta":{"footnotes":""},"categories":[3],"tags":[],"class_list":["post-40592","post","type-post","status-publish","format-standard","has-post-thumbnail","hentry","category-manset"],"views":6,"_links":{"self":[{"href":"https:\/\/mersinkadingazetesi.com\/index.php?rest_route=\/wp\/v2\/posts\/40592"}],"collection":[{"href":"https:\/\/mersinkadingazetesi.com\/index.php?rest_route=\/wp\/v2\/posts"}],"about":[{"href":"https:\/\/mersinkadingazetesi.com\/index.php?rest_route=\/wp\/v2\/types\/post"}],"author":[{"embeddable":true,"href":"https:\/\/mersinkadingazetesi.com\/index.php?rest_route=\/wp\/v2\/users\/2"}],"replies":[{"embeddable":true,"href":"https:\/\/mersinkadingazetesi.com\/index.php?rest_route=%2Fwp%2Fv2%2Fcomments&post=40592"}],"version-history":[{"count":1,"href":"https:\/\/mersinkadingazetesi.com\/index.php?rest_route=\/wp\/v2\/posts\/40592\/revisions"}],"predecessor-version":[{"id":40594,"href":"https:\/\/mersinkadingazetesi.com\/index.php?rest_route=\/wp\/v2\/posts\/40592\/revisions\/40594"}],"wp:featuredmedia":[{"embeddable":true,"href":"https:\/\/mersinkadingazetesi.com\/index.php?rest_route=\/wp\/v2\/media\/40593"}],"wp:attachment":[{"href":"https:\/\/mersinkadingazetesi.com\/index.php?rest_route=%2Fwp%2Fv2%2Fmedia&parent=40592"}],"wp:term":[{"taxonomy":"category","embeddable":true,"href":"https:\/\/mersinkadingazetesi.com\/index.php?rest_route=%2Fwp%2Fv2%2Fcategories&post=40592"},{"taxonomy":"post_tag","embeddable":true,"href":"https:\/\/mersinkadingazetesi.com\/index.php?rest_route=%2Fwp%2Fv2%2Ftags&post=40592"}],"curies":[{"name":"wp","href":"https:\/\/api.w.org\/{rel}","templated":true}]}}