{"id":40596,"date":"2025-03-11T12:25:33","date_gmt":"2025-03-11T09:25:33","guid":{"rendered":"https:\/\/mersinkadingazetesi.com\/?p=40596"},"modified":"2025-03-11T12:25:34","modified_gmt":"2025-03-11T09:25:34","slug":"secer-diyalog-kentin-barisina-huzuruna-ve-birligine-onemli-katki-yapar","status":"publish","type":"post","link":"https:\/\/mersinkadingazetesi.com\/?p=40596","title":{"rendered":"SE\u00c7ER: &#8220;D\u0130YALOG, KENT\u0130N BARI\u015eINA, HUZURUNA VE B\u0130RL\u0130\u011e\u0130NE \u00d6NEML\u0130 KATKI YAPAR&#8221;"},"content":{"rendered":"\n<p>Mersin B\u00fcy\u00fck\u015fehir Belediye Ba\u015fkan\u0131 Vahap Se\u00e7er ve Meral Se\u00e7er, \u0130l\u00e7e Belediye Ba\u015fkanlar\u0131, Mersin B\u00fcy\u00fck\u015fehir Belediyesi Meclis \u00dcyeleri, B\u00fcrokratlar\u0131 ve e\u015flerinin de kat\u0131l\u0131m\u0131yla iftar program\u0131nda bir araya geldi. Kentin yerel y\u00f6neticilerini bulu\u015fturan program, s\u0131cak ve samimi bir atmosferde ger\u00e7ekle\u015fti.<\/p>\n\n\n\n<p>\u0130lce Belediye Ba\u015fkanlar\u0131, Meclis \u00fcyeleri ve e\u015flerinin bir araya geldi\u011fi programda kentin gelece\u011fi i\u00e7in ortak \u00e7al\u0131\u015fmalar y\u00fcr\u00fctmenin \u00f6nemine vurgu yaparak, Ramazan Ay\u0131&#8217;n\u0131n huzur ve bereket getirmesi temennisinde bulunuldu.<\/p>\n\n\n\n<p><strong>Ba\u015fkan Se\u00e7er: &#8220;Ayn\u0131 \u00e7at\u0131 alt\u0131nda g\u00f6rev yapan insanlar, bir araya gelmenin gerek\u00e7esini yaratmal\u0131&#8221;<\/strong><\/p>\n\n\n\n<p>Ba\u015fkan Se\u00e7er, iftar bulu\u015fmas\u0131n\u0131n siyasetin gerginli\u011fini bir kenara b\u0131rakarak diyalog ve dayan\u0131\u015fma ortam\u0131n\u0131n g\u00fc\u00e7lenmesine katk\u0131 sa\u011flad\u0131\u011f\u0131n\u0131 belirterek,&nbsp;<strong>&#8220;Bir arada ve diyalog i\u00e7erisinde olmak her zaman insani \u00f6zelliklerdir. Ama zaman zaman siyasetin gerginli\u011fi bizleri birbirimizden uzakla\u015ft\u0131rabiliyor. \u0130\u015fte bunlar\u0131 olgunlukla kar\u015f\u0131lay\u0131p, asl\u0131nda farkl\u0131 d\u00fcnya g\u00f6r\u00fc\u015f\u00fcnden de olsa bir arada, ayn\u0131 \u00e7at\u0131 alt\u0131nda g\u00f6rev yapan insanlar, bir araya gelmenin gerek\u00e7esini yaratmal\u0131, yolunu bulmal\u0131, b\u00f6yle bir enstr\u00fcman geli\u015ftirmeli&#8221;<\/strong>&nbsp;dedi.<\/p>\n\n\n\n<p><strong>&#8220;Toplant\u0131lar\u0131m\u0131z son derece olgun bir atmosferde ge\u00e7iyor&#8221;<\/strong><\/p>\n\n\n\n<p>T\u00fcm meclis \u00fcyeleriyle uyum i\u00e7erisinde \u00e7al\u0131\u015farak Mersin&#8217;i daha iyi bir noktaya ta\u015f\u0131mak i\u00e7in \u00e7aba g\u00f6sterdiklerini vurgulayan Se\u00e7er,&nbsp;<strong>&#8220;Meclis toplant\u0131lar\u0131m\u0131z son derece olgun bir atmosferde ge\u00e7iyor. Her konuyu ayn\u0131 de\u011ferlendirmek, m\u00fcdahale etmek zorunlulu\u011fumuz zaten yok, \u00f6yle bir insan f\u0131trat\u0131 da yok. Herkes fikirlerini h\u00fcrce s\u00f6yleyip kendi \u00f6zg\u00fcrl\u00fck alan\u0131 i\u00e7erisinde hareket etme yetkisine sahiptir. Ama bir ba\u015fkas\u0131n\u0131n \u00f6zg\u00fcrl\u00fck alan\u0131na m\u00fcdahale etti\u011fimiz noktada sorunlar ba\u015fl\u0131yor. Ben Meclis&#8217;imizin bu d\u00f6nem \u00e7ok de\u011ferli hizmetler verece\u011fine inan\u0131yorum, belediye hepimizin&#8221;<\/strong>&nbsp;diye konu\u015ftu.<\/p>\n\n\n\n<p><strong>&#8220;Meclis \u00dcyesinin en \u00f6nemli g\u00f6revi denetim yapmakt\u0131r&#8221;<\/strong><\/p>\n\n\n\n<p>Meclisin en \u00f6nemli g\u00f6revlerinden birinin denetim mekanizmas\u0131n\u0131 etkin bir \u015fekilde i\u015fletmek oldu\u011funu dile getiren Se\u00e7er,&nbsp;<strong>&#8220;Bir meclisin, bir parlamentonun g\u00f6revi ger\u00e7ek demokrasilerde tam manas\u0131yla denetim yapmakt\u0131r.&nbsp;<em>&#8216;Bu belediye yolu do\u011fru yap\u0131yor mu? Paray\u0131 kaynaklar\u0131 do\u011fru d\u00fcr\u00fcst kullan\u0131yor mu? Bu belediye ile ilgili k\u00f6t\u00fc s\u00f6zler s\u00f6yleniyor mu? \u015eaibeli i\u015fler oluyor mu?&#8217;<\/em>&nbsp;Bunu denetlemek, varsa b\u00f6yle bir \u015fey, yasalar \u00e7er\u00e7evesinde gere\u011fini yapmak, bunu dile getirmek Meclis \u00fcyelerimizin g\u00f6revi&#8221;<\/strong>&nbsp;ifadelerini kulland\u0131.<\/p>\n\n\n\n<p>Demokrasinin temel ilkeleri \u00e7er\u00e7evesinde farkl\u0131 g\u00f6r\u00fc\u015flerden insanlar\u0131n bir araya gelerek ortak bir zeminde bulu\u015fmas\u0131n\u0131n \u00f6nemine i\u015faret eden Se\u00e7er,&nbsp;<strong>&#8220;\u0130nsanlar kente dair, il\u00e7elerine dair gerekli ele\u015ftirileri yaps\u0131n, taleplerde bulunsun, gerekli denetimleri yaps\u0131n. Bize oy veren insanlar benim g\u00f6rev yapmam i\u00e7in sizlerin de Meclis&#8217;te katk\u0131 sunup bu dedi\u011fim g\u00f6revleri yapman\u0131z i\u00e7in bize oy verdiler. \u00dclke ve demokrasi a\u00e7\u0131s\u0131ndan da hay\u0131rl\u0131 olan budur&#8221;<\/strong>&nbsp;diyerek, Mersin&#8217;i daha iyi noktalara birlikte getirme mesaj\u0131 verdi.<\/p>\n\n\n\n<p><strong>&#8220;Genel iktidardaki Cumhur \u0130ttifak&#8217;\u0131n\u0131n deste\u011fi bizler i\u00e7in \u00e7ok \u00f6nemlidir&#8221;<\/strong><\/p>\n\n\n\n<p>\u0130ftar program\u0131nda Cumhur \u0130ttifak\u0131 temsilcilerinin de yer almas\u0131n\u0131n \u015fehir ad\u0131na olumlu bir mesaj verdi\u011fini belirten Se\u00e7er, birlikteli\u011fin ve ortak \u00e7al\u0131\u015fman\u0131n Mersin&#8217;in yarar\u0131na olaca\u011f\u0131n\u0131 s\u00f6yleyerek,&nbsp;<strong>&#8220;\u00c7ok daha g\u00fczel i\u015fler yap\u0131labilir. Genel iktidardaki Cumhur \u0130ttifak&#8217;\u0131n\u0131n deste\u011fi bizler i\u00e7in \u00e7ok \u00f6nemlidir. Do\u011fru yapt\u0131\u011f\u0131m\u0131z ya da do\u011fru yapt\u0131\u011f\u0131m\u0131za inand\u0131\u011f\u0131m\u0131z konularda, projelerde bize destek olun. Biz de bunu a\u00e7\u0131kl\u0131kla ifade ederiz, size te\u015fekk\u00fcr ederiz ki, bunu da yap\u0131yoruz&#8221;&nbsp;<\/strong>diye konu\u015ftu. Halk\u0131n yap\u0131lan projeler ve konu\u015fulan konular hakk\u0131nda bilgi sahibi olmas\u0131 gerekti\u011fini s\u00f6zlerine ekleyen Se\u00e7er,<strong>&nbsp;&#8220;Nihayetinde hepimiz halka hesap verme sorumlulu\u011fu i\u00e7erisindeyiz, halk\u0131n da bu yap\u0131lanlar\u0131 bilmesi laz\u0131m, marifet iltifata tabidir. O iltifat\u0131 da biz yapar\u0131z,&nbsp;<em>&#8216;Bize \u00f6nemli destekler sunuldu, te\u015fekk\u00fcr ediyoruz&#8217;<\/em>&nbsp;deriz&#8221;<\/strong>&nbsp;dedi.<\/p>\n\n\n\n<p><strong>&#8220;Diyalog, kentin bar\u0131\u015f\u0131na, huzuruna ve birli\u011fine \u00f6nemli katk\u0131 yapar&#8221;<\/strong><\/p>\n\n\n\n<p>Belediyenin herkesin belediyesi oldu\u011funu s\u00f6yleyen Se\u00e7er, kente dair herkesin ortak bir sorumlulu\u011fu oldu\u011funu da vurgulayarak,&nbsp;<strong>&#8220;Hepimizin millete kar\u015f\u0131 bir sorumlulu\u011fu var. Meclis \u00fcyesi ve&nbsp;&nbsp;Belediye Ba\u015fkan\u0131&#8217;n\u0131n diyalog i\u00e7inde olmas\u0131 laz\u0131m. Diyalog, kente de g\u00f6r\u00fcnt\u00fc olarak yans\u0131d\u0131\u011f\u0131 zaman kentin bar\u0131\u015f\u0131na, huzuruna, birli\u011fine, beraberine \u00f6nemli katk\u0131 yapar&#8221;<\/strong>&nbsp;diye konu\u015ftu. Se\u00e7er,&nbsp;<strong>&#8220;Her zaman, her ortamda, mutlulukta da, ac\u0131da da hep beraber olal\u0131m. Mutlulu\u011fu, sevinci birlikte \u00e7o\u011faltal\u0131m, varsa ac\u0131m\u0131z onu da birlikte azaltal\u0131m&#8221;&nbsp;<\/strong>diyerek konu\u015fmas\u0131n\u0131 sonland\u0131rd\u0131.<\/p>\n\n\n\n<p>Programda, ezan\u0131n okunmas\u0131n\u0131n ard\u0131ndan, Mersin B\u00fcy\u00fck\u015fehir Belediyesi T\u00fcrk M\u00fczi\u011fi Orkestras\u0131&#8217;n\u0131n Tasavvuf M\u00fczi\u011fi e\u015fli\u011finde iftar ger\u00e7ekle\u015ftirildi. Ba\u015fkan Se\u00e7er, iftar\u0131n ger\u00e7ekle\u015fmesinin ard\u0131ndan masalar\u0131 gezerek misafirlere tek tek&nbsp;<strong>&#8220;Ho\u015fgeldiniz&#8221;<\/strong>&nbsp;dedi. Program, toplu foto\u011fraf \u00e7ekiminin ard\u0131ndan sona erdi.<\/p>\n","protected":false},"excerpt":{"rendered":"<p>Mersin B\u00fcy\u00fck\u015fehir Belediye Ba\u015fkan\u0131 Vahap Se\u00e7er ve Meral Se\u00e7er, \u0130l\u00e7e Belediye Ba\u015fkanlar\u0131, Mersin B\u00fcy\u00fck\u015fehir Belediyesi Meclis \u00dcyeleri, B\u00fcrokratlar\u0131 ve e\u015flerinin de kat\u0131l\u0131m\u0131yla iftar program\u0131nda bir araya geldi. Kentin yerel y\u00f6neticilerini bulu\u015fturan program, s\u0131cak ve samimi bir atmosferde ger\u00e7ekle\u015fti. \u0130lce Belediye Ba\u015fkanlar\u0131, Meclis \u00fcyeleri ve e\u015flerinin bir araya geldi\u011fi programda kentin gelece\u011fi i\u00e7in ortak \u00e7al\u0131\u015fmalar y\u00fcr\u00fctmenin [&hellip;]<\/p>\n","protected":false},"author":2,"featured_media":40597,"comment_status":"closed","ping_status":"closed","sticky":false,"template":"","format":"standard","meta":{"footnotes":""},"categories":[3],"tags":[],"class_list":["post-40596","post","type-post","status-publish","format-standard","has-post-thumbnail","hentry","category-manset"],"views":3,"_links":{"self":[{"href":"https:\/\/mersinkadingazetesi.com\/index.php?rest_route=\/wp\/v2\/posts\/40596"}],"collection":[{"href":"https:\/\/mersinkadingazetesi.com\/index.php?rest_route=\/wp\/v2\/posts"}],"about":[{"href":"https:\/\/mersinkadingazetesi.com\/index.php?rest_route=\/wp\/v2\/types\/post"}],"author":[{"embeddable":true,"href":"https:\/\/mersinkadingazetesi.com\/index.php?rest_route=\/wp\/v2\/users\/2"}],"replies":[{"embeddable":true,"href":"https:\/\/mersinkadingazetesi.com\/index.php?rest_route=%2Fwp%2Fv2%2Fcomments&post=40596"}],"version-history":[{"count":1,"href":"https:\/\/mersinkadingazetesi.com\/index.php?rest_route=\/wp\/v2\/posts\/40596\/revisions"}],"predecessor-version":[{"id":40598,"href":"https:\/\/mersinkadingazetesi.com\/index.php?rest_route=\/wp\/v2\/posts\/40596\/revisions\/40598"}],"wp:featuredmedia":[{"embeddable":true,"href":"https:\/\/mersinkadingazetesi.com\/index.php?rest_route=\/wp\/v2\/media\/40597"}],"wp:attachment":[{"href":"https:\/\/mersinkadingazetesi.com\/index.php?rest_route=%2Fwp%2Fv2%2Fmedia&parent=40596"}],"wp:term":[{"taxonomy":"category","embeddable":true,"href":"https:\/\/mersinkadingazetesi.com\/index.php?rest_route=%2Fwp%2Fv2%2Fcategories&post=40596"},{"taxonomy":"post_tag","embeddable":true,"href":"https:\/\/mersinkadingazetesi.com\/index.php?rest_route=%2Fwp%2Fv2%2Ftags&post=40596"}],"curies":[{"name":"wp","href":"https:\/\/api.w.org\/{rel}","templated":true}]}}