{"id":40599,"date":"2025-03-11T12:27:17","date_gmt":"2025-03-11T09:27:17","guid":{"rendered":"https:\/\/mersinkadingazetesi.com\/?p=40599"},"modified":"2025-03-11T12:27:18","modified_gmt":"2025-03-11T09:27:18","slug":"okul-cagindan-yetiskinlere-kadar-her-yas-grubunun-afet-bilincinin-gelistirilmesi-hedefleniyor","status":"publish","type":"post","link":"https:\/\/mersinkadingazetesi.com\/?p=40599","title":{"rendered":"Okul \u00e7a\u011f\u0131ndan yeti\u015fkinlere kadar her ya\u015f grubunun afet bilincinin geli\u015ftirilmesi hedefleniyor"},"content":{"rendered":"\n<p>Mersin&#8217;de ya\u015fayan t\u00fcm bireylerin sa\u011fl\u0131kl\u0131, huzurlu ve g\u00fcvenli bir \u015fekilde hayatlar\u0131na devam edebilmeleri i\u00e7in etkin bir \u00e7al\u0131\u015fma s\u00fcrd\u00fcren Mersin B\u00fcy\u00fck\u015fehir Belediyesi; kent genelinde ya\u015fanabilecek olas\u0131 bir afet riskine ve ya\u015fanabilecek krizlere kar\u015f\u0131 Afet \u0130\u015fleri Dairesi Ba\u015fkanl\u0131\u011f\u0131 koordinesinde \u00f6nemli projelere imza at\u0131yor.<\/p>\n\n\n\n<p>\u0130lk olarak&nbsp;<strong>&#8216;Mersin Afet Y\u00f6netimi \u00c7al\u0131\u015ftay\u0131&#8217;<\/strong>n\u0131 ger\u00e7ekle\u015ftirenB\u00fcy\u00fck\u015fehir, alan\u0131nda yetkin isimlerle fikir al\u0131\u015fveri\u015fi yaparak, bu \u00e7al\u0131\u015ftayda t\u00fcm afet y\u00f6netim planlar\u0131n\u0131n temelini att\u0131. Konumu itibari ile \u00e7evresinde meydana gelebilecek depremlerin kent genelinde hissedilmesiyle ya\u015fanabilecek olumsuzluklara kar\u015f\u0131&nbsp;<strong><em>&#8216;Mersin \u0130li Deprem Sak\u0131n\u0131m Stratejik Eylem Plan\u0131&#8217;<\/em><\/strong>&nbsp;olu\u015fturuldu.<\/p>\n\n\n\n<p>K\u0131sa, orta ve uzun vadeli eylem ve faaliyetleri i\u00e7eren planda, deprem riski ile m\u00fccadelede \u00f6nemli bir yol haritas\u0131 olu\u015fturuldu. \u00d6zellikle sahil band\u0131nda, zemin s\u0131v\u0131la\u015fmas\u0131 ve yap\u0131 kalitesi nedeni ile risk alt\u0131nda olan yap\u0131lar\u0131n sa\u011flaml\u0131\u011f\u0131n\u0131 art\u0131rmay\u0131 ve daha g\u00fcvenli konutlar yapmay\u0131 hedefleyen B\u00fcy\u00fck\u015fehir,&nbsp;<strong><em>&#8216;Kentsel D\u00f6n\u00fc\u015f\u00fcm Altyap\u0131 Planlamas\u0131 ve Sosyal Konut Altyap\u0131 Planlamas\u0131<\/em>&#8216;<\/strong>&nbsp;projelerini hayata ge\u00e7irdi.<\/p>\n\n\n\n<p><strong>Okul \u00e7a\u011f\u0131ndan yeti\u015fkinlere kadar her ya\u015f grubunun afet bilincinin geli\u015ftirilmesi hedefleniyor<\/strong><\/p>\n\n\n\n<p>Mersin&#8217;deki t\u00fcm il\u00e7elerde afet bilincinin art\u0131r\u0131lmas\u0131 amac\u0131yla, okul \u00e7a\u011f\u0131ndaki \u00e7ocuklardan yeti\u015fkinlere kadar her ya\u015f grubuna y\u00f6nelik&nbsp;<strong><em>&#8216;Afet Bilinci E\u011fitimleri&#8217;<\/em><\/strong>&nbsp;verilerek, olas\u0131 afetlere kar\u015f\u0131 haz\u0131r bir toplum olu\u015fturulmas\u0131 hedefleniyor. Bu kapsamda afetlere kar\u015f\u0131 haz\u0131r olabilmek amac\u0131yla muhtarlarla i\u015f birli\u011fi yaparak geni\u015f bir e\u011fitim a\u011f\u0131 kurmay\u0131 hedefleyen B\u00fcy\u00fck\u015fehir,&nbsp;<strong><em>&#8216;Muhtarlara Y\u00f6nelik Afet Fark\u0131ndal\u0131k E\u011fitimi&#8217;<\/em><\/strong>d\u00fczenledi.<\/p>\n\n\n\n<p>\u0130lerleyen g\u00fcnlerde hem \u00e7evreyi koruyacak, hem de afet an\u0131nda insanlar\u0131n dikkatini \u00e7ekecek&nbsp;<strong><em>&#8216;Geri D\u00f6n\u00fc\u015f\u00fcm Malzemeleri ile Acil Durum D\u00fcd\u00fc\u011f\u00fc&#8217;<\/em><\/strong>&nbsp;projesini hayata ge\u00e7irmeyi planlayan B\u00fcy\u00fck\u015fehir, vatanda\u015flara hem afet g\u00fcvenli\u011fi hem de geri d\u00f6n\u00fc\u015f\u00fcm bilincini kazand\u0131rmay\u0131 ama\u00e7l\u0131yor. Yeni teknolojilerin yaratm\u0131\u015f oldu\u011fu f\u0131rsatlar\u0131 da bu s\u00fcrece dahil eden B\u00fcy\u00fck\u015fehir; Mercan 100. Y\u0131l \u0130klim ve \u00c7evre Bilim Merkezi&#8217;nde, deprem an\u0131nda vatanda\u015flar\u0131n davran\u0131\u015flar\u0131n\u0131 kontrol alt\u0131nda tutabilmesini sa\u011flamak ve do\u011fru karar vermelerine yard\u0131mc\u0131 olmak amac\u0131yla&nbsp;<strong><em>&#8216;VR Teknolojisi ile Deprem Sim\u00fclasyonu&#8217;<\/em><\/strong>&nbsp;olu\u015fturdu.<\/p>\n\n\n\n<p>Mersin&#8217;de ya\u015fayan her canl\u0131n\u0131n belediyesi olma amac\u0131yla \u00e7al\u0131\u015fmalar\u0131n\u0131 s\u00fcrd\u00fcren B\u00fcy\u00fck\u015fehir; bu s\u00fcre\u00e7te kamu kurum ve kurulu\u015flar\u0131, oda, dernek, vak\u0131f gibi kent payda\u015flar\u0131n\u0131 da i\u00e7ine alan projelerle, daha diren\u00e7li bir kent olu\u015fturmaya y\u00f6nelik projeler \u00fcretmeye devam edecek.<\/p>\n\n\n\n<p><strong>Dr. Zorlu: &#8220;Afet risklerinin belirlenmesi ve \u00f6nlenmesi i\u00e7in pek \u00e7ok \u00e7al\u0131\u015fmaya imza att\u0131k&#8221;<\/strong><\/p>\n\n\n\n<p>Mersin B\u00fcy\u00fck\u015fehir Belediyesi Afet \u0130\u015fleri Dairesi Ba\u015fkan\u0131 Dr. Kemal Zorlu; 2023 y\u0131l\u0131nda kurulan dairenin, kent genelinde afet tehlike ve risklerinin belirlenmesi ve ayn\u0131 zamanda bu risklerle ilgili \u00f6nlemlerin al\u0131nmas\u0131 i\u00e7in bir\u00e7ok \u00e7al\u0131\u015fmaya imza att\u0131\u011f\u0131n\u0131 ifade etti.&nbsp;<strong>&#8216;Mersin Afet Y\u00f6netimi \u00c7al\u0131\u015ftay\u0131&#8217;<\/strong>n\u0131 ger\u00e7ekle\u015ftirerek, buradan \u00e7\u0131kan veriler \u0131\u015f\u0131\u011f\u0131nda Mersin&#8217;in afet, tehlike ve risklerine dair \u00e7al\u0131\u015fmalara ba\u015flad\u0131klar\u0131n\u0131 dile getiren Zorlu,&nbsp;<strong>&#8220;Mersin&#8217;in afet tehlikelerini de\u011ferlendirdi\u011fimizde; depremden \u00f6nce birinci s\u0131rada sel ve su bask\u0131nlar\u0131n\u0131n, ikinci s\u0131rada k\u00fctle hareketleri dedi\u011fimiz heyelanlar ve kaya d\u00fc\u015fmelerinin, \u00fc\u00e7\u00fcnc\u00fc s\u0131rada ise deprem tehlikesinin geldi\u011fini g\u00f6r\u00fcyoruz. Ancak, depremin yaratt\u0131\u011f\u0131 sonu\u00e7lar, meydana getirdi\u011fi can kay\u0131plar\u0131 ve verdi\u011fi zararlar itibariyle, afet konusunda depreme odaklan\u0131yoruz. Bu nedenle Mersin&#8217;de \u00f6ncelikli olarak deprem tehlikesini tespit edip, buna dair \u00f6nlemlerin almas\u0131 ile ilgili \u00e7al\u0131\u015fmalar\u0131 birinci s\u0131raya koyduk&#8221;<\/strong>&nbsp;ifadelerine yer verdi.<\/p>\n\n\n\n<p><strong>&#8220;Deprem konusunda k\u0131sa, orta ve uzun vadeli eylem planlar\u0131 olu\u015fturduk&#8221;<\/strong><\/p>\n\n\n\n<p>Mersin&#8217;de deprem kapsam\u0131nda en \u00f6nemli tehlikelerin ba\u015f\u0131nda zemin s\u0131v\u0131la\u015fma riski oldu\u011funu, bununla birlikte kentteki yap\u0131lar\u0131n sa\u011flaml\u0131k durumlar\u0131n\u0131n da tespit edilme \u00e7al\u0131\u015fmalar\u0131n\u0131 devam ettirdiklerini belirten Zorlu, bu kapsamda&nbsp;<strong><em>&#8216;Mersin Deprem Sak\u0131n\u0131m Stratejik Eylem Plan\u0131&#8217;<\/em><\/strong>&nbsp;olu\u015fturduklar\u0131n\u0131; bu plana g\u00f6re k\u0131sa, orta ve uzun vadede kentsel d\u00f6n\u00fc\u015f\u00fcme ihtiya\u00e7 duyulan alanlar\u0131n belirlendi\u011fini dile getirdi. Bu \u00e7al\u0131\u015fmalar\u0131n Tarsus, Erdemli ve 4 merkez il\u00e7eyi kapsad\u0131\u011f\u0131n\u0131 kaydeden Zorlu, Mersin&#8217;de 64 adet kentsel d\u00f6n\u00fc\u015f\u00fcm alan\u0131 belirlediklerini, bu sayede Mersin&#8217;in bir anlamda foto\u011fraf\u0131n\u0131 da \u00e7ektiklerini belirterek,&nbsp;<strong>&#8220;Elde etti\u011fimiz bu veriler \u0131\u015f\u0131\u011f\u0131nda, ada bazl\u0131 yerinde d\u00f6n\u00fc\u015f\u00fcm projesi \u00fczerinde \u00e7al\u0131\u015fmaya ba\u015flad\u0131k ve bu y\u0131l i\u00e7erisinde hayata ge\u00e7irmeyi planl\u0131yoruz. Bunun d\u0131\u015f\u0131nda, daha b\u00fcy\u00fck \u00f6l\u00e7ekli ifade edebilece\u011fimiz bir kentsel d\u00f6n\u00fc\u015f\u00fcm projesi ile ilgili fizibilite ve haz\u0131rl\u0131k \u00e7al\u0131\u015fmalar\u0131n\u0131 ger\u00e7ekle\u015ftiriyoruz. T\u00fcm bunlar\u0131n yan\u0131 s\u0131ra; diren\u00e7li kentler ve sa\u011flam yap\u0131larda insanlar\u0131n ya\u015famas\u0131n\u0131 desteklemek amac\u0131yla, ekonomik ko\u015fullar\u0131n da zorlu\u011funu d\u00fc\u015f\u00fcnerek, Ba\u015fkan\u0131m\u0131z Say\u0131n Vahap Se\u00e7er&#8217;in de a\u00e7\u0131klam\u0131\u015f oldu\u011fu&nbsp;<em>&#8216;Sosyal Konut&#8217;<\/em>&nbsp;projesi ile ilgili \u00e7al\u0131\u015fmalar\u0131m\u0131z\u0131 da ger\u00e7ekle\u015ftiriyoruz&#8221;<\/strong>&nbsp;dedi.<\/p>\n\n\n\n<p><strong>&#8220;Her ya\u015f grubuna afet fark\u0131ndal\u0131k e\u011fitimleri veriyoruz&#8221;<\/strong><\/p>\n\n\n\n<p>Yap\u0131lan \u00e7al\u0131\u015fmalarla Mersin&#8217;in afetlere kar\u015f\u0131 daha diren\u00e7li bir kent olmas\u0131 yolunda \u00f6nemli katk\u0131lar sa\u011flam\u0131\u015f olacaklar\u0131n\u0131 s\u00f6zlerine ekleyen Zorlu, bu s\u00fcreci vatanda\u015flarla birlikte y\u00fcr\u00fctmek ad\u0131na her ya\u015f grubuna afet fark\u0131ndal\u0131k e\u011fitimleri verdiklerini de belirtti. Zorlu,&nbsp;<strong>&#8220;\u00d6ncelikle muhtarlara y\u00f6nelik bir afet fark\u0131ndal\u0131k e\u011fitimi ger\u00e7ekle\u015ftirdik. Muhtarlara afet \u00f6ncesinde, an\u0131nda ve sonras\u0131nda yapmas\u0131 gerekenleri anlatt\u0131k. \u00c7\u00fcnk\u00fc muhtarlar bu t\u00fcr durumlarda kilit rol oynuyorlar. Vatanda\u015fla kamu kurumlar\u0131 ve yard\u0131m getirenler aras\u0131nda bir k\u00f6pr\u00fc g\u00f6revi olu\u015fturuyorlar. Bunun d\u0131\u015f\u0131nda, toplumun di\u011fer katmanlar\u0131na afet fark\u0131ndal\u0131k e\u011fitimleri verme ile ilgili \u00e7al\u0131\u015fmalar\u0131m\u0131z var. Burada ilk s\u0131rada \u00e7ocuklar geliyor ve onlara y\u00f6nelik yapt\u0131\u011f\u0131m\u0131z afet e\u011fitimi programlar\u0131 var&#8221;<\/strong>&nbsp;dedi.<\/p>\n\n\n\n<p><strong>&#8220;Mersin&#8217;in afetlere daha diren\u00e7li bir kent olmas\u0131 i\u00e7in \u00e7al\u0131\u015fmalar\u0131m\u0131z devam ediyor&#8221;<\/strong><\/p>\n\n\n\n<p>Mercan 100. Y\u0131l \u0130klim ve \u00c7evre Bilim Merkezi&#8217;nde deprem, yang\u0131n gibi pek \u00e7ok afeti anlatan sim\u00fclat\u00f6rlerin yer ald\u0131\u011f\u0131 alanlar oldu\u011funu kaydeden Zorlu, \u00f6zellikle \u00e7ocuklara bu sim\u00fclat\u00f6rler arac\u0131l\u0131\u011f\u0131 ile afet e\u011fitimleri verdiklerini dile getirerek,&nbsp;<strong>&#8220;Bir kentin afetlere diren\u00e7li bir kent olmas\u0131, sadece bir kurum ve kurulu\u015fun ger\u00e7ekle\u015ftirece\u011fi bir \u015fey de\u011fil. Afetlere haz\u0131r ve diren\u00e7li olmak i\u00e7in; merkezi idare, b\u00fcy\u00fck\u015fehir belediyeleri, il\u00e7e belediyeleri, e\u011fitim ve kamu kurumlar\u0131 ve vatanda\u015flarla hep birlikte \u00e7al\u0131\u015fma y\u00fcr\u00fct\u00fclmesi gerekiyor. Bunun bir aya\u011f\u0131 da asl\u0131nda in\u015faat sekt\u00f6r\u00fc. \u0130n\u015faat sekt\u00f6r\u00fc vatanda\u015flarla, belediyelerle, kamu kurumlar\u0131yla birlikte, bu d\u00f6n\u00fc\u015f\u00fcmde \u00e7ok ciddi bir rol oynayacak. B\u00fcy\u00fck\u015fehir Belediyesi olarak Mersin&#8217;in afetlere daha diren\u00e7li bir kent olmas\u0131 i\u00e7in, \u00e7al\u0131\u015fmalar\u0131m\u0131z\u0131 h\u0131zla s\u00fcrd\u00fcr\u00fcyoruz. Bu i\u015fi ancak hep birlikte ger\u00e7ekle\u015ftirebiliriz&#8221;<\/strong>&nbsp;ifadelerini kulland\u0131.&nbsp;<\/p>\n","protected":false},"excerpt":{"rendered":"<p>Mersin&#8217;de ya\u015fayan t\u00fcm bireylerin sa\u011fl\u0131kl\u0131, huzurlu ve g\u00fcvenli bir \u015fekilde hayatlar\u0131na devam edebilmeleri i\u00e7in etkin bir \u00e7al\u0131\u015fma s\u00fcrd\u00fcren Mersin B\u00fcy\u00fck\u015fehir Belediyesi; kent genelinde ya\u015fanabilecek olas\u0131 bir afet riskine ve ya\u015fanabilecek krizlere kar\u015f\u0131 Afet \u0130\u015fleri Dairesi Ba\u015fkanl\u0131\u011f\u0131 koordinesinde \u00f6nemli projelere imza at\u0131yor. \u0130lk olarak&nbsp;&#8216;Mersin Afet Y\u00f6netimi \u00c7al\u0131\u015ftay\u0131&#8217;n\u0131 ger\u00e7ekle\u015ftirenB\u00fcy\u00fck\u015fehir, alan\u0131nda yetkin isimlerle fikir al\u0131\u015fveri\u015fi yaparak, bu \u00e7al\u0131\u015ftayda [&hellip;]<\/p>\n","protected":false},"author":2,"featured_media":40600,"comment_status":"closed","ping_status":"closed","sticky":false,"template":"","format":"standard","meta":{"footnotes":""},"categories":[3],"tags":[],"class_list":["post-40599","post","type-post","status-publish","format-standard","has-post-thumbnail","hentry","category-manset"],"views":3,"_links":{"self":[{"href":"https:\/\/mersinkadingazetesi.com\/index.php?rest_route=\/wp\/v2\/posts\/40599"}],"collection":[{"href":"https:\/\/mersinkadingazetesi.com\/index.php?rest_route=\/wp\/v2\/posts"}],"about":[{"href":"https:\/\/mersinkadingazetesi.com\/index.php?rest_route=\/wp\/v2\/types\/post"}],"author":[{"embeddable":true,"href":"https:\/\/mersinkadingazetesi.com\/index.php?rest_route=\/wp\/v2\/users\/2"}],"replies":[{"embeddable":true,"href":"https:\/\/mersinkadingazetesi.com\/index.php?rest_route=%2Fwp%2Fv2%2Fcomments&post=40599"}],"version-history":[{"count":1,"href":"https:\/\/mersinkadingazetesi.com\/index.php?rest_route=\/wp\/v2\/posts\/40599\/revisions"}],"predecessor-version":[{"id":40601,"href":"https:\/\/mersinkadingazetesi.com\/index.php?rest_route=\/wp\/v2\/posts\/40599\/revisions\/40601"}],"wp:featuredmedia":[{"embeddable":true,"href":"https:\/\/mersinkadingazetesi.com\/index.php?rest_route=\/wp\/v2\/media\/40600"}],"wp:attachment":[{"href":"https:\/\/mersinkadingazetesi.com\/index.php?rest_route=%2Fwp%2Fv2%2Fmedia&parent=40599"}],"wp:term":[{"taxonomy":"category","embeddable":true,"href":"https:\/\/mersinkadingazetesi.com\/index.php?rest_route=%2Fwp%2Fv2%2Fcategories&post=40599"},{"taxonomy":"post_tag","embeddable":true,"href":"https:\/\/mersinkadingazetesi.com\/index.php?rest_route=%2Fwp%2Fv2%2Ftags&post=40599"}],"curies":[{"name":"wp","href":"https:\/\/api.w.org\/{rel}","templated":true}]}}