{"id":40602,"date":"2025-03-11T12:28:29","date_gmt":"2025-03-11T09:28:29","guid":{"rendered":"https:\/\/mersinkadingazetesi.com\/?p=40602"},"modified":"2025-03-11T12:28:30","modified_gmt":"2025-03-11T09:28:30","slug":"akdenize-askla-hizmet-eden-personele-ikramiye","status":"publish","type":"post","link":"https:\/\/mersinkadingazetesi.com\/?p=40602","title":{"rendered":"AKDEN\u0130Z\u2019E A\u015eKLA H\u0130ZMET EDEN PERSONELE \u0130KRAM\u0130YE"},"content":{"rendered":"\n<p>Akdeniz Kaymakam\u0131 ve Belediye Ba\u015fkan V. Zeyit \u015eener, g\u00f6revini yaparken s\u00f6yledi\u011fi Ferdi Tayfur \u015fark\u0131lar\u0131yla g\u00fcndeme gelen \u00c7evre Koruma ve Kontrol M\u00fcd\u00fcrl\u00fc\u011f\u00fc Personeli Mehmet U\u011fra\u015f\u2019\u0131 makam\u0131nda a\u011f\u0131rlad\u0131. Belediyeye ba\u011fl\u0131 temizlik ekibinde \u00e7al\u0131\u015fan U\u011fra\u015f, g\u00f6revini yerine getirirken \u00e7ekilen ve sosyal medyada payla\u015f\u0131lan videosuyla b\u00fcy\u00fck ilgi g\u00f6rm\u00fc\u015f, sempatik tav\u0131rlar\u0131yla vatanda\u015flar\u0131n be\u011fenisini kazanm\u0131\u015ft\u0131.<\/p>\n\n\n\n<p>Ba\u015fkan V. \u015eener, g\u00f6revini sevgiyle yapan \u00e7al\u0131\u015fanlar\u0131n her zaman takdir edilmesi gerekti\u011fini belirterek Mehmet U\u011fra\u015f\u2019a hizmet a\u015fk\u0131ndan dolay\u0131 te\u015fekk\u00fcr etti. \u00c7al\u0131\u015fma azmini ve vatanda\u015flarla kurdu\u011fu olumlu ileti\u015fimi \u00f6d\u00fcllendirmek amac\u0131yla kendisine bir maa\u015f ikramiye \u00e7eki takdim etti.<\/p>\n\n\n\n<p><strong>&#8220;\u0130\u015fini sevgiyle yapan personelimizi \u00f6d\u00fcllendirmekten mutluluk duyuyoruz.&#8221;<\/strong><\/p>\n\n\n\n<p>G\u00f6r\u00fc\u015fme s\u0131ras\u0131nda i\u015f g\u00fcvenli\u011fi konusuna da vurgu yapan Ba\u015fkan V. \u015eener, yapt\u0131\u011f\u0131 konu\u015fmada: &#8220;<em>Bizim i\u015fimiz, Akdeniz\u2019e ve burada ya\u015fayan vatanda\u015flar\u0131m\u0131za en iyi \u015fekilde hizmet etmektir. G\u00f6revini lay\u0131k\u0131yla yerine getiren, i\u015fini keyifle yapan ve g\u00fcler y\u00fcz\u00fcyle halk\u0131n takdirini kazanan \u00e7al\u0131\u015fanlar\u0131m\u0131z\u0131 desteklemek bizim i\u00e7in \u00f6nemli. Bu nedenle Mehmet karde\u015fimizi \u00f6d\u00fcllendirmeyi uygun g\u00f6rd\u00fck. Ancak \u00e7al\u0131\u015fma s\u0131ras\u0131nda i\u015f g\u00fcvenli\u011fi kurallar\u0131na da mutlaka uyulmas\u0131 gerekiyor. Kendisine bu konuda gerekli hat\u0131rlatmalar\u0131 yapt\u0131k. \u0130\u015f\u00e7imiz art\u0131k \u015fark\u0131lar\u0131n\u0131 arac\u0131n arkas\u0131nda de\u011fil, g\u00fcvenli bir \u015fekilde arac\u0131n i\u00e7inde s\u00f6yleyecek<\/em>.&#8221; dedi.<\/p>\n\n\n\n<p>Belediye \u00e7al\u0131\u015fanlar\u0131n\u0131n moral ve motivasyonunun \u00f6nemine dikkat \u00e7eken Ba\u015fkan V. \u015eener, halkla i\u00e7 i\u00e7e olan personelin \u00f6zverili \u00e7al\u0131\u015fmalar\u0131n\u0131n her zaman takdir edilece\u011fini belirtti.<\/p>\n\n\n\n<p>Mehmet U\u011fra\u015f ise ald\u0131\u011f\u0131 \u00f6d\u00fclden dolay\u0131 b\u00fcy\u00fck mutluluk duydu\u011funu ifade ederek i\u015fini severek yapt\u0131\u011f\u0131n\u0131 ve vatanda\u015flara hizmet etmekten gurur duydu\u011funu dile getirdi.<\/p>\n","protected":false},"excerpt":{"rendered":"<p>Akdeniz Kaymakam\u0131 ve Belediye Ba\u015fkan V. Zeyit \u015eener, g\u00f6revini yaparken s\u00f6yledi\u011fi Ferdi Tayfur \u015fark\u0131lar\u0131yla g\u00fcndeme gelen \u00c7evre Koruma ve Kontrol M\u00fcd\u00fcrl\u00fc\u011f\u00fc Personeli Mehmet U\u011fra\u015f\u2019\u0131 makam\u0131nda a\u011f\u0131rlad\u0131. Belediyeye ba\u011fl\u0131 temizlik ekibinde \u00e7al\u0131\u015fan U\u011fra\u015f, g\u00f6revini yerine getirirken \u00e7ekilen ve sosyal medyada payla\u015f\u0131lan videosuyla b\u00fcy\u00fck ilgi g\u00f6rm\u00fc\u015f, sempatik tav\u0131rlar\u0131yla vatanda\u015flar\u0131n be\u011fenisini kazanm\u0131\u015ft\u0131. Ba\u015fkan V. \u015eener, g\u00f6revini sevgiyle yapan [&hellip;]<\/p>\n","protected":false},"author":2,"featured_media":40603,"comment_status":"closed","ping_status":"closed","sticky":false,"template":"","format":"standard","meta":{"footnotes":""},"categories":[3],"tags":[],"class_list":["post-40602","post","type-post","status-publish","format-standard","has-post-thumbnail","hentry","category-manset"],"views":3,"_links":{"self":[{"href":"https:\/\/mersinkadingazetesi.com\/index.php?rest_route=\/wp\/v2\/posts\/40602"}],"collection":[{"href":"https:\/\/mersinkadingazetesi.com\/index.php?rest_route=\/wp\/v2\/posts"}],"about":[{"href":"https:\/\/mersinkadingazetesi.com\/index.php?rest_route=\/wp\/v2\/types\/post"}],"author":[{"embeddable":true,"href":"https:\/\/mersinkadingazetesi.com\/index.php?rest_route=\/wp\/v2\/users\/2"}],"replies":[{"embeddable":true,"href":"https:\/\/mersinkadingazetesi.com\/index.php?rest_route=%2Fwp%2Fv2%2Fcomments&post=40602"}],"version-history":[{"count":1,"href":"https:\/\/mersinkadingazetesi.com\/index.php?rest_route=\/wp\/v2\/posts\/40602\/revisions"}],"predecessor-version":[{"id":40604,"href":"https:\/\/mersinkadingazetesi.com\/index.php?rest_route=\/wp\/v2\/posts\/40602\/revisions\/40604"}],"wp:featuredmedia":[{"embeddable":true,"href":"https:\/\/mersinkadingazetesi.com\/index.php?rest_route=\/wp\/v2\/media\/40603"}],"wp:attachment":[{"href":"https:\/\/mersinkadingazetesi.com\/index.php?rest_route=%2Fwp%2Fv2%2Fmedia&parent=40602"}],"wp:term":[{"taxonomy":"category","embeddable":true,"href":"https:\/\/mersinkadingazetesi.com\/index.php?rest_route=%2Fwp%2Fv2%2Fcategories&post=40602"},{"taxonomy":"post_tag","embeddable":true,"href":"https:\/\/mersinkadingazetesi.com\/index.php?rest_route=%2Fwp%2Fv2%2Ftags&post=40602"}],"curies":[{"name":"wp","href":"https:\/\/api.w.org\/{rel}","templated":true}]}}