{"id":40605,"date":"2025-03-11T12:29:35","date_gmt":"2025-03-11T09:29:35","guid":{"rendered":"https:\/\/mersinkadingazetesi.com\/?p=40605"},"modified":"2025-03-11T12:29:35","modified_gmt":"2025-03-11T09:29:35","slug":"deva-partili-ekmen-acil-yardim-ve-afet-yonetimi-mezunlari-kamuda-istihdam-edilmiyor","status":"publish","type":"post","link":"https:\/\/mersinkadingazetesi.com\/?p=40605","title":{"rendered":"DEVA Partili Ekmen: Acil yard\u0131m ve afet y\u00f6netimi mezunlar\u0131 kamuda istihdam edilmiyor\u00a0"},"content":{"rendered":"\n<figure class=\"wp-block-table\"><table class=\"has-fixed-layout\"><tbody><tr><td><strong>DEVA Partisi Genel Ba\u015fkan Yard\u0131mc\u0131s\u0131 ve Mersin Milletvekili Mehmet Emin Ekmen, T\u00fcrkiye B\u00fcy\u00fck Millet Meclisi Genel Kurulunda yapt\u0131\u011f\u0131 konu\u015fmas\u0131nda Afet ve Acil Durum Y\u00f6netimi Ba\u015fkanl\u0131\u011f\u0131na (AFAD) de\u011finerek \u201cAcil yard\u0131m ve afet y\u00f6netimi mezunlar\u0131n\u0131n kamuda istihdam edilmesi d\u00fc\u015f\u00fck bir olas\u0131l\u0131k\u201d dedi.<\/strong>&nbsp;TBMM Genel Kurulunda konu\u015fan DEVA Partisi Genel Ba\u015fkan Yard\u0131mc\u0131s\u0131 ve Mersin Milletvekili Mehmet Emin Ekmen, son ya\u015fanan depremler kar\u015f\u0131s\u0131nda AFAD\u2019\u0131n yetersizli\u011fiyle acil yard\u0131m ve afet y\u00f6netimi mezunlar\u0131n\u0131n kamuda istihdam edilmesinin zorluklar\u0131na de\u011findi.&nbsp;<strong>&nbsp;<\/strong><strong>&nbsp;<\/strong><strong>Acil yard\u0131m ve afet y\u00f6netimi mezunlar\u0131 kamuda istihdam edilmiyor<\/strong>Acil yard\u0131m ve afet y\u00f6netimi mezunlar\u0131n\u0131n istihdam edilmedi\u011fine de\u011finen Ekmen, \u201cT\u00fcrkiye&#8217;de \u00fcniversiteler acil yard\u0131m ve afet y\u00f6netimi lisans mezunlar\u0131n\u0131 mezun ediyor ama bu gen\u00e7lerimiz kamuda istihdam edilmiyor. Halbuki AFAD&#8217;\u0131n personel yap\u0131s\u0131 ve yereldeki olaylara h\u0131zl\u0131 m\u00fcdahale yetersizli\u011fi dikkate al\u0131nd\u0131\u011f\u0131nda, acil yard\u0131m ve afet y\u00f6netimi lisans mezunlar\u0131n\u0131n kamuda istihdam edilmelerinin elzem oldu\u011fu g\u00f6r\u00fclecektir. T\u00fcrkiye do\u011fal afetlerin ya\u015fand\u0131\u011f\u0131 bir \u00fclke. Bu sebeple, alanda \u00e7al\u0131\u015fan ne kadar \u00e7ok uzman olursa vatanda\u015flar\u0131m\u0131z\u0131n do\u011fal afetlerden etkilenmesi bir o kadar azal\u0131r\u201d dedi.&nbsp;<strong>AFAD\u2019\u0131n yetersizli\u011fi hakk\u0131nda sahici bir y\u00fczle\u015fmeyle kar\u015f\u0131la\u015fmad\u0131k<\/strong>Ekmen, \u201cSon ya\u015fanan deprem facialar\u0131 kar\u015f\u0131s\u0131nda AFAD, T\u00fcrkiye&#8217;de afetlere m\u00fcdahale noktas\u0131nda derin bir muhasebeye sebebiyet verdi. Ne kurumda ne Meclis zemininde AFAD\u2019\u0131n yetersizli\u011fi hakk\u0131nda sahici bir y\u00fczle\u015fmeyle kar\u015f\u0131la\u015fmad\u0131k. Ancak bu alan\u0131 yak\u0131ndan takip eden insanlar; AFAD&#8217;\u0131n yeniden yap\u0131land\u0131r\u0131lmas\u0131, operasyonel g\u00f6revlerini yerel y\u00f6netimlere ve yerinden y\u00f6netilen kurumlara devretmesi ile t\u0131pk\u0131 kurulu\u015f yasas\u0131nda oldu\u011fu gibi koordinasyon g\u00f6reviyle s\u0131n\u0131rl\u0131 bir alana \u00e7ekilmesi gerekti\u011fini s\u00f6yl\u00fcyor\u201d a\u00e7\u0131klamas\u0131nda bulundu.<\/td><\/tr><\/tbody><\/table><\/figure>\n","protected":false},"excerpt":{"rendered":"<p>DEVA Partisi Genel Ba\u015fkan Yard\u0131mc\u0131s\u0131 ve Mersin Milletvekili Mehmet Emin Ekmen, T\u00fcrkiye B\u00fcy\u00fck Millet Meclisi Genel Kurulunda yapt\u0131\u011f\u0131 konu\u015fmas\u0131nda Afet ve Acil Durum Y\u00f6netimi Ba\u015fkanl\u0131\u011f\u0131na (AFAD) de\u011finerek \u201cAcil yard\u0131m ve afet y\u00f6netimi mezunlar\u0131n\u0131n kamuda istihdam edilmesi d\u00fc\u015f\u00fck bir olas\u0131l\u0131k\u201d dedi.&nbsp;TBMM Genel Kurulunda konu\u015fan DEVA Partisi Genel Ba\u015fkan Yard\u0131mc\u0131s\u0131 ve Mersin Milletvekili Mehmet Emin Ekmen, son [&hellip;]<\/p>\n","protected":false},"author":2,"featured_media":40577,"comment_status":"closed","ping_status":"closed","sticky":false,"template":"","format":"standard","meta":{"footnotes":""},"categories":[3],"tags":[],"class_list":["post-40605","post","type-post","status-publish","format-standard","has-post-thumbnail","hentry","category-manset"],"views":3,"_links":{"self":[{"href":"https:\/\/mersinkadingazetesi.com\/index.php?rest_route=\/wp\/v2\/posts\/40605"}],"collection":[{"href":"https:\/\/mersinkadingazetesi.com\/index.php?rest_route=\/wp\/v2\/posts"}],"about":[{"href":"https:\/\/mersinkadingazetesi.com\/index.php?rest_route=\/wp\/v2\/types\/post"}],"author":[{"embeddable":true,"href":"https:\/\/mersinkadingazetesi.com\/index.php?rest_route=\/wp\/v2\/users\/2"}],"replies":[{"embeddable":true,"href":"https:\/\/mersinkadingazetesi.com\/index.php?rest_route=%2Fwp%2Fv2%2Fcomments&post=40605"}],"version-history":[{"count":1,"href":"https:\/\/mersinkadingazetesi.com\/index.php?rest_route=\/wp\/v2\/posts\/40605\/revisions"}],"predecessor-version":[{"id":40606,"href":"https:\/\/mersinkadingazetesi.com\/index.php?rest_route=\/wp\/v2\/posts\/40605\/revisions\/40606"}],"wp:featuredmedia":[{"embeddable":true,"href":"https:\/\/mersinkadingazetesi.com\/index.php?rest_route=\/wp\/v2\/media\/40577"}],"wp:attachment":[{"href":"https:\/\/mersinkadingazetesi.com\/index.php?rest_route=%2Fwp%2Fv2%2Fmedia&parent=40605"}],"wp:term":[{"taxonomy":"category","embeddable":true,"href":"https:\/\/mersinkadingazetesi.com\/index.php?rest_route=%2Fwp%2Fv2%2Fcategories&post=40605"},{"taxonomy":"post_tag","embeddable":true,"href":"https:\/\/mersinkadingazetesi.com\/index.php?rest_route=%2Fwp%2Fv2%2Ftags&post=40605"}],"curies":[{"name":"wp","href":"https:\/\/api.w.org\/{rel}","templated":true}]}}