{"id":40607,"date":"2025-03-11T12:32:49","date_gmt":"2025-03-11T09:32:49","guid":{"rendered":"https:\/\/mersinkadingazetesi.com\/?p=40607"},"modified":"2025-03-11T12:32:50","modified_gmt":"2025-03-11T09:32:50","slug":"chpli-gulcan-kis-suriyedeki-insanlik-suclarina-sessiz-kalmayacagiz","status":"publish","type":"post","link":"https:\/\/mersinkadingazetesi.com\/?p=40607","title":{"rendered":"CHP&#8217;li G\u00fclcan K\u0131\u015f: &#8220;Suriye&#8217;deki \u0130nsanl\u0131k Su\u00e7lar\u0131na Sessiz Kalmayaca\u011f\u0131z!&#8221;"},"content":{"rendered":"\n<p>Cumhuriyet Halk Partisi (CHP) Mersin Milletvekili G\u00fclcan K\u0131\u015f, CHP Genel Ba\u015fkan\u0131 \u00d6zg\u00fcr \u00d6zel&#8217;in g\u00f6revlendirmesiyle CHP heyetiyle birlikte Hatay&#8217;a gelerek s\u0131n\u0131r hatt\u0131nda incelemelerde bulundu. Lazkiye, Tartus ve Hama gibi kentlerde ya\u015fanan mezhep temelli sald\u0131r\u0131lara ili\u015fkin vatanda\u015flardan bilgi alan G\u00fclcan K\u0131\u015f, Samanda\u011f&#8217;da halka hitap etti.<\/p>\n\n\n\n<p><strong>&#8220;Buradaki her vatanda\u015f\u0131m\u0131z\u0131n Suriye&#8217;de bir akrabas\u0131 var&#8221;<\/strong><strong><\/strong><\/p>\n\n\n\n<p>Arsuz, Defne ve Samanda\u011f il\u00e7elerinde yurtta\u015flarla bir araya gelen CHP&#8217;li G\u00fclcan K\u0131\u015f, b\u00f6lge halk\u0131n\u0131n endi\u015felerine dikkat \u00e7ekerek,&nbsp;&#8220;Buradaki her vatanda\u015f\u0131m\u0131z\u0131n Suriye&#8217;de bir akrabas\u0131 var. Anneleri, babalar\u0131, karde\u015fleri, evlatlar\u0131 orada ya\u015f\u0131yor ve her an \u00f6l\u00fcm haberlerini bekliyorlar. Kar\u015f\u0131la\u015ft\u0131klar\u0131 muamele insanl\u0131k d\u0131\u015f\u0131d\u0131r&#8221;&nbsp;dedi.<\/p>\n\n\n\n<p>S\u0131n\u0131r hatt\u0131nda yapt\u0131klar\u0131 incelemelere de\u011finen G\u00fclcan K\u0131\u015f, Suriye&#8217;de ya\u015fanan vah\u015fetin her ge\u00e7en g\u00fcn derinle\u015fti\u011fine dikkat \u00e7ekerek,&nbsp;&#8220;Bize ula\u015fan bilgiler ve g\u00f6r\u00fcnt\u00fcler korkun\u00e7. Suriye&#8217;de Alevilere y\u00f6nelik katliamlar, insan haklar\u0131 ihlalleri, toplu infazlar, zorla g\u00f6\u00e7 ettirme giri\u015fimleri ayyuka \u00e7\u0131km\u0131\u015f durumda. Bu ya\u015fananlar a\u00e7\u0131k\u00e7a bir insanl\u0131\u011fa kar\u015f\u0131 su\u00e7tur ve uluslararas\u0131 hukukun ihlalidir&#8221;&nbsp;ifadelerini kulland\u0131.<\/p>\n\n\n\n<p><strong>&#8220;\u0130ktidar\u0131n G\u00f6zleri K\u00f6r, Kulaklar\u0131 Sa\u011f\u0131r&#8221;<\/strong><strong><\/strong><\/p>\n\n\n\n<p>Samanda\u011f&#8217;da toplanan kalabal\u0131\u011fa seslenen CHP Mersin Milletvekili G\u00fclcan K\u0131\u015f, iktidar\u0131n bu katliamlar kar\u015f\u0131s\u0131nda sessiz kalmas\u0131n\u0131 sert bir dille ele\u015ftirdi.&nbsp;&#8220;Cumhuriyet Halk Partisi heyeti olarak biz buraday\u0131z. Ac\u0131y\u0131 ya\u015fayan vatanda\u015flar\u0131m\u0131zla, sevdiklerini kaybeden insanlarla yan yanay\u0131z. Peki iktidar nerede? \u0130ktidar yetkilileri neredeler? G\u00f6zleri k\u00f6r, kulaklar\u0131 sa\u011f\u0131r! G\u00f6rmek istemiyorlar, duymak istemiyorlar&#8221;&nbsp;diyerek tepkisini dile getirdi.<\/p>\n\n\n\n<p>Suriye&#8217;de ya\u015fanan katliamlar\u0131n T\u00fcrkiye&#8217;ye etkisini vurgulayan CHP&#8217;li G\u00fclcan K\u0131\u015f,&nbsp;&#8220;Yan\u0131 ba\u015f\u0131m\u0131zda bir vah\u015fet ya\u015fan\u0131yor. Yap\u0131lmas\u0131 gereken, al\u0131nmas\u0131 gereken \u00f6nlemler var ama iktidar bunlar\u0131 g\u00f6rmek istemiyor. Oysa Suriye&#8217;de bar\u0131\u015f sa\u011flanmadan T\u00fcrkiye&#8217;de de huzur ve bar\u0131\u015f\u0131n sa\u011flanmas\u0131 m\u00fcmk\u00fcn de\u011fildir&#8221;&nbsp;dedi.<\/p>\n\n\n\n<p><strong>&#8220;Uluslararas\u0131 Kamuoyu Harekete Ge\u00e7meli&#8221;<\/strong><strong><\/strong><\/p>\n\n\n\n<p>AKP iktidar\u0131n\u0131n bu katliamlar kar\u015f\u0131s\u0131nda sessiz kalmas\u0131n\u0131 ele\u015ftiren G\u00fclcan K\u0131\u015f,&nbsp;&#8220;Uluslararas\u0131 insan haklar\u0131 \u00f6rg\u00fctlerinin soyk\u0131r\u0131m olarak de\u011ferlendirdi\u011fi bu vah\u015feti, AKP iktidar\u0131 yaln\u0131zca &#8216;b\u00f6lgede ya\u015fanan geli\u015fmeler&#8217; olarak nitelendiriyor. Bu hepimizi derinden yaralamaktad\u0131r. Bu bir insanl\u0131k su\u00e7udur, bir etnik temizli\u011fe d\u00f6n\u00fc\u015fmektedir&#8221;&nbsp;ifadelerini kulland\u0131.<\/p>\n\n\n\n<p>CHP&#8217;li G\u00fclcan K\u0131\u015f, CHP heyetinin Hatay&#8217;daki incelemeleri sonucunda bir rapor haz\u0131rlayacaklar\u0131n\u0131 ve bunu kamuoyuyla payla\u015facaklar\u0131n\u0131 belirtti.&nbsp;&#8220;Biz burada sadece Hatayl\u0131lar\u0131n de\u011fil, Mersin&#8217;in, Adana&#8217;n\u0131n, T\u00fcrkiye&#8217;nin d\u00f6rt bir yan\u0131ndaki yurtta\u015flar\u0131m\u0131z\u0131n sesi olmak i\u00e7in buraday\u0131z. S\u0131n\u0131rda yapt\u0131\u011f\u0131m\u0131z incelemeler ve vatanda\u015flar\u0131m\u0131zdan ald\u0131\u011f\u0131m\u0131z bilgileri bir rapor haline getirerek hem kamuoyuyla hem de uluslararas\u0131 kurulu\u015flarla payla\u015faca\u011f\u0131z&#8221;&nbsp;dedi.<\/p>\n\n\n\n<p><strong>&#8220;Bu Vah\u015feti G\u00f6r\u00fcn, Gerekli \u00d6nlemleri Al\u0131n!&#8221;<\/strong><strong><\/strong><\/p>\n\n\n\n<p>Suriye&#8217;de ya\u015fanan mezhep temelli sald\u0131r\u0131lar\u0131n yaln\u0131zca Suriye halk\u0131 i\u00e7in de\u011fil, t\u00fcm b\u00f6lgenin bar\u0131\u015f ve huzuru i\u00e7in b\u00fcy\u00fck bir tehdit olu\u015fturdu\u011funu vurgulayan CHP Mersin Milletvekili G\u00fclcan K\u0131\u015f,&nbsp;&#8220;Biz CHP olarak bu olay\u0131n takip\u00e7isiyiz ve uluslararas\u0131 toplumu bu insanl\u0131k su\u00e7lar\u0131na kar\u015f\u0131 harekete ge\u00e7meye \u00e7a\u011f\u0131r\u0131yoruz. AKP iktidar\u0131 tarafgir d\u0131\u015f politikas\u0131n\u0131 bir kenara b\u0131rakmal\u0131, iyi ili\u015fkiler i\u00e7erisinde oldu\u011funu iddia etti\u011fi \u015eam y\u00f6netimiyle derhal diyalog kurmal\u0131 ve bu vah\u015feti durdurmal\u0131d\u0131r&#8221;&nbsp;dedi.<\/p>\n\n\n\n<p>Konu\u015fmas\u0131n\u0131 dayan\u0131\u015fma mesaj\u0131yla tamamlayan CHP&#8217;li G\u00fclcan K\u0131\u015f,&nbsp;&#8220;Burada hepimiz ac\u0131y\u0131 y\u00fcre\u011fimizde hissediyoruz ama unutmay\u0131n ki yaln\u0131z de\u011filsiniz. Cumhuriyet Halk Partisi olarak her zaman yan\u0131n\u0131zda olaca\u011f\u0131z&#8221;&nbsp;ifadelerini kulland\u0131.<\/p>\n\n\n\n<p><\/p>\n","protected":false},"excerpt":{"rendered":"<p>Cumhuriyet Halk Partisi (CHP) Mersin Milletvekili G\u00fclcan K\u0131\u015f, CHP Genel Ba\u015fkan\u0131 \u00d6zg\u00fcr \u00d6zel&#8217;in g\u00f6revlendirmesiyle CHP heyetiyle birlikte Hatay&#8217;a gelerek s\u0131n\u0131r hatt\u0131nda incelemelerde bulundu. Lazkiye, Tartus ve Hama gibi kentlerde ya\u015fanan mezhep temelli sald\u0131r\u0131lara ili\u015fkin vatanda\u015flardan bilgi alan G\u00fclcan K\u0131\u015f, Samanda\u011f&#8217;da halka hitap etti. &#8220;Buradaki her vatanda\u015f\u0131m\u0131z\u0131n Suriye&#8217;de bir akrabas\u0131 var&#8221; Arsuz, Defne ve Samanda\u011f il\u00e7elerinde [&hellip;]<\/p>\n","protected":false},"author":2,"featured_media":40608,"comment_status":"closed","ping_status":"closed","sticky":false,"template":"","format":"standard","meta":{"footnotes":""},"categories":[8,1,2,3],"tags":[],"class_list":["post-40607","post","type-post","status-publish","format-standard","has-post-thumbnail","hentry","category-ekonomi","category-genel","category-gundem","category-manset"],"views":5,"_links":{"self":[{"href":"https:\/\/mersinkadingazetesi.com\/index.php?rest_route=\/wp\/v2\/posts\/40607"}],"collection":[{"href":"https:\/\/mersinkadingazetesi.com\/index.php?rest_route=\/wp\/v2\/posts"}],"about":[{"href":"https:\/\/mersinkadingazetesi.com\/index.php?rest_route=\/wp\/v2\/types\/post"}],"author":[{"embeddable":true,"href":"https:\/\/mersinkadingazetesi.com\/index.php?rest_route=\/wp\/v2\/users\/2"}],"replies":[{"embeddable":true,"href":"https:\/\/mersinkadingazetesi.com\/index.php?rest_route=%2Fwp%2Fv2%2Fcomments&post=40607"}],"version-history":[{"count":1,"href":"https:\/\/mersinkadingazetesi.com\/index.php?rest_route=\/wp\/v2\/posts\/40607\/revisions"}],"predecessor-version":[{"id":40609,"href":"https:\/\/mersinkadingazetesi.com\/index.php?rest_route=\/wp\/v2\/posts\/40607\/revisions\/40609"}],"wp:featuredmedia":[{"embeddable":true,"href":"https:\/\/mersinkadingazetesi.com\/index.php?rest_route=\/wp\/v2\/media\/40608"}],"wp:attachment":[{"href":"https:\/\/mersinkadingazetesi.com\/index.php?rest_route=%2Fwp%2Fv2%2Fmedia&parent=40607"}],"wp:term":[{"taxonomy":"category","embeddable":true,"href":"https:\/\/mersinkadingazetesi.com\/index.php?rest_route=%2Fwp%2Fv2%2Fcategories&post=40607"},{"taxonomy":"post_tag","embeddable":true,"href":"https:\/\/mersinkadingazetesi.com\/index.php?rest_route=%2Fwp%2Fv2%2Ftags&post=40607"}],"curies":[{"name":"wp","href":"https:\/\/api.w.org\/{rel}","templated":true}]}}